{"id":3330,"date":"2014-02-26T09:10:09","date_gmt":"2014-02-26T07:10:09","guid":{"rendered":"https:\/\/urbincasa.es\/blog\/?p=3330"},"modified":"2015-06-25T17:41:25","modified_gmt":"2015-06-25T15:41:25","slug":"destacamos-casa-en-venta-a-estrenar-en-cartagena","status":"publish","type":"post","link":"https:\/\/urbincasa.es\/blog\/2014\/02\/destacamos-casa-en-venta-a-estrenar-en-cartagena\/","title":{"rendered":"Destacamos: Casa a estrenar en Cartagena (venta)"},"content":{"rendered":"<div id=\"bsf_rt_marker\"><\/div><p>En esta ocasi\u00f3n nuestro compa\u00f1eros de la <a href=\"http:\/\/www.urbincasa.es\" target=\"_blank\">inmobiliaria de Cartagena UrbincasaShop<\/a> nos traen una casa en venta.<\/p>\n<p>El piso en cuesti\u00f3n es de 2009 pero se encuentra en <strong>perfectas condiciones<\/strong>, tiene buenos acabados\u00a0y est\u00e1 a estrenar en Cartagena.<\/p>\n<p><strong>\u00bfPor qu\u00e9 la destacamos?<\/strong><\/p>\n<p>&#8211; <span style=\"text-decoration: underline;\">La ubicaci\u00f3n<\/span>: Ram\u00f3n y Cajal es una de la calles del ensanche de Cartagena. Se trata de una zona muy bien comunicada con el centro y con las salidas a la autov\u00eda. Adem\u00e1s, es una <strong>zona residencial muy tranquila<\/strong> y concretamente este edificio tiene una plaza donde disfrutar con los m\u00e1s peque\u00f1os.<\/p>\n<p>&#8211; <span style=\"text-decoration: underline;\">Tama\u00f1o:<\/span> Es un piso de tama\u00f1o medio, para los que no quieren tener espacio desperdiciado. Con 2 habitaciones y 1 ba\u00f1o en unos <strong>100 metros cuadrados<\/strong> es perfecto para parejas que no necesitan m\u00e1s habitaciones pero que s\u00ed quieren espacio.<\/p>\n<p>&#8211; <span style=\"text-decoration: underline;\">Acabados<\/span>: La casa cuenta con acabados modernos que se pueden observar en las puertas de roble, climalit y los armarios empotrados en los dormitorios.<\/p>\n<p>&#8211; <span style=\"text-decoration: underline;\">Amueblada<\/span>: Adem\u00e1s de los acabados, los <strong>muebles son modernos<\/strong> y est\u00e1n en perfectas condiciones. Las l\u00edneas rectas y el color madera en el sal\u00f3n nos permiten personalizar totalmente la estancia sin tener que cambiar el mobiliario.<\/p>\n<p>&#8211; <span style=\"text-decoration: underline;\">Cocina:<\/span> Est\u00e1 impecable y cuenta con el <strong>equipamiento necesario para entrar a vivir<\/strong> (horno, lavavajillas, microondas&#8230;) y todo en acabados acero. El estilo, como en el resto de la casa, es moderno y funcional.<\/p>\n<p>&#8211; <span style=\"text-decoration: underline;\">Extras:<\/span> La vivienda cuenta con suelos de m\u00e1rmol,\u00a0<strong>plaza de garaje y trastero<\/strong> y tiene la preinstalaci\u00f3n del aire acondicionado.<\/p>\n<div id='gallery-1' class='gallery galleryid-3330 gallery-columns-3 gallery-size-thumbnail'><figure class='gallery-item'>\n\t\t\t<div class='gallery-icon landscape'>\n\t\t\t\t<a href='https:\/\/urbincasa.es\/blog\/2014\/02\/destacamos-casa-en-venta-a-estrenar-en-cartagena\/im000474-jpg\/'><img loading=\"lazy\" decoding=\"async\" width=\"150\" height=\"150\" src=\"https:\/\/urbincasa.es\/blog\/wp-content\/uploads\/2014\/02\/inmobiliaria-cartagena-1-150x150.jpg\" class=\"attachment-thumbnail size-thumbnail\" alt=\"venta a estrenar en cartagena\" aria-describedby=\"gallery-1-3334\" \/><\/a>\n\t\t\t<\/div>\n\t\t\t\t<figcaption class='wp-caption-text gallery-caption' id='gallery-1-3334'>\n\t\t\t\tSal\u00f3n\n\t\t\t\t<\/figcaption><\/figure><figure class='gallery-item'>\n\t\t\t<div class='gallery-icon landscape'>\n\t\t\t\t<a href='https:\/\/urbincasa.es\/blog\/2014\/02\/destacamos-casa-en-venta-a-estrenar-en-cartagena\/im000474-jpg-2\/'><img loading=\"lazy\" decoding=\"async\" width=\"150\" height=\"150\" src=\"https:\/\/urbincasa.es\/blog\/wp-content\/uploads\/2014\/02\/inmobiliaria-cartagena-2-150x150.jpg\" class=\"attachment-thumbnail size-thumbnail\" alt=\"venta a estrenar en cartagena\" aria-describedby=\"gallery-1-3335\" \/><\/a>\n\t\t\t<\/div>\n\t\t\t\t<figcaption class='wp-caption-text gallery-caption' id='gallery-1-3335'>\n\t\t\t\tCocina\n\t\t\t\t<\/figcaption><\/figure><figure class='gallery-item'>\n\t\t\t<div class='gallery-icon landscape'>\n\t\t\t\t<a href='https:\/\/urbincasa.es\/blog\/2014\/02\/destacamos-casa-en-venta-a-estrenar-en-cartagena\/im000474-jpg-3\/'><img loading=\"lazy\" decoding=\"async\" width=\"150\" height=\"150\" src=\"https:\/\/urbincasa.es\/blog\/wp-content\/uploads\/2014\/02\/inmobiliaria-cartagena-3-150x150.jpg\" class=\"attachment-thumbnail size-thumbnail\" alt=\"venta a estrenar en cartagena\" aria-describedby=\"gallery-1-3336\" \/><\/a>\n\t\t\t<\/div>\n\t\t\t\t<figcaption class='wp-caption-text gallery-caption' id='gallery-1-3336'>\n\t\t\t\tfrontal de la cocina\n\t\t\t\t<\/figcaption><\/figure><figure class='gallery-item'>\n\t\t\t<div class='gallery-icon landscape'>\n\t\t\t\t<a href='https:\/\/urbincasa.es\/blog\/2014\/02\/destacamos-casa-en-venta-a-estrenar-en-cartagena\/im000487-jpg\/'><img loading=\"lazy\" decoding=\"async\" width=\"150\" height=\"150\" src=\"https:\/\/urbincasa.es\/blog\/wp-content\/uploads\/2014\/02\/inmobiliaria-cartagena-4-150x150.jpg\" class=\"attachment-thumbnail size-thumbnail\" alt=\"venta a estrenar en cartagena\" aria-describedby=\"gallery-1-3337\" \/><\/a>\n\t\t\t<\/div>\n\t\t\t\t<figcaption class='wp-caption-text gallery-caption' id='gallery-1-3337'>\n\t\t\t\tBa\u00f1o \n\t\t\t\t<\/figcaption><\/figure><figure class='gallery-item'>\n\t\t\t<div class='gallery-icon landscape'>\n\t\t\t\t<a href='https:\/\/urbincasa.es\/blog\/2014\/02\/destacamos-casa-en-venta-a-estrenar-en-cartagena\/im000509-jpg\/'><img loading=\"lazy\" decoding=\"async\" width=\"150\" height=\"150\" src=\"https:\/\/urbincasa.es\/blog\/wp-content\/uploads\/2014\/02\/inmobiliaria-cartagena-6-150x150.jpg\" class=\"attachment-thumbnail size-thumbnail\" alt=\"venta a estrenar en cartagena\" aria-describedby=\"gallery-1-3339\" \/><\/a>\n\t\t\t<\/div>\n\t\t\t\t<figcaption class='wp-caption-text gallery-caption' id='gallery-1-3339'>\n\t\t\t\tPlaza \n\t\t\t\t<\/figcaption><\/figure><figure class='gallery-item'>\n\t\t\t<div class='gallery-icon landscape'>\n\t\t\t\t<a href='https:\/\/urbincasa.es\/blog\/2014\/02\/destacamos-casa-en-venta-a-estrenar-en-cartagena\/im000493-jpg\/'><img loading=\"lazy\" decoding=\"async\" width=\"150\" height=\"150\" src=\"https:\/\/urbincasa.es\/blog\/wp-content\/uploads\/2014\/02\/inmobiliaria-cartagena-5-150x150.jpg\" class=\"attachment-thumbnail size-thumbnail\" alt=\"venta a estrenar en cartagena\" aria-describedby=\"gallery-1-3338\" \/><\/a>\n\t\t\t<\/div>\n\t\t\t\t<figcaption class='wp-caption-text gallery-caption' id='gallery-1-3338'>\n\t\t\t\tHabitaci\u00f3n\n\t\t\t\t<\/figcaption><\/figure><figure class='gallery-item'>\n\t\t\t<div class='gallery-icon landscape'>\n\t\t\t\t<a href='https:\/\/urbincasa.es\/blog\/2014\/02\/destacamos-casa-en-venta-a-estrenar-en-cartagena\/im000474-jpg-4\/'><img loading=\"lazy\" decoding=\"async\" width=\"150\" height=\"150\" src=\"https:\/\/urbincasa.es\/blog\/wp-content\/uploads\/2014\/02\/inmobiliaria-cartagena-150x150.jpg\" class=\"attachment-thumbnail size-thumbnail\" alt=\"venta a estrenar en cartagena\" aria-describedby=\"gallery-1-3340\" \/><\/a>\n\t\t\t<\/div>\n\t\t\t\t<figcaption class='wp-caption-text gallery-caption' id='gallery-1-3340'>\n\t\t\t\tSal\u00f3n luminoso\n\t\t\t\t<\/figcaption><\/figure>\n\t\t<\/div>\n\n<p><a title=\"Piso en Ram\u00f3n y Cajal Cartagena\" href=\"https:\/\/urbincasa.es\/inmobiliaria\/es\/viviendas\/4\/cartagena-playas\/piso-2-dormitorios-ramon-cajal\/3716-001984\/?fuente=a0eD000000EyAelIAF\" target=\"_blank\"><strong>Puedes pedir m\u00e1s informaci\u00f3n y concertar una visita a la vivienda aqu\u00ed<\/strong><\/a><\/p>\n<p>Puedes ver <a title=\"casas en Cartagena\" href=\"https:\/\/urbincasa.es\/blog\/category\/viviendas-cartagena\/\" target=\"_blank\">otras casas destacadas en Cartagena<\/a><\/p>\n<p><a title=\"Busca tu nuevo hogar en Cartagena\" href=\"https:\/\/urbincasa.es\/inmobiliaria\/es\/viviendas\/4\" target=\"_blank\"><img loading=\"lazy\" decoding=\"async\" class=\"aligncenter size-full wp-image-1609\" alt=\"alquilar en cartagena\" src=\"https:\/\/urbincasa.es\/blog\/wp-content\/uploads\/2013\/04\/alquiler.png\" width=\"262\" height=\"89\" \/><\/a><\/p>\n","protected":false},"excerpt":{"rendered":"<p>En esta ocasi\u00f3n nuestro compa\u00f1eros de la inmobiliaria de Cartagena UrbincasaShop nos traen una casa en venta. El piso en cuesti\u00f3n es de 2009 pero se encuentra en perfectas condiciones, tiene buenos acabados\u00a0y est\u00e1 a estrenar en Cartagena. \u00bfPor qu\u00e9 la destacamos? &#8211; La ubicaci\u00f3n: Ram\u00f3n y Cajal es una de la calles del ensanche [&hellip;]<\/p>\n","protected":false},"author":3,"featured_media":3340,"comment_status":"open","ping_status":"open","sticky":false,"template":"","format":"standard","meta":{"footnotes":""},"categories":[281,23],"tags":[35,241,412,570,305,138],"class_list":["post-3330","post","type-post","status-publish","format-standard","has-post-thumbnail","hentry","category-urbincasashop","category-viviendas-cartagena","tag-cartagena","tag-casas","tag-compra","tag-inmoboliaria","tag-venta","tag-vivienda"],"_links":{"self":[{"href":"https:\/\/urbincasa.es\/blog\/wp-json\/wp\/v2\/posts\/3330","targetHints":{"allow":["GET"]}}],"collection":[{"href":"https:\/\/urbincasa.es\/blog\/wp-json\/wp\/v2\/posts"}],"about":[{"href":"https:\/\/urbincasa.es\/blog\/wp-json\/wp\/v2\/types\/post"}],"author":[{"embeddable":true,"href":"https:\/\/urbincasa.es\/blog\/wp-json\/wp\/v2\/users\/3"}],"replies":[{"embeddable":true,"href":"https:\/\/urbincasa.es\/blog\/wp-json\/wp\/v2\/comments?post=3330"}],"version-history":[{"count":9,"href":"https:\/\/urbincasa.es\/blog\/wp-json\/wp\/v2\/posts\/3330\/revisions"}],"predecessor-version":[{"id":3344,"href":"https:\/\/urbincasa.es\/blog\/wp-json\/wp\/v2\/posts\/3330\/revisions\/3344"}],"wp:featuredmedia":[{"embeddable":true,"href":"https:\/\/urbincasa.es\/blog\/wp-json\/wp\/v2\/media\/3340"}],"wp:attachment":[{"href":"https:\/\/urbincasa.es\/blog\/wp-json\/wp\/v2\/media?parent=3330"}],"wp:term":[{"taxonomy":"category","embeddable":true,"href":"https:\/\/urbincasa.es\/blog\/wp-json\/wp\/v2\/categories?post=3330"},{"taxonomy":"post_tag","embeddable":true,"href":"https:\/\/urbincasa.es\/blog\/wp-json\/wp\/v2\/tags?post=3330"}],"curies":[{"name":"wp","href":"https:\/\/api.w.org\/{rel}","templated":true}]}}