{"id":3409,"date":"2014-03-12T09:05:16","date_gmt":"2014-03-12T07:05:16","guid":{"rendered":"https:\/\/urbincasa.es\/blog\/?p=3409"},"modified":"2015-06-25T17:41:12","modified_gmt":"2015-06-25T15:41:12","slug":"destacamos-casa-en-san-felix-cartagena","status":"publish","type":"post","link":"https:\/\/urbincasa.es\/blog\/2014\/03\/destacamos-casa-en-san-felix-cartagena\/","title":{"rendered":"Destacamos: Casa en San F\u00e9lix (Cartagena)"},"content":{"rendered":"<div id=\"bsf_rt_marker\"><\/div><p>Esta semana os traemos una casa con amplias zonas exteriores, cuatro dormitorios, en una zona muy tranquila y con acabados muy modernos. <!--more--><\/p>\n<p>En el noreste del municipio de Cartagena se encuentra la diputaci\u00f3n de <strong>San F\u00e9lix<\/strong>, una zona totalmente integrada con el casco urbano que en la pr\u00e1ctica se ha convertido en un barrio m\u00e1s de la ciudad.<\/p>\n<p>Esta casa en San F\u00e9lix nos la env\u00edan nuestros compa\u00f1eros de la <a title=\"Inmobiliaria en Cartagena \" href=\"http:\/\/www.urbincasashop.com\" target=\"_blank\">inmobiliaria de Cartagena<\/a> y se trata de una vivienda de planta baja reformada y que cuenta con <strong>acabados modernos<\/strong> como por ejemplo, las puertas lacadas en blanco.<\/p>\n<p><strong>\u00bfPor qu\u00e9 la destacamos?<\/strong><\/p>\n<p>&#8211; <span style=\"text-decoration: underline;\">Plata baja<\/span>: Si eres de los que no quieren vivir en un piso y disfrutas estando a pie de calle te encantar\u00e1 esta vivienda.<\/p>\n<p>&#8211; <span style=\"text-decoration: underline;\">Espacio exterior<\/span>: En Cartagena nos gusta disfrutar del buen tiempo y tener unos buenos espacios exteriores son un desahogo y se pueden aprovechar durante muchos meses del a\u00f1o. Esta <strong>casa en San F\u00e9lix tiene un jard\u00edn de\u00a010 metros y\u00a0un patio de 24 metros<\/strong> con barbacoa y toldos.<\/p>\n<p>&#8211; <span style=\"text-decoration: underline;\">Tama\u00f1o<\/span>: Adem\u00e1s de los espacios exteriores tambi\u00e9n es amplia en su interior, la casa tiene <strong>4 dormitorios y 2 ba\u00f1os <\/strong>y un sal\u00f3n de 30 metros cuadrados.<\/p>\n<p>&#8211; <span style=\"text-decoration: underline;\">Cocina<\/span>: La cocina, adem\u00e1s de tener un dise\u00f1o muy moderno y ser espaciosa, tiene salida directa al patio.<\/p>\n<p>&#8211; <span style=\"text-decoration: underline;\">Acabados y extras:<\/span> Suelos de tarima, dos aparatos de aire acondicionado, armarios empotrados, ropero, mosquiteras y toldos adem\u00e1s de trastero y plaza de garaje para dos veh\u00edculos.<\/p>\n<p>Se vende sin muebles, pero con la cocina totalmente amueblada sin electrodom\u00e9sticos.<\/p>\n<div id='gallery-1' class='gallery galleryid-3409 gallery-columns-3 gallery-size-thumbnail'><figure class='gallery-item'>\n\t\t\t<div class='gallery-icon landscape'>\n\t\t\t\t<a href='https:\/\/urbincasa.es\/blog\/2014\/03\/destacamos-casa-en-san-felix-cartagena\/casa-en-san-felix\/'><img loading=\"lazy\" decoding=\"async\" width=\"150\" height=\"150\" src=\"https:\/\/urbincasa.es\/blog\/wp-content\/uploads\/2014\/02\/casa-en-san-felix-150x150.jpg\" class=\"attachment-thumbnail size-thumbnail\" alt=\"casa en san felix cartagena\" aria-describedby=\"gallery-1-3424\" \/><\/a>\n\t\t\t<\/div>\n\t\t\t\t<figcaption class='wp-caption-text gallery-caption' id='gallery-1-3424'>\n\t\t\t\tEntrada \n\t\t\t\t<\/figcaption><\/figure><figure class='gallery-item'>\n\t\t\t<div class='gallery-icon landscape'>\n\t\t\t\t<a href='https:\/\/urbincasa.es\/blog\/2014\/03\/destacamos-casa-en-san-felix-cartagena\/casa-en-san-felix-2\/'><img loading=\"lazy\" decoding=\"async\" width=\"150\" height=\"150\" src=\"https:\/\/urbincasa.es\/blog\/wp-content\/uploads\/2014\/02\/casa-en-san-felix-2-150x150.jpg\" class=\"attachment-thumbnail size-thumbnail\" alt=\"casa en san felix cartagena\" aria-describedby=\"gallery-1-3418\" \/><\/a>\n\t\t\t<\/div>\n\t\t\t\t<figcaption class='wp-caption-text gallery-caption' id='gallery-1-3418'>\n\t\t\t\tAmplio sal\u00f3n\n\t\t\t\t<\/figcaption><\/figure><figure class='gallery-item'>\n\t\t\t<div class='gallery-icon portrait'>\n\t\t\t\t<a href='https:\/\/urbincasa.es\/blog\/2014\/03\/destacamos-casa-en-san-felix-cartagena\/casa-en-san-felix-4\/'><img loading=\"lazy\" decoding=\"async\" width=\"150\" height=\"150\" src=\"https:\/\/urbincasa.es\/blog\/wp-content\/uploads\/2014\/02\/casa-en-san-felix-4-150x150.jpg\" class=\"attachment-thumbnail size-thumbnail\" alt=\"casa en san felix cartagena\" aria-describedby=\"gallery-1-3420\" \/><\/a>\n\t\t\t<\/div>\n\t\t\t\t<figcaption class='wp-caption-text gallery-caption' id='gallery-1-3420'>\n\t\t\t\tCocina moderna\n\t\t\t\t<\/figcaption><\/figure><figure class='gallery-item'>\n\t\t\t<div class='gallery-icon portrait'>\n\t\t\t\t<a href='https:\/\/urbincasa.es\/blog\/2014\/03\/destacamos-casa-en-san-felix-cartagena\/casa-en-san-felix-8\/'><img loading=\"lazy\" decoding=\"async\" width=\"150\" height=\"150\" src=\"https:\/\/urbincasa.es\/blog\/wp-content\/uploads\/2014\/02\/casa-en-san-felix-8-150x150.jpg\" class=\"attachment-thumbnail size-thumbnail\" alt=\"casa en san felix cartagena\" \/><\/a>\n\t\t\t<\/div><\/figure><figure class='gallery-item'>\n\t\t\t<div class='gallery-icon portrait'>\n\t\t\t\t<a href='https:\/\/urbincasa.es\/blog\/2014\/03\/destacamos-casa-en-san-felix-cartagena\/casa-en-san-felix-6\/'><img loading=\"lazy\" decoding=\"async\" width=\"150\" height=\"150\" src=\"https:\/\/urbincasa.es\/blog\/wp-content\/uploads\/2014\/02\/casa-en-san-felix-6-150x150.jpg\" class=\"attachment-thumbnail size-thumbnail\" alt=\"casa en san felix cartagena\" \/><\/a>\n\t\t\t<\/div><\/figure><figure class='gallery-item'>\n\t\t\t<div class='gallery-icon landscape'>\n\t\t\t\t<a href='https:\/\/urbincasa.es\/blog\/2014\/03\/destacamos-casa-en-san-felix-cartagena\/casa-en-san-felix-3\/'><img loading=\"lazy\" decoding=\"async\" width=\"150\" height=\"150\" src=\"https:\/\/urbincasa.es\/blog\/wp-content\/uploads\/2014\/02\/casa-en-san-felix-3-150x150.jpg\" class=\"attachment-thumbnail size-thumbnail\" alt=\"casa en san felix cartagena\" \/><\/a>\n\t\t\t<\/div><\/figure><figure class='gallery-item'>\n\t\t\t<div class='gallery-icon landscape'>\n\t\t\t\t<a href='https:\/\/urbincasa.es\/blog\/2014\/03\/destacamos-casa-en-san-felix-cartagena\/casa-en-san-felix-7\/'><img loading=\"lazy\" decoding=\"async\" width=\"150\" height=\"150\" src=\"https:\/\/urbincasa.es\/blog\/wp-content\/uploads\/2014\/02\/casa-en-san-felix-7-150x150.jpg\" class=\"attachment-thumbnail size-thumbnail\" alt=\"casa en san felix cartagena\" aria-describedby=\"gallery-1-3422\" \/><\/a>\n\t\t\t<\/div>\n\t\t\t\t<figcaption class='wp-caption-text gallery-caption' id='gallery-1-3422'>\n\t\t\t\tPatio interior\n\t\t\t\t<\/figcaption><\/figure>\n\t\t<\/div>\n\n<p><strong><a href=\"http:\/\/www.urbincasa.es\/inmobiliaria\/es\/viviendas\/4\/cartagena-playas\/planta-baja-4-dormitorios-san-felix\/3716-002495\/?fuente=a0eD000000EyAelIAF\" target=\"_blank\">Puedes pedir informaci\u00f3n y ver el anuncio aqu\u00ed<\/a><\/strong><\/p>\n<p><a title=\"Casas en Cartagena\" href=\"https:\/\/urbincasa.es\/blog\/category\/viviendas-cartagena\/\" target=\"_blank\">Puedes ver otras casas destacadas en Cartagena aqu\u00ed<\/a><\/p>\n<p><a href=\"https:\/\/urbincasa.es\/blog\/wp-content\/uploads\/2013\/04\/alquiler.png\"><img loading=\"lazy\" decoding=\"async\" class=\"aligncenter size-full wp-image-1609\" alt=\"alquilar en cartagena\" src=\"https:\/\/urbincasa.es\/blog\/wp-content\/uploads\/2013\/04\/alquiler.png\" width=\"262\" height=\"89\" \/><\/a><\/p>\n","protected":false},"excerpt":{"rendered":"<p>Esta semana os traemos una casa con amplias zonas exteriores, cuatro dormitorios, en una zona muy tranquila y con acabados muy modernos.<\/p>\n","protected":false},"author":3,"featured_media":3424,"comment_status":"open","ping_status":"open","sticky":false,"template":"","format":"standard","meta":{"footnotes":""},"categories":[281,23],"tags":[35,241,294,488,305],"class_list":["post-3409","post","type-post","status-publish","format-standard","has-post-thumbnail","hentry","category-urbincasashop","category-viviendas-cartagena","tag-cartagena","tag-casas","tag-inmobiliaria","tag-planta-baja","tag-venta"],"_links":{"self":[{"href":"https:\/\/urbincasa.es\/blog\/wp-json\/wp\/v2\/posts\/3409","targetHints":{"allow":["GET"]}}],"collection":[{"href":"https:\/\/urbincasa.es\/blog\/wp-json\/wp\/v2\/posts"}],"about":[{"href":"https:\/\/urbincasa.es\/blog\/wp-json\/wp\/v2\/types\/post"}],"author":[{"embeddable":true,"href":"https:\/\/urbincasa.es\/blog\/wp-json\/wp\/v2\/users\/3"}],"replies":[{"embeddable":true,"href":"https:\/\/urbincasa.es\/blog\/wp-json\/wp\/v2\/comments?post=3409"}],"version-history":[{"count":18,"href":"https:\/\/urbincasa.es\/blog\/wp-json\/wp\/v2\/posts\/3409\/revisions"}],"predecessor-version":[{"id":3747,"href":"https:\/\/urbincasa.es\/blog\/wp-json\/wp\/v2\/posts\/3409\/revisions\/3747"}],"wp:featuredmedia":[{"embeddable":true,"href":"https:\/\/urbincasa.es\/blog\/wp-json\/wp\/v2\/media\/3424"}],"wp:attachment":[{"href":"https:\/\/urbincasa.es\/blog\/wp-json\/wp\/v2\/media?parent=3409"}],"wp:term":[{"taxonomy":"category","embeddable":true,"href":"https:\/\/urbincasa.es\/blog\/wp-json\/wp\/v2\/categories?post=3409"},{"taxonomy":"post_tag","embeddable":true,"href":"https:\/\/urbincasa.es\/blog\/wp-json\/wp\/v2\/tags?post=3409"}],"curies":[{"name":"wp","href":"https:\/\/api.w.org\/{rel}","templated":true}]}}