{"id":3488,"date":"2014-03-26T09:30:44","date_gmt":"2014-03-26T07:30:44","guid":{"rendered":"https:\/\/urbincasa.es\/blog\/?p=3488"},"modified":"2015-06-25T17:40:59","modified_gmt":"2015-06-25T15:40:59","slug":"cartagena-destacamos-duplex-en-venta","status":"publish","type":"post","link":"https:\/\/urbincasa.es\/blog\/2014\/03\/cartagena-destacamos-duplex-en-venta\/","title":{"rendered":"Destacamos: D\u00faplex en venta. 5 habitaciones por 103.000 euros"},"content":{"rendered":"<div id=\"bsf_rt_marker\"><\/div><p>Seguimos con la l\u00ednea marcada con nuestra anterior <strong>casa destacada<\/strong>. Os traemos una amplia vivienda con muchos dormitorios y fuera del casco hist\u00f3rico. Si necesitas espacio y quieres tranquilidad te interesa.\u00a0<!--more--><\/p>\n<p>Como decimos, nuestro equipo de <strong>UrbincasaShop<\/strong> siguen trayendo esta semana, igual que <a title=\"Ver la casa destacada en San F\u00e9lix\" href=\"https:\/\/urbincasa.es\/blog\/2014\/03\/destacamos-casa-en-san-felix-cartagena\/\" target=\"_blank\">la anterior ocasi\u00f3n<\/a>, una amplia\u00a0casa destacada. Esta semana nos vamos a la zona de la media sala, a 10 minutos en coche al centro de Cartagena y con una<strong> excelente conexi\u00f3n con la autov\u00eda<\/strong>.\u00a0Esta zona puede ser una gran opci\u00f3n para los que, por ejemplo, tienen que coger todos los d\u00edas la A-30 hac\u00eda Murcia, Torre Pacheco o Fuente \u00c1lamo.<\/p>\n<p><strong>\u00bfPor qu\u00e9 destacamos esta vivienda?<\/strong><\/p>\n<p>&#8211; <span style=\"text-decoration: underline;\">La luz<\/span>: la luminosidad es una de las caracter\u00edstica que m\u00e1s nos gusta en una vivienda. La luz natural llena de alegr\u00eda las estancias y adem\u00e1s ayudan al ahorro de energ\u00eda.<\/p>\n<p>&#8211; <span style=\"text-decoration: underline;\">El espacio<\/span>: Este d\u00faplex en venta tiene 5 dormitorios y 2 ba\u00f1os. La falta de espacio no ser\u00e1 un problema en esta vivienda ya que adem\u00e1s del n\u00famero de dormitorios, la vivienda cuenta en total con una superficie amplia: 120 metros cuadrados.<\/p>\n<p>&#8211; <span style=\"text-decoration: underline;\">Equipamiento<\/span>: la vivienda cuenta con tendedero, aire acondicionado y con una cocina completamente equipada.<\/p>\n<p>&#8211; <span style=\"text-decoration: underline;\">Cochera<\/span>: La vivienda cuenta con vivienda particular cerrada. Siempre es una tranquilidad y una comodidad tener el veh\u00edculo bajo techo.<\/p>\n<p>&#8211; <span style=\"text-decoration: underline;\">El precio<\/span>: Es obvio que el precio de la vivienda est\u00e1 muy ajustado. Ahora mismo los due\u00f1os tienen puesto este <strong>d\u00faplex en venta en poco m\u00e1s de 100.000 euros<\/strong>. Una aut\u00e9ntica oportunidad para los que est\u00e9n buscando una vivienda de estas caracter\u00edsticas<\/p>\n<div id='gallery-1' class='gallery galleryid-3488 gallery-columns-3 gallery-size-thumbnail'><figure class='gallery-item'>\n\t\t\t<div class='gallery-icon landscape'>\n\t\t\t\t<a href='https:\/\/urbincasa.es\/blog\/2014\/03\/cartagena-destacamos-duplex-en-venta\/duplex-en-venta-en-cartagena\/'><img loading=\"lazy\" decoding=\"async\" width=\"150\" height=\"150\" src=\"https:\/\/urbincasa.es\/blog\/wp-content\/uploads\/2014\/03\/duplex-en-venta-en-cartagena-150x150.jpg\" class=\"attachment-thumbnail size-thumbnail\" alt=\"duplex en venta en cartagena\" \/><\/a>\n\t\t\t<\/div><\/figure><figure class='gallery-item'>\n\t\t\t<div class='gallery-icon landscape'>\n\t\t\t\t<a href='https:\/\/urbincasa.es\/blog\/2014\/03\/cartagena-destacamos-duplex-en-venta\/duplex-en-venta-en-cartagena-8\/'><img loading=\"lazy\" decoding=\"async\" width=\"150\" height=\"150\" src=\"https:\/\/urbincasa.es\/blog\/wp-content\/uploads\/2014\/03\/duplex-en-venta-en-cartagena-8-150x150.jpg\" class=\"attachment-thumbnail size-thumbnail\" alt=\"duplex en venta en cartagena\" \/><\/a>\n\t\t\t<\/div><\/figure><figure class='gallery-item'>\n\t\t\t<div class='gallery-icon landscape'>\n\t\t\t\t<a href='https:\/\/urbincasa.es\/blog\/2014\/03\/cartagena-destacamos-duplex-en-venta\/duplex-en-venta-en-cartagena-6\/'><img loading=\"lazy\" decoding=\"async\" width=\"150\" height=\"150\" src=\"https:\/\/urbincasa.es\/blog\/wp-content\/uploads\/2014\/03\/duplex-en-venta-en-cartagena-6-150x150.jpg\" class=\"attachment-thumbnail size-thumbnail\" alt=\"duplex en venta en cartagena\" \/><\/a>\n\t\t\t<\/div><\/figure><figure class='gallery-item'>\n\t\t\t<div class='gallery-icon landscape'>\n\t\t\t\t<a href='https:\/\/urbincasa.es\/blog\/2014\/03\/cartagena-destacamos-duplex-en-venta\/duplex-en-venta-en-cartagena-5\/'><img loading=\"lazy\" decoding=\"async\" width=\"150\" height=\"150\" src=\"https:\/\/urbincasa.es\/blog\/wp-content\/uploads\/2014\/03\/duplex-en-venta-en-cartagena-5-150x150.jpg\" class=\"attachment-thumbnail size-thumbnail\" alt=\"duplex en venta en cartagena\" \/><\/a>\n\t\t\t<\/div><\/figure><figure class='gallery-item'>\n\t\t\t<div class='gallery-icon landscape'>\n\t\t\t\t<a href='https:\/\/urbincasa.es\/blog\/2014\/03\/cartagena-destacamos-duplex-en-venta\/duplex-en-venta-en-cartagena-4\/'><img loading=\"lazy\" decoding=\"async\" width=\"150\" height=\"150\" src=\"https:\/\/urbincasa.es\/blog\/wp-content\/uploads\/2014\/03\/duplex-en-venta-en-cartagena-4-150x150.jpg\" class=\"attachment-thumbnail size-thumbnail\" alt=\"duplex en venta en cartagena\" \/><\/a>\n\t\t\t<\/div><\/figure><figure class='gallery-item'>\n\t\t\t<div class='gallery-icon landscape'>\n\t\t\t\t<a href='https:\/\/urbincasa.es\/blog\/2014\/03\/cartagena-destacamos-duplex-en-venta\/duplex-en-venta-en-cartagena-3\/'><img loading=\"lazy\" decoding=\"async\" width=\"150\" height=\"150\" src=\"https:\/\/urbincasa.es\/blog\/wp-content\/uploads\/2014\/03\/duplex-en-venta-en-cartagena-3-150x150.jpg\" class=\"attachment-thumbnail size-thumbnail\" alt=\"duplex en venta en cartagena\" \/><\/a>\n\t\t\t<\/div><\/figure><figure class='gallery-item'>\n\t\t\t<div class='gallery-icon landscape'>\n\t\t\t\t<a href='https:\/\/urbincasa.es\/blog\/2014\/03\/cartagena-destacamos-duplex-en-venta\/duplex-en-venta-en-cartagena-1\/'><img loading=\"lazy\" decoding=\"async\" width=\"150\" height=\"150\" src=\"https:\/\/urbincasa.es\/blog\/wp-content\/uploads\/2014\/03\/duplex-en-venta-en-cartagena-1-150x150.jpg\" class=\"attachment-thumbnail size-thumbnail\" alt=\"duplex en venta en cartagena\" \/><\/a>\n\t\t\t<\/div><\/figure>\n\t\t<\/div>\n\n<h2><a href=\"https:\/\/urbincasa.es\/inmobiliaria\/es\/viviendas\/4\/cartagena-playas\/duplex-media-sala\/3716-002402\/?fuente=a0eD000000EyAelIAF\" target=\"_blank\"><strong>Puedes ver el anuncio completo y pedir informaci\u00f3n aqu\u00ed<\/strong><\/a><\/h2>\n<p><a title=\"Casas en Cartagena\" href=\"https:\/\/urbincasa.es\/blog\/category\/viviendas-cartagena\/\" target=\"_blank\">Puedes ver otras casas destacadas en Cartagena<\/a><\/p>\n<p style=\"text-align: center;\"><a href=\"https:\/\/urbincasa.es\/inmobiliaria\/es\/viviendas\/4\"><img loading=\"lazy\" decoding=\"async\" class=\"aligncenter size-full wp-image-1609\" alt=\"alquilar en cartagena\" src=\"https:\/\/urbincasa.es\/blog\/wp-content\/uploads\/2013\/04\/alquiler.png\" width=\"262\" height=\"89\" \/><\/a><\/p>\n","protected":false},"excerpt":{"rendered":"<p>Seguimos con la l\u00ednea marcada con nuestra anterior casa destacada. Os traemos una amplia vivienda con muchos dormitorios y fuera del casco hist\u00f3rico. Si necesitas espacio y quieres tranquilidad te interesa.\u00a0<\/p>\n","protected":false},"author":3,"featured_media":3492,"comment_status":"open","ping_status":"open","sticky":false,"template":"","format":"standard","meta":{"footnotes":""},"categories":[281,23],"tags":[35,294,350,305,138],"class_list":["post-3488","post","type-post","status-publish","format-standard","has-post-thumbnail","hentry","category-urbincasashop","category-viviendas-cartagena","tag-cartagena","tag-inmobiliaria","tag-oportunidad","tag-venta","tag-vivienda"],"_links":{"self":[{"href":"https:\/\/urbincasa.es\/blog\/wp-json\/wp\/v2\/posts\/3488","targetHints":{"allow":["GET"]}}],"collection":[{"href":"https:\/\/urbincasa.es\/blog\/wp-json\/wp\/v2\/posts"}],"about":[{"href":"https:\/\/urbincasa.es\/blog\/wp-json\/wp\/v2\/types\/post"}],"author":[{"embeddable":true,"href":"https:\/\/urbincasa.es\/blog\/wp-json\/wp\/v2\/users\/3"}],"replies":[{"embeddable":true,"href":"https:\/\/urbincasa.es\/blog\/wp-json\/wp\/v2\/comments?post=3488"}],"version-history":[{"count":12,"href":"https:\/\/urbincasa.es\/blog\/wp-json\/wp\/v2\/posts\/3488\/revisions"}],"predecessor-version":[{"id":3506,"href":"https:\/\/urbincasa.es\/blog\/wp-json\/wp\/v2\/posts\/3488\/revisions\/3506"}],"wp:featuredmedia":[{"embeddable":true,"href":"https:\/\/urbincasa.es\/blog\/wp-json\/wp\/v2\/media\/3492"}],"wp:attachment":[{"href":"https:\/\/urbincasa.es\/blog\/wp-json\/wp\/v2\/media?parent=3488"}],"wp:term":[{"taxonomy":"category","embeddable":true,"href":"https:\/\/urbincasa.es\/blog\/wp-json\/wp\/v2\/categories?post=3488"},{"taxonomy":"post_tag","embeddable":true,"href":"https:\/\/urbincasa.es\/blog\/wp-json\/wp\/v2\/tags?post=3488"}],"curies":[{"name":"wp","href":"https:\/\/api.w.org\/{rel}","templated":true}]}}