{"id":3724,"date":"2014-06-23T10:09:46","date_gmt":"2014-06-23T08:09:46","guid":{"rendered":"https:\/\/urbincasa.es\/blog\/?p=3724"},"modified":"2014-06-04T11:52:43","modified_gmt":"2014-06-04T09:52:43","slug":"la-mar-de-musicas-2014","status":"publish","type":"post","link":"https:\/\/urbincasa.es\/blog\/2014\/06\/la-mar-de-musicas-2014\/","title":{"rendered":"La mar de m\u00fasicas 2014"},"content":{"rendered":"<div id=\"bsf_rt_marker\"><\/div><p>Llega el verano y en Cartagena empezamos a pensar, entre otras cosas, en la programaci\u00f3n del <a title=\"Julio suena a La mar de M\u00fasicas\" href=\"https:\/\/urbincasa.es\/blog\/2013\/07\/julio-suena-a-la-mar-de-musicas\/\" target=\"_blank\"><strong>festival de La Mar de M\u00fasicas<\/strong>.<!--more--> <\/a><\/p>\n<p>En 2014 el <strong>pa\u00eds invitado es Noruega<\/strong> y por ello, descubriremos un poco m\u00e1s su literatura, su cine, su arte y por supuesto su m\u00fasica.<\/p>\n<p>El mes de Julio, estemos de vacaciones o no, muchos cartageneros se pasan el mes entre <a href=\"https:\/\/urbincasa.es\/inmobiliaria\/es\/promociones\/3\/manga\/vina-mar\/14\/?fuente=CDBlog\" target=\"_blank\">La Manga<\/a> y los conciertos de La Mar de M\u00fasicas.<\/p>\n<p><strong>Artistas<\/strong><\/p>\n<p>Dentro del especial de Noruega, escucharemos a <a href=\"http:\/\/www.lamardemusicas.com\/2014\/ficha_artistas.asp?id=67\" target=\"_blank\">Thomas Dybdahl<\/a>, <a href=\"http:\/\/www.lamardemusicas.com\/2014\/ficha_artistas.asp?id=61\" target=\"_blank\">Nils Petter Molvaer<\/a>\u00a0o <a href=\"http:\/\/www.lamardemusicas.com\/2014\/ficha_artistas.asp?id=65\" target=\"_blank\">Ane Brun<\/a> entre otros pero tendremos muchos m\u00e1s conciertos en los diferentes escenarios que componen el festival y por supuesto, una gran programaci\u00f3n de <strong>conciertos gratuitos<\/strong> centralizados en la Plaza del Ayuntamiento.<\/p>\n<p><a style=\"font-style: normal; line-height: 24.375px; text-decoration: underline;\" href=\"https:\/\/urbincasa.es\/blog\/wp-content\/uploads\/2014\/06\/mardemusicas14.jpg\"><img loading=\"lazy\" decoding=\"async\" class=\"size-medium wp-image-3736 alignleft\" style=\"border-color: #bbbbbb; margin-top: 0.4em; background: #eeeeee;\" alt=\"mar de musicas rozalen\" src=\"https:\/\/urbincasa.es\/blog\/wp-content\/uploads\/2014\/06\/mardemusicas14-300x225.jpg\" width=\"300\" height=\"225\" srcset=\"https:\/\/urbincasa.es\/blog\/wp-content\/uploads\/2014\/06\/mardemusicas14-300x225.jpg 300w, https:\/\/urbincasa.es\/blog\/wp-content\/uploads\/2014\/06\/mardemusicas14-1024x770.jpg 1024w, https:\/\/urbincasa.es\/blog\/wp-content\/uploads\/2014\/06\/mardemusicas14-398x300.jpg 398w, https:\/\/urbincasa.es\/blog\/wp-content\/uploads\/2014\/06\/mardemusicas14-900x677.jpg 900w, https:\/\/urbincasa.es\/blog\/wp-content\/uploads\/2014\/06\/mardemusicas14.jpg 1600w\" sizes=\"auto, (max-width: 300px) 100vw, 300px\" \/><\/a><\/p>\n<p>Entre los artistas que podremos disfrutar sin pagar entrada se encuentran Rozalen, La Chiva Gantiva (\u00fanico concierto en Espa\u00f1a) o Crudo Pimento.<\/p>\n<p>En el programa m\u00e1s comercial de este mar de m\u00fasicas 2014, destacan nombres como la propia Rozalen, Amaral, los puertorrique\u00f1os <strong>Calle 13 o Russian Red<\/strong>.<\/p>\n<p><strong>Escenarios<\/strong><\/p>\n<p>Si est\u00e1s empezando a organizar tu propia agenda de asistencia para la mar de m\u00fasicas, lo primero que tienes que tener claro es que los conciertos se llevan a cabo en ocho escenarios distintos:<\/p>\n<p>&#8211; El Auditorio de El Batel<\/p>\n<p>&#8211; Auditorio de El Parque Torres<\/p>\n<p>&#8211; Castillo \u00c1rabe<\/p>\n<p>&#8211; La Catedral<\/p>\n<p>&#8211; El paseo del puerto<\/p>\n<p>&#8211; Plaza del Ayuntamiento, Plaza del Icue y Plaza San Francisco &#8211; Conciertos gratuitos.<\/p>\n<p><strong>Descargar<a href=\"http:\/\/www.lamardemusicas.com\/gestion\/documentos\/1202.pdf\" target=\"_blank\"> PROGRAMA<\/a><\/strong><\/p>\n<p style=\"text-align: center;\"><a href=\"https:\/\/urbincasa.es\/blog\/category\/vivir-en-cartagena\/\" target=\"_blank\"><img loading=\"lazy\" decoding=\"async\" class=\"aligncenter  wp-image-2834\" alt=\"VIVIR EN CARTAGENA\" src=\"https:\/\/urbincasa.es\/blog\/wp-content\/uploads\/2013\/12\/VIVIRENCARTAGENA-300x150.png\" width=\"240\" height=\"120\" srcset=\"https:\/\/urbincasa.es\/blog\/wp-content\/uploads\/2013\/12\/VIVIRENCARTAGENA-300x150.png 300w, https:\/\/urbincasa.es\/blog\/wp-content\/uploads\/2013\/12\/VIVIRENCARTAGENA.png 400w\" sizes=\"auto, (max-width: 240px) 100vw, 240px\" \/><\/a><\/p>\n","protected":false},"excerpt":{"rendered":"<p>Llega el verano y en Cartagena empezamos a pensar, entre otras cosas, en la programaci\u00f3n del festival de La Mar de M\u00fasicas.<\/p>\n","protected":false},"author":3,"featured_media":3725,"comment_status":"open","ping_status":"open","sticky":false,"template":"","format":"standard","meta":{"footnotes":""},"categories":[247],"tags":[35,517,518,371],"class_list":["post-3724","post","type-post","status-publish","format-standard","has-post-thumbnail","hentry","category-vivir-en-cartagena","tag-cartagena","tag-festivale","tag-musicas","tag-programa"],"_links":{"self":[{"href":"https:\/\/urbincasa.es\/blog\/wp-json\/wp\/v2\/posts\/3724","targetHints":{"allow":["GET"]}}],"collection":[{"href":"https:\/\/urbincasa.es\/blog\/wp-json\/wp\/v2\/posts"}],"about":[{"href":"https:\/\/urbincasa.es\/blog\/wp-json\/wp\/v2\/types\/post"}],"author":[{"embeddable":true,"href":"https:\/\/urbincasa.es\/blog\/wp-json\/wp\/v2\/users\/3"}],"replies":[{"embeddable":true,"href":"https:\/\/urbincasa.es\/blog\/wp-json\/wp\/v2\/comments?post=3724"}],"version-history":[{"count":15,"href":"https:\/\/urbincasa.es\/blog\/wp-json\/wp\/v2\/posts\/3724\/revisions"}],"predecessor-version":[{"id":3741,"href":"https:\/\/urbincasa.es\/blog\/wp-json\/wp\/v2\/posts\/3724\/revisions\/3741"}],"wp:featuredmedia":[{"embeddable":true,"href":"https:\/\/urbincasa.es\/blog\/wp-json\/wp\/v2\/media\/3725"}],"wp:attachment":[{"href":"https:\/\/urbincasa.es\/blog\/wp-json\/wp\/v2\/media?parent=3724"}],"wp:term":[{"taxonomy":"category","embeddable":true,"href":"https:\/\/urbincasa.es\/blog\/wp-json\/wp\/v2\/categories?post=3724"},{"taxonomy":"post_tag","embeddable":true,"href":"https:\/\/urbincasa.es\/blog\/wp-json\/wp\/v2\/tags?post=3724"}],"curies":[{"name":"wp","href":"https:\/\/api.w.org\/{rel}","templated":true}]}}