{"id":3742,"date":"2014-06-30T12:11:08","date_gmt":"2014-06-30T10:11:08","guid":{"rendered":"https:\/\/urbincasa.es\/blog\/?p=3742"},"modified":"2015-02-26T19:45:13","modified_gmt":"2015-02-26T17:45:13","slug":"la-manga-un-lugar-unico-en-el-mundo","status":"publish","type":"post","link":"https:\/\/urbincasa.es\/blog\/2014\/06\/la-manga-un-lugar-unico-en-el-mundo\/","title":{"rendered":"La Manga, un lugar \u00fanico en el mundo"},"content":{"rendered":"<div id=\"bsf_rt_marker\"><\/div><p><img loading=\"lazy\" decoding=\"async\" class=\"alignleft  wp-image-3750\" alt=\"La Manga\" src=\"https:\/\/urbincasa.es\/blog\/wp-content\/uploads\/2014\/06\/La-Manga-300x198.jpg\" width=\"231\" height=\"153\" srcset=\"https:\/\/urbincasa.es\/blog\/wp-content\/uploads\/2014\/06\/La-Manga-300x198.jpg 300w, https:\/\/urbincasa.es\/blog\/wp-content\/uploads\/2014\/06\/La-Manga-1024x678.jpg 1024w, https:\/\/urbincasa.es\/blog\/wp-content\/uploads\/2014\/06\/La-Manga-452x300.jpg 452w, https:\/\/urbincasa.es\/blog\/wp-content\/uploads\/2014\/06\/La-Manga-900x596.jpg 900w\" sizes=\"auto, (max-width: 231px) 100vw, 231px\" \/><\/p>\n<p><strong>La Manga del Mar Menor<\/strong> es\u00a0una lengua de tierra con dos mares, a un lado el Mediterr\u00e1neo y por otro, la laguna salada m\u00e1s grande de Europa:<strong> el mar menor<\/strong>. Hoy os vamos a presentar el <strong>para\u00edso natural<\/strong> que tenemos cerca de Cartagena.<!--more--><\/p>\n<p>Esta zona tur\u00edstica se caracteriza por las grandes diferencias de los dos mares. El mar menor es una laguna salada con poca profundidad y sin mareas ni olas por lo que es perfecto para las<strong> personas mayores y los ni\u00f1os<\/strong>. Adem\u00e1s, su concentraci\u00f3n salina hace que sea m\u00e1s f\u00e1cil nadar y que sea el mejor lugar para tomar el sol y \u00abcoger color\u00bb m\u00e1s r\u00e1pido.<\/p>\n<p><img loading=\"lazy\" decoding=\"async\" class=\"wp-image-3757 alignright\" alt=\"la manga\" src=\"https:\/\/urbincasa.es\/blog\/wp-content\/uploads\/2014\/06\/ayto-cartagena-5-300x200.jpg\" width=\"180\" height=\"120\" srcset=\"https:\/\/urbincasa.es\/blog\/wp-content\/uploads\/2014\/06\/ayto-cartagena-5-300x200.jpg 300w, https:\/\/urbincasa.es\/blog\/wp-content\/uploads\/2014\/06\/ayto-cartagena-5-1024x682.jpg 1024w, https:\/\/urbincasa.es\/blog\/wp-content\/uploads\/2014\/06\/ayto-cartagena-5-450x300.jpg 450w, https:\/\/urbincasa.es\/blog\/wp-content\/uploads\/2014\/06\/ayto-cartagena-5-900x600.jpg 900w, https:\/\/urbincasa.es\/blog\/wp-content\/uploads\/2014\/06\/ayto-cartagena-5.jpg 1200w\" sizes=\"auto, (max-width: 180px) 100vw, 180px\" \/><\/p>\n<p>El Mediterr\u00e1neo por contra, es un mar m\u00e1s profundo, un poco m\u00e1s fresquito y que nos regala d\u00edas con olas en las que disfrutar del ba\u00f1o y de los <strong>deportes acu\u00e1ticos.<\/strong><\/p>\n<p>Adem\u00e1s de paddlesurf, kitesurf, vela, pirag\u00fcismo o wakeboard por poner algunos ejemplos, el mar de La Manga y en\u00a0<a title=\"Casas en Cabo de Palos\" href=\"https:\/\/urbincasa.es\/inmobiliaria\/es\/promociones\/3\/cabo-palos\/drizas\/11\" target=\"_blank\">Cabo de Palos<\/a>\u00a0una de las m\u00e1s recomendables actividades son\u00a0<strong>el buceo y el submarinismo. <\/strong>La zona est\u00e1 en buena parte protegida por la variedad y riqueza de la fauna y flora de los preciosos fondos marinos.<\/p>\n<p>Durante los a\u00f1os 70 La Manga se desarroll\u00f3 urban\u00edsticamente y a d\u00eda de hoy sigue siendo uno de los <strong>destinos favoritos de los espa\u00f1oles<\/strong> que siguen buscando un\u00a0apartamento en La Manga\u00a0para pasar sus vacaciones en la playa.<\/p>\n<p>Sin embargo, son muchos los que han decidido\u00a0\u00a0durante todo el a\u00f1o. La mayor\u00eda de ellos presume de que se ba\u00f1a un m\u00ednimo de 10 meses al a\u00f1o. Un privilegio sin el que aseguran no sabr\u00edan vivir.<\/p>\n<p><strong><a href=\"http:\/\/www.cartagenaturismo.es\/files\/61-62-DOC_FICHERO1\/disfrutaraseldoble.pdf\" target=\"_blank\">Descarga Folletos Tur\u00edsticos de La Manga<\/a><\/strong><\/p>\n<p><a href=\"https:\/\/urbincasa.es\/blog\/category\/vivir-en-cartagena\/\" target=\"_blank\"><img loading=\"lazy\" decoding=\"async\" class=\"wp-image-2834 alignleft\" alt=\"VIVIR EN CARTAGENA\" src=\"https:\/\/urbincasa.es\/blog\/wp-content\/uploads\/2013\/12\/VIVIRENCARTAGENA-300x150.png\" width=\"240\" height=\"120\" srcset=\"https:\/\/urbincasa.es\/blog\/wp-content\/uploads\/2013\/12\/VIVIRENCARTAGENA-300x150.png 300w, https:\/\/urbincasa.es\/blog\/wp-content\/uploads\/2013\/12\/VIVIRENCARTAGENA.png 400w\" sizes=\"auto, (max-width: 240px) 100vw, 240px\" \/><\/a><\/p>\n","protected":false},"excerpt":{"rendered":"<p>La Manga del Mar Menor es\u00a0una lengua de tierra con dos mares, a un lado el Mediterr\u00e1neo y por otro, la laguna salada m\u00e1s grande de Europa: el mar menor. Hoy os vamos a presentar el para\u00edso natural que tenemos cerca de Cartagena.<\/p>\n","protected":false},"author":3,"featured_media":3758,"comment_status":"open","ping_status":"open","sticky":false,"template":"","format":"standard","meta":{"footnotes":""},"categories":[247],"tags":[35,362,267],"class_list":["post-3742","post","type-post","status-publish","format-standard","has-post-thumbnail","hentry","category-vivir-en-cartagena","tag-cartagena","tag-la-manga","tag-naturaleza"],"_links":{"self":[{"href":"https:\/\/urbincasa.es\/blog\/wp-json\/wp\/v2\/posts\/3742","targetHints":{"allow":["GET"]}}],"collection":[{"href":"https:\/\/urbincasa.es\/blog\/wp-json\/wp\/v2\/posts"}],"about":[{"href":"https:\/\/urbincasa.es\/blog\/wp-json\/wp\/v2\/types\/post"}],"author":[{"embeddable":true,"href":"https:\/\/urbincasa.es\/blog\/wp-json\/wp\/v2\/users\/3"}],"replies":[{"embeddable":true,"href":"https:\/\/urbincasa.es\/blog\/wp-json\/wp\/v2\/comments?post=3742"}],"version-history":[{"count":27,"href":"https:\/\/urbincasa.es\/blog\/wp-json\/wp\/v2\/posts\/3742\/revisions"}],"predecessor-version":[{"id":3774,"href":"https:\/\/urbincasa.es\/blog\/wp-json\/wp\/v2\/posts\/3742\/revisions\/3774"}],"wp:featuredmedia":[{"embeddable":true,"href":"https:\/\/urbincasa.es\/blog\/wp-json\/wp\/v2\/media\/3758"}],"wp:attachment":[{"href":"https:\/\/urbincasa.es\/blog\/wp-json\/wp\/v2\/media?parent=3742"}],"wp:term":[{"taxonomy":"category","embeddable":true,"href":"https:\/\/urbincasa.es\/blog\/wp-json\/wp\/v2\/categories?post=3742"},{"taxonomy":"post_tag","embeddable":true,"href":"https:\/\/urbincasa.es\/blog\/wp-json\/wp\/v2\/tags?post=3742"}],"curies":[{"name":"wp","href":"https:\/\/api.w.org\/{rel}","templated":true}]}}