{"id":3927,"date":"2014-08-25T09:10:11","date_gmt":"2014-08-25T07:10:11","guid":{"rendered":"https:\/\/urbincasa.es\/blog\/?p=3927"},"modified":"2014-09-08T13:42:48","modified_gmt":"2014-09-08T11:42:48","slug":"jovenes-y-vivienda","status":"publish","type":"post","link":"https:\/\/urbincasa.es\/blog\/2014\/08\/jovenes-y-vivienda\/","title":{"rendered":"J\u00f3venes y vivienda \u00bfya no les interesa comprar?"},"content":{"rendered":"<div id=\"bsf_rt_marker\"><\/div><div id=\"nrelate_flyout_placeholder\">\n<p>Tradicionalmente hay tres situaciones que son los que marcan la grand\u00edsima mayor\u00eda de las b\u00fasquedas de una nueva vivienda: <strong>una nueva situaci\u00f3n familiar<\/strong> (independencia, matrimonio, divorcio..), <strong>traslado de trabajo\/estudios\u00a0<\/strong>o<strong> una b\u00fasqueda de mejora<\/strong> (m\u00e1s espacio, m\u00e1s servicios, etc) Siendo la primera de ellas la m\u00e1s com\u00fan.<\/p>\n<p>Teniendo esto en cuenta, es normal deducir que el sector de edad que m\u00e1s movimiento ha tenido en la historia en este aspecto comprende a los llamados <strong>adultos j\u00f3venes<\/strong>, aproximadamente de entre <strong>20 y 30 a\u00f1os<\/strong>.<\/p>\n<p>Sin embargo, la crisis econ\u00f3mica ha afectado incisivamente a los j\u00f3venes que est\u00e1n pasando esta d\u00e9cadas de sus vidas que debe comprender la inserci\u00f3n al mundo laboral, la independencia de la vivienda familiar e incluso el matrimonio o la paternidad.<strong> \u00bfHan dejado entonces de ser el sector que m\u00e1s tiene que decir en la dinamizaci\u00f3n del mercado de la vivienda?\u00bfhan cambiado sus h\u00e1bitos la situaci\u00f3n global?\u00bfLos que compran, buscan lo mismo que hace unos a\u00f1os?<\/strong><\/p>\n<p>El portal Fotocasa ha elaborado un informe llamado\u00a0<a href=\"http:\/\/trends.fotocasa.es\/pdf\/Informe_sociologico.pdf\" target=\"_blank\">Los espa\u00f1oles y su relaci\u00f3n con la vivienda<\/a>, en el que se\u00f1ala que\u00a0<strong>el 44% de los menores de 30 a\u00f1os no se ha independizado de la vivienda familiar <\/strong>cifra que adem\u00e1s<strong>,\u00a0<\/strong>seg\u00fan\u00a0 el\u00a0<a href=\"http:\/\/www.cje.org\/descargas\/cje5222.pdf\" target=\"_blank\">Observatorio de la Emancipaci\u00f3n<\/a>\u00a0del Consejo de la Juventud sigue aumentando.\u00a0Estas cifras coinciden con la disminuci\u00f3n\u00a0de compradores y arrendatarios potenciales en esa franja de edad.<\/p>\n<p><strong>\u00bfEsto significa que a los j\u00f3venes ya no les interesa compra vivienda?<\/strong><\/p>\n<p>Rotundamente NO. La compa\u00f1\u00eda <a href=\"http:\/\/viacelere.es\/blog\/quien-compra-ahora\/\" target=\"_blank\">V\u00eda C\u00e9lere<\/a> concluy\u00f3 que m\u00e1s del 60% de los interesados en comprar vivienda son parejas j\u00f3venes, la mayor\u00eda de ellos con estudios superiores.<\/p>\n<p><a href=\"https:\/\/urbincasa.es\/blog\/wp-content\/uploads\/2014\/08\/compraahora.jpg\" target=\"_blank\"><img loading=\"lazy\" decoding=\"async\" class=\"alignleft size-medium wp-image-3970\" alt=\"j\u00f3venes y vivienda\" src=\"https:\/\/urbincasa.es\/blog\/wp-content\/uploads\/2014\/08\/compraahora-211x300.jpg\" width=\"211\" height=\"300\" srcset=\"https:\/\/urbincasa.es\/blog\/wp-content\/uploads\/2014\/08\/compraahora-211x300.jpg 211w, https:\/\/urbincasa.es\/blog\/wp-content\/uploads\/2014\/08\/compraahora-722x1024.jpg 722w, https:\/\/urbincasa.es\/blog\/wp-content\/uploads\/2014\/08\/compraahora-900x1275.jpg 900w\" sizes=\"auto, (max-width: 211px) 100vw, 211px\" \/><\/a><\/p>\n<p>En el caso de\u00a0<a title=\"inmobiliaria Cartagena\" href=\"http:\/\/www.urbincasa.es\" target=\"_blank\">Urbincasa<\/a>\u00a0tenemos un claro ejemplo en el\u00a0<a title=\"D\u00faplex en Cartagena\" href=\"https:\/\/urbincasa.es\/inmobiliaria\/es\/promociones\/3\/cartagena\/residencial-magnolia\/6\/?fuente=CDBlog\" target=\"_blank\">Residencial Magnolia (Cartagena)<\/a>\u00a0donde precisamente todos los compradores de estos d\u00faplex de obra nueva son parejas j\u00f3venes.<\/p>\n<p>Esta situaci\u00f3n no se contradice con el <strong>aumento de los j\u00f3venes que viven de alquiler<\/strong> y sobre todo, con los que piensan que ser inquilinos es la situaci\u00f3n m\u00e1s c\u00f3moda para su modo de vida: un 22,6% de los j\u00f3venes, muy superior al 7,3% de los mayores de 30 a\u00f1os que elegir\u00eda vivir de alquiler toda su vida.<\/p>\n<p>Seg\u00fan los informes que estamos tomando como referencia sobre j\u00f3venes y vivienda, el 55,8% preferir\u00eda comprar <a href=\"http:\/\/blog.ventadepisos.com\/2014\/actualidad-inmobiliaria\/los-jovenes-no-pueden-comprar-solos\/\" target=\"_blank\">si pudiera<\/a> pero en la actualidad se encuentran con el escollo de que el<strong> 80% necesitar\u00eda solicitar un pr\u00e9stamo de m\u00e1s del 60% del valor de la vivienda<\/strong>.<\/p>\n<p>Como conclusi\u00f3n creemos que los datos m\u00e1s representativos a la hora de valorar si la situaci\u00f3n de lo j\u00f3venes con la vivienda es conyuntural o estructural es que a d\u00eda de hoy, cuando la situaci\u00f3n es complicada y muchos parece que optan por el alquiler, m\u00e1s <strong>del 67% est\u00e1 convencido de que a largo plazo siempre es m\u00e1s rentable comprar<\/strong>\u00a0y un <strong>61,3% cree que una casa es la mejor herencia que puedes dejar a los hijos.<\/strong><\/p>\n<p>&nbsp;<\/p>\n<p><strong><span style=\"text-decoration: underline;\">Quiz\u00e1s te interese:<\/span><\/strong><\/p>\n<p>&#8211; <a title=\"Espa\u00f1a NO es el pa\u00eds europeo con m\u00e1s viviendas en propiedad\" href=\"https:\/\/urbincasa.es\/blog\/2013\/09\/espana-no-es-el-pais-europeo-con-mas-viviendas-en-propiedad\/\" target=\"_blank\">Espa\u00f1a no es el pa\u00eds europeo con m\u00e1s vivienda en propiedad<\/a><\/p>\n<p>&#8211; <a title=\"Para comprar casa\u2026 \u00bfen qu\u00e9 piensan las mujeres?\u00bfy los hombres?\" href=\"https:\/\/urbincasa.es\/blog\/2014\/04\/para-comprar-casa-en-que-piensan-las-mujeres-y-los-hombres\/\" target=\"_blank\">\u00bfPiensan los mismo los hombres y las mujeres a la hora de buscar casa?\u00a0<\/a><\/p>\n<\/div>\n","protected":false},"excerpt":{"rendered":"<p>Tradicionalmente hay tres situaciones que son los que marcan la grand\u00edsima mayor\u00eda de las b\u00fasquedas de una nueva vivienda: una nueva situaci\u00f3n familiar (independencia, matrimonio, divorcio..), traslado de trabajo\/estudios\u00a0o una b\u00fasqueda de mejora (m\u00e1s espacio, m\u00e1s servicios, etc) Siendo la primera de ellas la m\u00e1s com\u00fan. Teniendo esto en cuenta, es normal deducir que el [&hellip;]<\/p>\n","protected":false},"author":3,"featured_media":3975,"comment_status":"open","ping_status":"open","sticky":false,"template":"","format":"standard","meta":{"footnotes":""},"categories":[11],"tags":[297,381,462,525,526,138],"class_list":["post-3927","post","type-post","status-publish","format-standard","has-post-thumbnail","hentry","category-informacion","tag-comprar","tag-datos","tag-espana","tag-jovenes","tag-tendencias","tag-vivienda"],"_links":{"self":[{"href":"https:\/\/urbincasa.es\/blog\/wp-json\/wp\/v2\/posts\/3927","targetHints":{"allow":["GET"]}}],"collection":[{"href":"https:\/\/urbincasa.es\/blog\/wp-json\/wp\/v2\/posts"}],"about":[{"href":"https:\/\/urbincasa.es\/blog\/wp-json\/wp\/v2\/types\/post"}],"author":[{"embeddable":true,"href":"https:\/\/urbincasa.es\/blog\/wp-json\/wp\/v2\/users\/3"}],"replies":[{"embeddable":true,"href":"https:\/\/urbincasa.es\/blog\/wp-json\/wp\/v2\/comments?post=3927"}],"version-history":[{"count":12,"href":"https:\/\/urbincasa.es\/blog\/wp-json\/wp\/v2\/posts\/3927\/revisions"}],"predecessor-version":[{"id":3999,"href":"https:\/\/urbincasa.es\/blog\/wp-json\/wp\/v2\/posts\/3927\/revisions\/3999"}],"wp:featuredmedia":[{"embeddable":true,"href":"https:\/\/urbincasa.es\/blog\/wp-json\/wp\/v2\/media\/3975"}],"wp:attachment":[{"href":"https:\/\/urbincasa.es\/blog\/wp-json\/wp\/v2\/media?parent=3927"}],"wp:term":[{"taxonomy":"category","embeddable":true,"href":"https:\/\/urbincasa.es\/blog\/wp-json\/wp\/v2\/categories?post=3927"},{"taxonomy":"post_tag","embeddable":true,"href":"https:\/\/urbincasa.es\/blog\/wp-json\/wp\/v2\/tags?post=3927"}],"curies":[{"name":"wp","href":"https:\/\/api.w.org\/{rel}","templated":true}]}}