{"id":3931,"date":"2014-08-18T12:00:21","date_gmt":"2014-08-18T10:00:21","guid":{"rendered":"https:\/\/urbincasa.es\/blog\/?p=3931"},"modified":"2014-08-28T11:42:58","modified_gmt":"2014-08-28T09:42:58","slug":"destacamos-atico-en-alicante","status":"publish","type":"post","link":"https:\/\/urbincasa.es\/blog\/2014\/08\/destacamos-atico-en-alicante\/","title":{"rendered":"Destacamos: \u00e1tico en Alicante con vistas y solarium"},"content":{"rendered":"<div id=\"bsf_rt_marker\"><\/div><h1>Nuestros compa\u00f1eros han seleccionado para que os presentemos nuestro \u00c1tico en Alicante,<\/h1>\n<p>y lo entendemos perfectamente porque es una vivienda en d\u00faplex maravillosa que adem\u00e1s, hemos redecorado este verano y que ya estamos ense\u00f1ando a todo el que quiera hacer una visita aprovechando que est\u00e1 por la estupenda playa de San Juan comiendo una paella o d\u00e1ndose un ba\u00f1o.<\/p>\n<p style=\"text-align: center;\"><a href=\"https:\/\/urbincasa.es\/blog\/wp-content\/uploads\/2014\/08\/\u00c1tico-Alborada_00004.jpg\" target=\"_blank\"><img loading=\"lazy\" decoding=\"async\" class=\"size-medium wp-image-3951 aligncenter\" alt=\"\u00e1tico en alicante\" src=\"https:\/\/urbincasa.es\/blog\/wp-content\/uploads\/2014\/08\/\u00c1tico-Alborada_00004-300x168.jpg\" width=\"300\" height=\"168\" srcset=\"https:\/\/urbincasa.es\/blog\/wp-content\/uploads\/2014\/08\/\u00c1tico-Alborada_00004-300x168.jpg 300w, https:\/\/urbincasa.es\/blog\/wp-content\/uploads\/2014\/08\/\u00c1tico-Alborada_00004-1024x576.jpg 1024w, https:\/\/urbincasa.es\/blog\/wp-content\/uploads\/2014\/08\/\u00c1tico-Alborada_00004-500x281.jpg 500w, https:\/\/urbincasa.es\/blog\/wp-content\/uploads\/2014\/08\/\u00c1tico-Alborada_00004-900x506.jpg 900w, https:\/\/urbincasa.es\/blog\/wp-content\/uploads\/2014\/08\/\u00c1tico-Alborada_00004.jpg 1536w\" sizes=\"auto, (max-width: 300px) 100vw, 300px\" \/><\/a><\/p>\n<p><strong>\u00bfPor qu\u00e9 destacamos este \u00e1tico en Alicante?<\/strong><\/p>\n<p>&#8211; Sus <strong>amplias estancias<\/strong> son un valor diferencial ya que muchas viviendas en \u00e1tico tienen pocos metros construidos y\/o habitaciones muy peque\u00f1as haciendo que el propietario tenga que elegir entre amplias terrazas o amplias habitaciones. En este caso no es as\u00ed. La cocina, sal\u00f3n y habitaciones son amplias y luminosas.<\/p>\n<div id='gallery-1' class='gallery galleryid-3931 gallery-columns-3 gallery-size-thumbnail'><figure class='gallery-item'>\n\t\t\t<div class='gallery-icon landscape'>\n\t\t\t\t<a href='https:\/\/urbincasa.es\/blog\/2014\/08\/destacamos-atico-en-alicante\/olympus-digital-camera-21\/'><img loading=\"lazy\" decoding=\"async\" width=\"150\" height=\"150\" src=\"https:\/\/urbincasa.es\/blog\/wp-content\/uploads\/2014\/08\/\u00c1tico-Alborada_00001-150x150.jpg\" class=\"attachment-thumbnail size-thumbnail\" alt=\"\u00e1tico en alicante\" aria-describedby=\"gallery-1-3948\" srcset=\"https:\/\/urbincasa.es\/blog\/wp-content\/uploads\/2014\/08\/\u00c1tico-Alborada_00001-150x150.jpg 150w, https:\/\/urbincasa.es\/blog\/wp-content\/uploads\/2014\/08\/\u00c1tico-Alborada_00001-300x300.jpg 300w\" sizes=\"auto, (max-width: 150px) 100vw, 150px\" \/><\/a>\n\t\t\t<\/div>\n\t\t\t\t<figcaption class='wp-caption-text gallery-caption' id='gallery-1-3948'>\n\t\t\t\tSal\u00f3n comedor\n\t\t\t\t<\/figcaption><\/figure><figure class='gallery-item'>\n\t\t\t<div class='gallery-icon landscape'>\n\t\t\t\t<a href='https:\/\/urbincasa.es\/blog\/2014\/08\/destacamos-atico-en-alicante\/olympus-digital-camera-16\/'><img loading=\"lazy\" decoding=\"async\" width=\"150\" height=\"150\" src=\"https:\/\/urbincasa.es\/blog\/wp-content\/uploads\/2014\/08\/atico-en-alicante-11-150x150.jpg\" class=\"attachment-thumbnail size-thumbnail\" alt=\"\u00e1tico en alicante\" aria-describedby=\"gallery-1-3943\" srcset=\"https:\/\/urbincasa.es\/blog\/wp-content\/uploads\/2014\/08\/atico-en-alicante-11-150x150.jpg 150w, https:\/\/urbincasa.es\/blog\/wp-content\/uploads\/2014\/08\/atico-en-alicante-11-300x300.jpg 300w\" sizes=\"auto, (max-width: 150px) 100vw, 150px\" \/><\/a>\n\t\t\t<\/div>\n\t\t\t\t<figcaption class='wp-caption-text gallery-caption' id='gallery-1-3943'>\n\t\t\t\tCocina\n\t\t\t\t<\/figcaption><\/figure><figure class='gallery-item'>\n\t\t\t<div class='gallery-icon landscape'>\n\t\t\t\t<a href='https:\/\/urbincasa.es\/blog\/2014\/08\/destacamos-atico-en-alicante\/olympus-digital-camera-9\/'><img loading=\"lazy\" decoding=\"async\" width=\"150\" height=\"150\" src=\"https:\/\/urbincasa.es\/blog\/wp-content\/uploads\/2014\/08\/atico-en-alicante-3-150x150.jpg\" class=\"attachment-thumbnail size-thumbnail\" alt=\"\u00e1tico en alicante\" aria-describedby=\"gallery-1-3936\" srcset=\"https:\/\/urbincasa.es\/blog\/wp-content\/uploads\/2014\/08\/atico-en-alicante-3-150x150.jpg 150w, https:\/\/urbincasa.es\/blog\/wp-content\/uploads\/2014\/08\/atico-en-alicante-3-300x300.jpg 300w\" sizes=\"auto, (max-width: 150px) 100vw, 150px\" \/><\/a>\n\t\t\t<\/div>\n\t\t\t\t<figcaption class='wp-caption-text gallery-caption' id='gallery-1-3936'>\n\t\t\t\tSal\u00f3n con salida a la terraza\n\t\t\t\t<\/figcaption><\/figure>\n\t\t<\/div>\n\n<p>&#8211; <strong>Perfectamente equipado<\/strong>. Algunos residenciales en Playa de San Juan est\u00e1n ideados como viviendas de playa (segunda residencia) por lo que no tienen las comodidades y equipamiento necesarios en una primera vivienda. El \u00e1tico de Residencial Alborada es una primera residencia estupenda, con espacio de almacenamiento, cocina equipada, amplia galer\u00eda y una distribuci\u00f3n c\u00f3moda pero que adem\u00e1s est\u00e1 a menos de cinco minutos andando de la playa y bien comunicado con la ciudad de Alicante, un 2&#215;1 genial.<\/p>\n<p>&#8211; Sus tres<strong> dormitorios<\/strong>, todos ellos con armarios empotrados, espacio para dos camas tienen amplias ventanas que llenan de luz natural las estancias. Adem\u00e1s, la colocaci\u00f3n de las ventanas est\u00e1 estudiada para potenciar la <strong>ventilaci\u00f3n cruzada<\/strong> y la aireaci\u00f3n natural de la vivienda.<\/p>\n<div id='gallery-2' class='gallery galleryid-3931 gallery-columns-3 gallery-size-thumbnail'><figure class='gallery-item'>\n\t\t\t<div class='gallery-icon landscape'>\n\t\t\t\t<a href='https:\/\/urbincasa.es\/blog\/2014\/08\/destacamos-atico-en-alicante\/olympus-digital-camera-25\/'><img loading=\"lazy\" decoding=\"async\" width=\"150\" height=\"150\" src=\"https:\/\/urbincasa.es\/blog\/wp-content\/uploads\/2014\/08\/\u00c1tico-Alborada_00005-150x150.jpg\" class=\"attachment-thumbnail size-thumbnail\" alt=\"\u00e1tico en alicante\" aria-describedby=\"gallery-2-3952\" srcset=\"https:\/\/urbincasa.es\/blog\/wp-content\/uploads\/2014\/08\/\u00c1tico-Alborada_00005-150x150.jpg 150w, https:\/\/urbincasa.es\/blog\/wp-content\/uploads\/2014\/08\/\u00c1tico-Alborada_00005-300x300.jpg 300w\" sizes=\"auto, (max-width: 150px) 100vw, 150px\" \/><\/a>\n\t\t\t<\/div>\n\t\t\t\t<figcaption class='wp-caption-text gallery-caption' id='gallery-2-3952'>\n\t\t\t\tDormitorio principal con ba\u00f1o en suite\n\t\t\t\t<\/figcaption><\/figure><figure class='gallery-item'>\n\t\t\t<div class='gallery-icon landscape'>\n\t\t\t\t<a href='https:\/\/urbincasa.es\/blog\/2014\/08\/destacamos-atico-en-alicante\/olympus-digital-camera-23\/'><img loading=\"lazy\" decoding=\"async\" width=\"150\" height=\"150\" src=\"https:\/\/urbincasa.es\/blog\/wp-content\/uploads\/2014\/08\/\u00c1tico-Alborada_00003-150x150.jpg\" class=\"attachment-thumbnail size-thumbnail\" alt=\"\u00e1tico en alicante\" aria-describedby=\"gallery-2-3950\" srcset=\"https:\/\/urbincasa.es\/blog\/wp-content\/uploads\/2014\/08\/\u00c1tico-Alborada_00003-150x150.jpg 150w, https:\/\/urbincasa.es\/blog\/wp-content\/uploads\/2014\/08\/\u00c1tico-Alborada_00003-300x300.jpg 300w\" sizes=\"auto, (max-width: 150px) 100vw, 150px\" \/><\/a>\n\t\t\t<\/div>\n\t\t\t\t<figcaption class='wp-caption-text gallery-caption' id='gallery-2-3950'>\n\t\t\t\tDormitorio 2 \n\t\t\t\t<\/figcaption><\/figure><figure class='gallery-item'>\n\t\t\t<div class='gallery-icon landscape'>\n\t\t\t\t<a href='https:\/\/urbincasa.es\/blog\/2014\/08\/destacamos-atico-en-alicante\/olympus-digital-camera-18\/'><img loading=\"lazy\" decoding=\"async\" width=\"150\" height=\"150\" src=\"https:\/\/urbincasa.es\/blog\/wp-content\/uploads\/2014\/08\/atico-en-alicante-13-150x150.jpg\" class=\"attachment-thumbnail size-thumbnail\" alt=\"\u00e1tico en alicante\" aria-describedby=\"gallery-2-3945\" srcset=\"https:\/\/urbincasa.es\/blog\/wp-content\/uploads\/2014\/08\/atico-en-alicante-13-150x150.jpg 150w, https:\/\/urbincasa.es\/blog\/wp-content\/uploads\/2014\/08\/atico-en-alicante-13-300x300.jpg 300w\" sizes=\"auto, (max-width: 150px) 100vw, 150px\" \/><\/a>\n\t\t\t<\/div>\n\t\t\t\t<figcaption class='wp-caption-text gallery-caption' id='gallery-2-3945'>\n\t\t\t\tDormitorio 3\n\t\t\t\t<\/figcaption><\/figure>\n\t\t<\/div>\n\n<p>&#8211; Uno de los grandes valores de este \u00e1tico en Alicante es que cuenta con un ampl\u00edsimo <strong>solarium<\/strong> en la planta superior del d\u00faplex en el que disfrutar del aire libre, el sol y las vistas al mar.<\/p>\n<div id='gallery-3' class='gallery galleryid-3931 gallery-columns-3 gallery-size-thumbnail'><figure class='gallery-item'>\n\t\t\t<div class='gallery-icon landscape'>\n\t\t\t\t<a href='https:\/\/urbincasa.es\/blog\/2014\/08\/destacamos-atico-en-alicante\/olympus-digital-camera-14\/'><img loading=\"lazy\" decoding=\"async\" width=\"150\" height=\"150\" src=\"https:\/\/urbincasa.es\/blog\/wp-content\/uploads\/2014\/08\/atico-en-alicante-9-150x150.jpg\" class=\"attachment-thumbnail size-thumbnail\" alt=\"\u00e1tico en alicante\" srcset=\"https:\/\/urbincasa.es\/blog\/wp-content\/uploads\/2014\/08\/atico-en-alicante-9-150x150.jpg 150w, https:\/\/urbincasa.es\/blog\/wp-content\/uploads\/2014\/08\/atico-en-alicante-9-300x300.jpg 300w\" sizes=\"auto, (max-width: 150px) 100vw, 150px\" \/><\/a>\n\t\t\t<\/div><\/figure><figure class='gallery-item'>\n\t\t\t<div class='gallery-icon landscape'>\n\t\t\t\t<a href='https:\/\/urbincasa.es\/blog\/2014\/08\/destacamos-atico-en-alicante\/olympus-digital-camera-12\/'><img loading=\"lazy\" decoding=\"async\" width=\"150\" height=\"150\" src=\"https:\/\/urbincasa.es\/blog\/wp-content\/uploads\/2014\/08\/atico-en-alicante-7-150x150.jpg\" class=\"attachment-thumbnail size-thumbnail\" alt=\"\u00e1tico en alicante\" srcset=\"https:\/\/urbincasa.es\/blog\/wp-content\/uploads\/2014\/08\/atico-en-alicante-7-150x150.jpg 150w, https:\/\/urbincasa.es\/blog\/wp-content\/uploads\/2014\/08\/atico-en-alicante-7-300x300.jpg 300w\" sizes=\"auto, (max-width: 150px) 100vw, 150px\" \/><\/a>\n\t\t\t<\/div><\/figure><figure class='gallery-item'>\n\t\t\t<div class='gallery-icon landscape'>\n\t\t\t\t<a href='https:\/\/urbincasa.es\/blog\/2014\/08\/destacamos-atico-en-alicante\/olympus-digital-camera-13\/'><img loading=\"lazy\" decoding=\"async\" width=\"150\" height=\"150\" src=\"https:\/\/urbincasa.es\/blog\/wp-content\/uploads\/2014\/08\/atico-en-alicante-8-150x150.jpg\" class=\"attachment-thumbnail size-thumbnail\" alt=\"\u00e1tico en alicante\" srcset=\"https:\/\/urbincasa.es\/blog\/wp-content\/uploads\/2014\/08\/atico-en-alicante-8-150x150.jpg 150w, https:\/\/urbincasa.es\/blog\/wp-content\/uploads\/2014\/08\/atico-en-alicante-8-300x300.jpg 300w\" sizes=\"auto, (max-width: 150px) 100vw, 150px\" \/><\/a>\n\t\t\t<\/div><\/figure>\n\t\t<\/div>\n\n<p>&#8211; Adem\u00e1s del solarium, el sal\u00f3n y el dormitorio principal tiene salida a una <strong>ancha y c\u00f3moda terraza<\/strong>.<\/p>\n<div id='gallery-4' class='gallery galleryid-3931 gallery-columns-2 gallery-size-thumbnail'><figure class='gallery-item'>\n\t\t\t<div class='gallery-icon landscape'>\n\t\t\t\t<a href='https:\/\/urbincasa.es\/blog\/2014\/08\/destacamos-atico-en-alicante\/olympus-digital-camera-20\/'><img loading=\"lazy\" decoding=\"async\" width=\"150\" height=\"150\" src=\"https:\/\/urbincasa.es\/blog\/wp-content\/uploads\/2014\/08\/atico-en-alicante-15-150x150.jpg\" class=\"attachment-thumbnail size-thumbnail\" alt=\"\u00e1tico en alicante\" srcset=\"https:\/\/urbincasa.es\/blog\/wp-content\/uploads\/2014\/08\/atico-en-alicante-15-150x150.jpg 150w, https:\/\/urbincasa.es\/blog\/wp-content\/uploads\/2014\/08\/atico-en-alicante-15-300x300.jpg 300w\" sizes=\"auto, (max-width: 150px) 100vw, 150px\" \/><\/a>\n\t\t\t<\/div><\/figure><figure class='gallery-item'>\n\t\t\t<div class='gallery-icon landscape'>\n\t\t\t\t<a href='https:\/\/urbincasa.es\/blog\/2014\/08\/destacamos-atico-en-alicante\/olympus-digital-camera-19\/'><img loading=\"lazy\" decoding=\"async\" width=\"150\" height=\"150\" src=\"https:\/\/urbincasa.es\/blog\/wp-content\/uploads\/2014\/08\/atico-en-alicante-14-150x150.jpg\" class=\"attachment-thumbnail size-thumbnail\" alt=\"\u00e1tico en alicante\" srcset=\"https:\/\/urbincasa.es\/blog\/wp-content\/uploads\/2014\/08\/atico-en-alicante-14-150x150.jpg 150w, https:\/\/urbincasa.es\/blog\/wp-content\/uploads\/2014\/08\/atico-en-alicante-14-300x300.jpg 300w\" sizes=\"auto, (max-width: 150px) 100vw, 150px\" \/><\/a>\n\t\t\t<\/div><\/figure>\n\t\t<\/div>\n\n<p>&#8211; Si el \u00e1tico te ha gustado, no te decepcionar\u00e1 el <strong>Residencial Alborada<\/strong> donde se encuentra. Pista de paddle, piscina, putting green, parque infantil, gimnasio, sala com\u00fan para bicicletas&#8230; y a \u00a15 minutos de la playa!<\/p>\n<p>&#8211; <strong>Un plus<\/strong>. Fregar los platos con estas vistas se hace con m\u00e1s gusto \u00bfo no?<\/p>\n<p style=\"text-align: center;\"><a href=\"https:\/\/urbincasa.es\/blog\/wp-content\/uploads\/2014\/08\/atico-alicante.jpg\" target=\"_blank\"><img loading=\"lazy\" decoding=\"async\" class=\"size-medium wp-image-3966 aligncenter\" alt=\"atico en alicante\" src=\"https:\/\/urbincasa.es\/blog\/wp-content\/uploads\/2014\/08\/atico-alicante-300x168.jpg\" width=\"300\" height=\"168\" srcset=\"https:\/\/urbincasa.es\/blog\/wp-content\/uploads\/2014\/08\/atico-alicante-300x168.jpg 300w, https:\/\/urbincasa.es\/blog\/wp-content\/uploads\/2014\/08\/atico-alicante-500x281.jpg 500w, https:\/\/urbincasa.es\/blog\/wp-content\/uploads\/2014\/08\/atico-alicante.jpg 512w\" sizes=\"auto, (max-width: 300px) 100vw, 300px\" \/><\/a><\/p>\n<h2><a title=\"M\u00e1s informaci\u00f3n sobre el \u00e1tico en Alicante\" href=\"https:\/\/urbincasa.es\/inmobiliaria\/es\/viviendas\/4\/alicante-playas\/vivienda-escalera-3-planta-9-tipo-f\/3716-001547\/?fuente=CDBlog\" target=\"_blank\">Pide informaci\u00f3n o cita para visitar este \u00e1tico en Alicante aqu\u00ed<\/a><\/h2>\n<p><iframe loading=\"lazy\" src=\"\/\/www.youtube.com\/embed\/szGrjRgxn7w?list=UU6rUlILMqghDq7CzWBMT9xg\" height=\"315\" width=\"560\" allowfullscreen=\"\" frameborder=\"0\"><\/iframe><\/p>\n<p style=\"text-align: center;\"><a href=\"https:\/\/urbincasa.es\/blog\/category\/vivir-en-alicante\/\"><img loading=\"lazy\" decoding=\"async\" class=\" wp-image-2843 aligncenter\" alt=\"VIVIR EN ALICANTE\" src=\"https:\/\/urbincasa.es\/blog\/wp-content\/uploads\/2013\/10\/VIVIRENALICANTE-300x150.png\" width=\"210\" height=\"105\" srcset=\"https:\/\/urbincasa.es\/blog\/wp-content\/uploads\/2013\/10\/VIVIRENALICANTE-300x150.png 300w, https:\/\/urbincasa.es\/blog\/wp-content\/uploads\/2013\/10\/VIVIRENALICANTE.png 400w\" sizes=\"auto, (max-width: 210px) 100vw, 210px\" \/><\/a><\/p>\n","protected":false},"excerpt":{"rendered":"<p>Nuestros compa\u00f1eros han seleccionado para que os presentemos nuestro \u00c1tico en Alicante, y lo entendemos perfectamente porque es una vivienda en d\u00faplex maravillosa que adem\u00e1s, hemos redecorado este verano y que ya estamos ense\u00f1ando a todo el que quiera hacer una visita aprovechando que est\u00e1 por la estupenda playa de San Juan comiendo una paella [&hellip;]<\/p>\n","protected":false},"author":3,"featured_media":3948,"comment_status":"open","ping_status":"open","sticky":false,"template":"","format":"standard","meta":{"footnotes":""},"categories":[17],"tags":[25,361,52,109,524,305,523],"class_list":["post-3931","post","type-post","status-publish","format-standard","has-post-thumbnail","hentry","category-ofertas","tag-alicante","tag-atico","tag-duplex","tag-playa-de-san-juan","tag-solarium","tag-venta","tag-vistas"],"_links":{"self":[{"href":"https:\/\/urbincasa.es\/blog\/wp-json\/wp\/v2\/posts\/3931","targetHints":{"allow":["GET"]}}],"collection":[{"href":"https:\/\/urbincasa.es\/blog\/wp-json\/wp\/v2\/posts"}],"about":[{"href":"https:\/\/urbincasa.es\/blog\/wp-json\/wp\/v2\/types\/post"}],"author":[{"embeddable":true,"href":"https:\/\/urbincasa.es\/blog\/wp-json\/wp\/v2\/users\/3"}],"replies":[{"embeddable":true,"href":"https:\/\/urbincasa.es\/blog\/wp-json\/wp\/v2\/comments?post=3931"}],"version-history":[{"count":18,"href":"https:\/\/urbincasa.es\/blog\/wp-json\/wp\/v2\/posts\/3931\/revisions"}],"predecessor-version":[{"id":4087,"href":"https:\/\/urbincasa.es\/blog\/wp-json\/wp\/v2\/posts\/3931\/revisions\/4087"}],"wp:featuredmedia":[{"embeddable":true,"href":"https:\/\/urbincasa.es\/blog\/wp-json\/wp\/v2\/media\/3948"}],"wp:attachment":[{"href":"https:\/\/urbincasa.es\/blog\/wp-json\/wp\/v2\/media?parent=3931"}],"wp:term":[{"taxonomy":"category","embeddable":true,"href":"https:\/\/urbincasa.es\/blog\/wp-json\/wp\/v2\/categories?post=3931"},{"taxonomy":"post_tag","embeddable":true,"href":"https:\/\/urbincasa.es\/blog\/wp-json\/wp\/v2\/tags?post=3931"}],"curies":[{"name":"wp","href":"https:\/\/api.w.org\/{rel}","templated":true}]}}