{"id":4088,"date":"2014-09-08T09:30:40","date_gmt":"2014-09-08T07:30:40","guid":{"rendered":"https:\/\/urbincasa.es\/blog\/?p=4088"},"modified":"2014-08-28T13:31:26","modified_gmt":"2014-08-28T11:31:26","slug":"cartagineses-y-romanos-25-aniversario","status":"publish","type":"post","link":"https:\/\/urbincasa.es\/blog\/2014\/09\/cartagineses-y-romanos-25-aniversario\/","title":{"rendered":"Cartagineses y Romanos, 25 a\u00f1os de fiestas"},"content":{"rendered":"<div id=\"bsf_rt_marker\"><\/div><p>Tras un verano muy ajetreado con la apertura de dos pisos pilotos (<a title=\"Ya puedes visitar nuestro piso piloto en Cabo de Palos \u00a1estamos de estreno!\" href=\"https:\/\/urbincasa.es\/blog\/2014\/08\/piso-piloto-en-cabo-de-palos-las-drizas\/\" target=\"_blank\">Cabo de Palos<\/a> y Los Dolores) llega la hora de disfrutar de una de las fiestas de <a title=\"Vivir en Cartagena\" href=\"https:\/\/urbincasa.es\/blog\/category\/vivir-en-cartagena\/\" target=\"_blank\">Cartagena<\/a>, la m\u00e1s veraniega de todas: <strong>Cartagineses y Romanos<\/strong>, que adem\u00e1s, este a\u00f1o, celebra su <strong>25 aniversario<\/strong>. \u00a0<!--more--><\/p>\n<p><a href=\"https:\/\/urbincasa.es\/blog\/wp-content\/uploads\/2014\/08\/cartaginesesyromanos14.jpg\"><img loading=\"lazy\" decoding=\"async\" class=\"alignleft size-medium wp-image-4095\" alt=\"cartagineses y romanos 2014\" src=\"https:\/\/urbincasa.es\/blog\/wp-content\/uploads\/2014\/08\/cartaginesesyromanos14-218x300.jpg\" width=\"218\" height=\"300\" srcset=\"https:\/\/urbincasa.es\/blog\/wp-content\/uploads\/2014\/08\/cartaginesesyromanos14-218x300.jpg 218w, https:\/\/urbincasa.es\/blog\/wp-content\/uploads\/2014\/08\/cartaginesesyromanos14.jpg 474w\" sizes=\"auto, (max-width: 218px) 100vw, 218px\" \/><\/a>Las<a title=\"Web de la federaci\u00f3n de fiestas\" href=\"http:\/\/www.cartaginesesyromanos.es\/\" target=\"_blank\"> fiestas de carthagineses y romanos<\/a> recrean uno de los episodios hist\u00f3ricos m\u00e1s importantes no solo para la ciudad de Cartagena, si no para entender la realidad de todo el arco mediterr\u00e1neo: las guerras p\u00fanicas, que enfrentaron a los imperios de <strong>Carthago y Roma<\/strong>.<\/p>\n<p>Durante 10 d\u00edas Cartagena se inunda de actos teatrales y festivos en el Campamento festero y en varios escenarios diferentes de la ciudad. Este 2014, con motivo del aniversario vamos a disfrutar de actividades tambi\u00e9n la primera quincena del mes de septiembre.<\/p>\n<p>El d\u00eda 3 se presentar\u00e1 el material promocional que publicitar\u00e1 las fiestas y sus actividades, el d\u00eda 4 se presentar\u00e1 el Peri\u00f3dico Uxama y el\u00a0viernes 5 a las 20.30h se inaugura el Miliario Romano, un obsequio de las Fiestas a la ciudad en la Plaza Bastarreche.<\/p>\n<p>El martes 9 se presentar\u00e1 el\u00a0<strong>Libro conmemorativo del 25 Aniversario<\/strong>.<\/p>\n<p>El lunes 15, a las 11 horas en el Palacio Consistorial, la ONCE presentar\u00e1 su cup\u00f3n extraordinario conmemorativo del 25 aniversario.<\/p>\n<p><strong>Exposiciones<\/strong><\/p>\n<p>Desde el lunes 8 de septiembre podremos disfrutar en el <strong>Corte Ingl\u00e9s<\/strong> de la exposici\u00f3n de fotograf\u00edas \u00abMomentos de 25 a\u00f1os de Fiestas\u00bb y \u00abLas Fiestas en un click\u00bb y el mi\u00e9rcoles 10 en el <strong>Palacio Molina<\/strong> se unir\u00e1n tambi\u00e9n las exposiciones\u00a0\u00abII Guerra P\u00fanica, la emoci\u00f3n de un tiempo pasado\u00bb y\u00a0\u00ab25 a\u00f1os de Carteles de Fiestas\u00bb.<\/p>\n<p>El <strong>museo arqueol\u00f3gico<\/strong>, acoger\u00e1s desde el lunes 15 \u00abLas fiestas a trav\u00e9s de comics\u00bb donde veremos el trabajo de Rogelio y Joaqu\u00edn a lo largo de estos a\u00f1os.<\/p>\n<p>En la segunda quincena de septiembre el protagonismo lo tomar\u00e1 <strong>el <a title=\"Descarga el programa de cartagineses y romanos 2014\" href=\"http:\/\/www.decartagena.info\/wp-content\/uploads\/2014\/06\/programacartaginesesyromanos.pdf\" target=\"_blank\">programa oficial de actos<\/a><\/strong><\/p>\n<p style=\"text-align: center;\"><a href=\"https:\/\/urbincasa.es\/blog\/category\/vivir-en-cartagena\/\" target=\"_blank\"><img loading=\"lazy\" decoding=\"async\" class=\" wp-image-2834 aligncenter\" alt=\"VIVIR EN CARTAGENA\" src=\"https:\/\/urbincasa.es\/blog\/wp-content\/uploads\/2013\/12\/VIVIRENCARTAGENA-300x150.png\" width=\"240\" height=\"120\" srcset=\"https:\/\/urbincasa.es\/blog\/wp-content\/uploads\/2013\/12\/VIVIRENCARTAGENA-300x150.png 300w, https:\/\/urbincasa.es\/blog\/wp-content\/uploads\/2013\/12\/VIVIRENCARTAGENA.png 400w\" sizes=\"auto, (max-width: 240px) 100vw, 240px\" \/><\/a><\/p>\n","protected":false},"excerpt":{"rendered":"<p>Tras un verano muy ajetreado con la apertura de dos pisos pilotos (Cabo de Palos y Los Dolores) llega la hora de disfrutar de una de las fiestas de Cartagena, la m\u00e1s veraniega de todas: Cartagineses y Romanos, que adem\u00e1s, este a\u00f1o, celebra su 25 aniversario. \u00a0<\/p>\n","protected":false},"author":3,"featured_media":4095,"comment_status":"open","ping_status":"open","sticky":false,"template":"","format":"standard","meta":{"footnotes":""},"categories":[247],"tags":[35,529,392],"class_list":["post-4088","post","type-post","status-publish","format-standard","has-post-thumbnail","hentry","category-vivir-en-cartagena","tag-cartagena","tag-cartagineses-y-romanos","tag-fiestas"],"_links":{"self":[{"href":"https:\/\/urbincasa.es\/blog\/wp-json\/wp\/v2\/posts\/4088","targetHints":{"allow":["GET"]}}],"collection":[{"href":"https:\/\/urbincasa.es\/blog\/wp-json\/wp\/v2\/posts"}],"about":[{"href":"https:\/\/urbincasa.es\/blog\/wp-json\/wp\/v2\/types\/post"}],"author":[{"embeddable":true,"href":"https:\/\/urbincasa.es\/blog\/wp-json\/wp\/v2\/users\/3"}],"replies":[{"embeddable":true,"href":"https:\/\/urbincasa.es\/blog\/wp-json\/wp\/v2\/comments?post=4088"}],"version-history":[{"count":9,"href":"https:\/\/urbincasa.es\/blog\/wp-json\/wp\/v2\/posts\/4088\/revisions"}],"predecessor-version":[{"id":5558,"href":"https:\/\/urbincasa.es\/blog\/wp-json\/wp\/v2\/posts\/4088\/revisions\/5558"}],"wp:featuredmedia":[{"embeddable":true,"href":"https:\/\/urbincasa.es\/blog\/wp-json\/wp\/v2\/media\/4095"}],"wp:attachment":[{"href":"https:\/\/urbincasa.es\/blog\/wp-json\/wp\/v2\/media?parent=4088"}],"wp:term":[{"taxonomy":"category","embeddable":true,"href":"https:\/\/urbincasa.es\/blog\/wp-json\/wp\/v2\/categories?post=4088"},{"taxonomy":"post_tag","embeddable":true,"href":"https:\/\/urbincasa.es\/blog\/wp-json\/wp\/v2\/tags?post=4088"}],"curies":[{"name":"wp","href":"https:\/\/api.w.org\/{rel}","templated":true}]}}