{"id":4107,"date":"2014-09-05T09:10:33","date_gmt":"2014-09-05T07:10:33","guid":{"rendered":"https:\/\/urbincasa.es\/blog\/?p=4107"},"modified":"2014-12-16T18:01:51","modified_gmt":"2014-12-16T16:01:51","slug":"fiestas-de-la-manga-2014","status":"publish","type":"post","link":"https:\/\/urbincasa.es\/blog\/2014\/09\/fiestas-de-la-manga-2014\/","title":{"rendered":"Fiestas de La Manga 2014"},"content":{"rendered":"<div id=\"bsf_rt_marker\"><\/div><p>Cuando los  empiezan a vaciarse de los turistas de agosto es cuando comienza las fiestas donde los lugare\u00f1os y visitantes de alrededores disfrutan de la m\u00fasica y las actividades deportivas.\u00a0<!--more--><\/p>\n<p>La asociaci\u00f3n de vecinos nos ofrece del mi\u00e9rcoles d\u00eda 10 al domingo 14, cinco d\u00edas de <strong>Fiestas de La Manga<\/strong> donde destaca que cada d\u00eda tiene una tem\u00e1tica diferente. Los asistentes forman parte importante de la fiesta porque deben ir vestidos acordes con ese tema protagonista (rap, rodeo, samba&#8230;) as\u00ed que la diversi\u00f3n empieza ya en casa decidiendo qu\u00e9 nos ponemos tanto grandes como peque\u00f1os.<\/p>\n<h1>Programa de las Fiestas de la Manga 2014<\/h1>\n<p><img loading=\"lazy\" decoding=\"async\" class=\"alignleft size-medium wp-image-4112\" alt=\"fiestas La Manga 2014\" src=\"https:\/\/urbincasa.es\/blog\/wp-content\/uploads\/2014\/09\/fiestas-la-manga-2014-212x300.jpg\" width=\"212\" height=\"300\" srcset=\"https:\/\/urbincasa.es\/blog\/wp-content\/uploads\/2014\/09\/fiestas-la-manga-2014-212x300.jpg 212w, https:\/\/urbincasa.es\/blog\/wp-content\/uploads\/2014\/09\/fiestas-la-manga-2014.jpg 440w\" sizes=\"auto, (max-width: 212px) 100vw, 212px\" \/><\/p>\n<p><strong><span style=\"text-decoration: underline;\">MIERCOLES 10.- RAP FIESTA<\/span><\/strong><\/p>\n<p>18:00 H Apertura Oficial de Casetas<br \/>\n20:00 H Preg\u00f3n y Chupinazo de Inauguraci\u00f3n<br \/>\n20:30 H Outsizers (Grupo de Baile)<br \/>\n21:00 H Alex S\u00e1nchez y su Saxo Live<br \/>\n22:00 H FlowInFamily (M\u00fasica)<br \/>\n22:30 H Alex S\u00e1nchez y su Saxo Live<br \/>\n23:30 H Kaze en Concierto<br \/>\n04:00 H Cierre de las Casetas<\/p>\n<p><span style=\"text-decoration: underline;\"><strong>JUEVES 11.- RUMBA HISPANA<\/strong><\/span><\/p>\n<p>10:00 H Apertura de Casetas<br \/>\n11:00-14:00H La Manga en Directo (Metr\u00f3polis FM)<br \/>\n11:30-12:00H Presentaci\u00f3n Historia de La Manga<br \/>\n14:30 H Michel Havana Show<br \/>\n17:00-19:00 H Juegos Infantiles<br \/>\n21:00 H Aires del Roc\u00edo<br \/>\n22:00 H Espartera y Chocolate Caf\u00e9 en Concierto<br \/>\n04:00 H Cierre de las Casetas<\/p>\n<p><span style=\"text-decoration: underline;\"><strong>VIERNES 12.- IBIZA LIVE<\/strong><\/span><\/p>\n<p>10:00 H Apertura de Casetas<br \/>\n11:00 H Marat\u00f3n de Fitness a cargo del Polideportivo La Manga-San Javier<br \/>\n17:00-20:00 H Juegos Infantiles<br \/>\n21:00 H IBIZA Photocall<br \/>\n22:00 H IBIZA Show<br \/>\n04:00 H Cierre de las Casetas<\/p>\n<p><span style=\"text-decoration: underline;\"><strong>SABADO 13.- LA MANGA SHOW<\/strong><\/span><\/p>\n<p>10:00 H Apertura de Casetas<br \/>\n12:00-17:00 H Mini Feria Infantil<br \/>\n18:00 H Agility (Exhibici\u00f3n Canina)<br \/>\n19:00 H CantaJuegos Jugar y Cantar (Musical Infantil)<br \/>\n21:00 H Wii Infantil<br \/>\n22:00 H Jackson Dance Company (Musical)<br \/>\n00:00 H Karp Diem (Concierto)<br \/>\n04:00 H Cierre de las Casetas<\/p>\n<p><span style=\"text-decoration: underline;\"><strong>DOMINGO 14.- RODEO PARTY<\/strong><\/span><\/p>\n<p>10:00 H II Encuentro de Bolillo de La Manga. Restaurante Area Sunset (Urb.El Pedruchillo)<br \/>\n12:00 H Concentraci\u00f3n y ruta Cosmopolitan\u2019s (Plaza Bohemia-Pto.Tom\u00e1s Maestre)<br \/>\n13:30H Toro Mec\u00e1nico (Adultos)<br \/>\n14:30-16:30 H Midnight Riders &#8211; Bon Jovi Tribute (Concierto)<br \/>\n17:00 H Premiaci\u00f3n Casetas<br \/>\n18:00 H Taller de Risoterapia<br \/>\n20:00 H Marat\u00f3n de Zumba con Carolina Garc\u00eda y M\u00f3nica Romarajo<br \/>\n22:00 H El Sitio de mi Garaje (Concierto)<br \/>\n00:00 H FIN DE FIESTA y Chupinazo<br \/>\n02:00 H Cierre de las Casetas<\/p>\n<p style=\"text-align: center;\"><a href=\"https:\/\/urbincasa.es\/blog\/category\/vivir-en-cartagena\"><img loading=\"lazy\" decoding=\"async\" class=\"size-medium wp-image-2834 aligncenter\" alt=\"VIVIR EN CARTAGENA\" src=\"https:\/\/urbincasa.es\/blog\/wp-content\/uploads\/2013\/12\/VIVIRENCARTAGENA-300x150.png\" width=\"300\" height=\"150\" srcset=\"https:\/\/urbincasa.es\/blog\/wp-content\/uploads\/2013\/12\/VIVIRENCARTAGENA-300x150.png 300w, https:\/\/urbincasa.es\/blog\/wp-content\/uploads\/2013\/12\/VIVIRENCARTAGENA.png 400w\" sizes=\"auto, (max-width: 300px) 100vw, 300px\" \/><\/a><\/p>\n","protected":false},"excerpt":{"rendered":"<p>Cuando los empiezan a vaciarse de los turistas de agosto es cuando comienza las fiestas donde los lugare\u00f1os y visitantes de alrededores disfrutan de la m\u00fasica y las actividades deportivas.\u00a0<\/p>\n","protected":false},"author":3,"featured_media":4112,"comment_status":"open","ping_status":"open","sticky":false,"template":"","format":"standard","meta":{"footnotes":""},"categories":[247],"tags":[35,392,362,225],"class_list":["post-4107","post","type-post","status-publish","format-standard","has-post-thumbnail","hentry","category-vivir-en-cartagena","tag-cartagena","tag-fiestas","tag-la-manga","tag-playa"],"_links":{"self":[{"href":"https:\/\/urbincasa.es\/blog\/wp-json\/wp\/v2\/posts\/4107","targetHints":{"allow":["GET"]}}],"collection":[{"href":"https:\/\/urbincasa.es\/blog\/wp-json\/wp\/v2\/posts"}],"about":[{"href":"https:\/\/urbincasa.es\/blog\/wp-json\/wp\/v2\/types\/post"}],"author":[{"embeddable":true,"href":"https:\/\/urbincasa.es\/blog\/wp-json\/wp\/v2\/users\/3"}],"replies":[{"embeddable":true,"href":"https:\/\/urbincasa.es\/blog\/wp-json\/wp\/v2\/comments?post=4107"}],"version-history":[{"count":8,"href":"https:\/\/urbincasa.es\/blog\/wp-json\/wp\/v2\/posts\/4107\/revisions"}],"predecessor-version":[{"id":4115,"href":"https:\/\/urbincasa.es\/blog\/wp-json\/wp\/v2\/posts\/4107\/revisions\/4115"}],"wp:featuredmedia":[{"embeddable":true,"href":"https:\/\/urbincasa.es\/blog\/wp-json\/wp\/v2\/media\/4112"}],"wp:attachment":[{"href":"https:\/\/urbincasa.es\/blog\/wp-json\/wp\/v2\/media?parent=4107"}],"wp:term":[{"taxonomy":"category","embeddable":true,"href":"https:\/\/urbincasa.es\/blog\/wp-json\/wp\/v2\/categories?post=4107"},{"taxonomy":"post_tag","embeddable":true,"href":"https:\/\/urbincasa.es\/blog\/wp-json\/wp\/v2\/tags?post=4107"}],"curies":[{"name":"wp","href":"https:\/\/api.w.org\/{rel}","templated":true}]}}