{"id":4178,"date":"2014-10-13T10:00:18","date_gmt":"2014-10-13T08:00:18","guid":{"rendered":"https:\/\/urbincasa.es\/blog\/?p=4178"},"modified":"2015-10-27T11:45:28","modified_gmt":"2015-10-27T09:45:28","slug":"destacamos-magnifico-piso-en-tentegorra-alquiler-venta","status":"publish","type":"post","link":"https:\/\/urbincasa.es\/blog\/2014\/10\/destacamos-magnifico-piso-en-tentegorra-alquiler-venta\/","title":{"rendered":"Destacamos: Magnifico piso en Tentegorra para alquiler o venta"},"content":{"rendered":"<div id=\"bsf_rt_marker\"><\/div><p><strong>Luz, espacio y unas zonas comunes<\/strong> estupendas para disfrutar los ni\u00f1os, esas podr\u00edan ser las tres claves para visualizar el piso que destacan hoy nuestros compa\u00f1eros de <a title=\"Ver viviendas en Cartagena\" href=\"http:\/\/www.urbincasashop.com\" target=\"_blank\">UrbincasaShop<\/a>.<!--more--><\/p>\n<p><span style=\"color: #ff0000;\"><strong>ACTUALIZACI\u00d3N &#8211; VIVIENDA ALQUILADA. <a href=\"https:\/\/urbincasa.es\/inmobiliaria\/es\/quiero-mas-informacion\/1\/8\/?ref=3716-002692&amp;amp;fuente=a0eD000000EyAelIAF\">Escr\u00edbenos si te interesa una similar<\/a><\/strong><\/span><\/p>\n<p>Tentegorra es el <strong>pulm\u00f3n verde<\/strong> m\u00e1s cercano al casco urbano de Cartagena por lo que es el destino de muchos amantes de la naturaleza y del deporte al aire libre durante todo el a\u00f1o. En <a title=\"Casas en Cartagena\" href=\"http:\/\/www.urbincasa.es\/?fuente=CDBlog\" target=\"_blank\">Urbincasa<\/a> conocemos bien la zona y nos encanta, por eso construimos all\u00ed <a title=\"casa nueva en Tentegorra\" href=\"https:\/\/urbincasa.es\/inmobiliaria\/es\/viviendas\/4\/cartagena-playas\/vivienda-bloque-2-planta-2-tipo-e\/3716-001099\/?fuente=CDBlog\" target=\"_blank\">Zarzuela<\/a> y <a title=\"\u00e1tico en Cartagena\" href=\"https:\/\/urbincasa.es\/inmobiliaria\/es\/viviendas\/4\/cartagena-playas\/atico-3-habitaciones-resd-atalaya-tipo-7a\/3716-002681\/?fuente=CDBlog\" target=\"_blank\">Atalaya<\/a>, dos residenciales muy cercanos a la vivienda de la que hablamos hoy.<\/p>\n<p><a href=\"https:\/\/urbincasa.es\/inmobiliaria\/es\/quiero-mas-informacion\/1\/8\/?ref=3716-002692&amp;amp;fuente=a0eD000000EyAelIAF\"><img loading=\"lazy\" decoding=\"async\" class=\" wp-image-4324 alignright\" alt=\"boton info\" src=\"https:\/\/urbincasa.es\/blog\/wp-content\/uploads\/2014\/11\/botoninfo.png\" width=\"180\" height=\"60\" \/><\/a><\/p>\n<h1>\u00bfPor qu\u00e9 destacamos este piso en Tentegorra?<\/h1>\n<p>La <span style=\"text-decoration: underline;\">ampl\u00edsima cocina<\/span> es uno de los puntos fuertes de este <strong>piso en Tentegorra<\/strong> porque adem\u00e1s de los metros cuadrados, tiene el espacio aprovechado al m\u00e1ximo ya sea por la cantidad de armarios como por los peque\u00f1os e ingeniosos detalles.<\/p>\n<p style=\"text-align: center;\"><a href=\"https:\/\/urbincasa.es\/blog\/wp-content\/uploads\/2014\/09\/alquiler-o-venta-cartagena-7.jpg\" target=\"_blank\"><img loading=\"lazy\" decoding=\"async\" class=\"size-medium wp-image-4185 aligncenter\" alt=\"oportunidad en cartagena\" src=\"https:\/\/urbincasa.es\/blog\/wp-content\/uploads\/2014\/09\/alquiler-o-venta-cartagena-7-300x185.jpg\" width=\"300\" height=\"185\" srcset=\"https:\/\/urbincasa.es\/blog\/wp-content\/uploads\/2014\/09\/alquiler-o-venta-cartagena-7-300x185.jpg 300w, https:\/\/urbincasa.es\/blog\/wp-content\/uploads\/2014\/09\/alquiler-o-venta-cartagena-7-485x300.jpg 485w, https:\/\/urbincasa.es\/blog\/wp-content\/uploads\/2014\/09\/alquiler-o-venta-cartagena-7.jpg 839w\" sizes=\"auto, (max-width: 300px) 100vw, 300px\" \/><\/a><\/p>\n<p style=\"text-align: center;\"><a href=\"https:\/\/urbincasa.es\/blog\/wp-content\/uploads\/2014\/09\/alquiler-o-venta-cartagena-14.jpg\" target=\"_blank\"><img loading=\"lazy\" decoding=\"async\" class=\"size-medium wp-image-4179 aligncenter\" alt=\"alquiler cartagena\" src=\"https:\/\/urbincasa.es\/blog\/wp-content\/uploads\/2014\/09\/alquiler-o-venta-cartagena-14-300x168.jpg\" width=\"300\" height=\"168\" srcset=\"https:\/\/urbincasa.es\/blog\/wp-content\/uploads\/2014\/09\/alquiler-o-venta-cartagena-14-300x168.jpg 300w, https:\/\/urbincasa.es\/blog\/wp-content\/uploads\/2014\/09\/alquiler-o-venta-cartagena-14-500x281.jpg 500w, https:\/\/urbincasa.es\/blog\/wp-content\/uploads\/2014\/09\/alquiler-o-venta-cartagena-14-900x506.jpg 900w, https:\/\/urbincasa.es\/blog\/wp-content\/uploads\/2014\/09\/alquiler-o-venta-cartagena-14.jpg 1024w\" sizes=\"auto, (max-width: 300px) 100vw, 300px\" \/><\/a><\/p>\n<p style=\"text-align: center;\"><a href=\"https:\/\/urbincasa.es\/blog\/wp-content\/uploads\/2014\/09\/alquiler-o-venta-cartagena-13.jpg\" target=\"_blank\"><img loading=\"lazy\" decoding=\"async\" class=\"size-medium wp-image-4188 aligncenter\" alt=\"cocina cartagena\" src=\"https:\/\/urbincasa.es\/blog\/wp-content\/uploads\/2014\/09\/alquiler-o-venta-cartagena-13-300x168.jpg\" width=\"300\" height=\"168\" srcset=\"https:\/\/urbincasa.es\/blog\/wp-content\/uploads\/2014\/09\/alquiler-o-venta-cartagena-13-300x168.jpg 300w, https:\/\/urbincasa.es\/blog\/wp-content\/uploads\/2014\/09\/alquiler-o-venta-cartagena-13-500x281.jpg 500w, https:\/\/urbincasa.es\/blog\/wp-content\/uploads\/2014\/09\/alquiler-o-venta-cartagena-13-900x506.jpg 900w, https:\/\/urbincasa.es\/blog\/wp-content\/uploads\/2014\/09\/alquiler-o-venta-cartagena-13.jpg 1024w\" sizes=\"auto, (max-width: 300px) 100vw, 300px\" \/><\/a><\/p>\n<p>El <span style=\"text-decoration: underline;\">sal\u00f3n<\/span> cuenta con mucha luz natural, al igual que los dormitorios, y adem\u00e1s est\u00e1 organizado en dos ambientes que podemos separar o unir seg\u00fan nos venga bien gracias a la puerta corredera que adem\u00e1s oculta al sal\u00f3n la zona de la televisi\u00f3n.<\/p>\n<p style=\"text-align: center;\"><a href=\"https:\/\/urbincasa.es\/blog\/wp-content\/uploads\/2014\/09\/alquiler-o-venta-cartagena-9.jpg\" target=\"_blank\"><img loading=\"lazy\" decoding=\"async\" class=\"size-medium wp-image-4186 aligncenter\" alt=\"piso en tentegorra\" src=\"https:\/\/urbincasa.es\/blog\/wp-content\/uploads\/2014\/09\/alquiler-o-venta-cartagena-9-300x168.jpg\" width=\"300\" height=\"168\" srcset=\"https:\/\/urbincasa.es\/blog\/wp-content\/uploads\/2014\/09\/alquiler-o-venta-cartagena-9-300x168.jpg 300w, https:\/\/urbincasa.es\/blog\/wp-content\/uploads\/2014\/09\/alquiler-o-venta-cartagena-9-500x281.jpg 500w, https:\/\/urbincasa.es\/blog\/wp-content\/uploads\/2014\/09\/alquiler-o-venta-cartagena-9-900x506.jpg 900w, https:\/\/urbincasa.es\/blog\/wp-content\/uploads\/2014\/09\/alquiler-o-venta-cartagena-9.jpg 921w\" sizes=\"auto, (max-width: 300px) 100vw, 300px\" \/><\/a><\/p>\n<p style=\"text-align: center;\"><a href=\"https:\/\/urbincasa.es\/blog\/wp-content\/uploads\/2014\/09\/alquiler-o-venta-cartagena-8.jpg\" target=\"_blank\"><img loading=\"lazy\" decoding=\"async\" class=\"size-medium wp-image-4189 aligncenter\" alt=\"piso en tentegorra\" src=\"https:\/\/urbincasa.es\/blog\/wp-content\/uploads\/2014\/09\/alquiler-o-venta-cartagena-8-300x168.jpg\" width=\"300\" height=\"168\" srcset=\"https:\/\/urbincasa.es\/blog\/wp-content\/uploads\/2014\/09\/alquiler-o-venta-cartagena-8-300x168.jpg 300w, https:\/\/urbincasa.es\/blog\/wp-content\/uploads\/2014\/09\/alquiler-o-venta-cartagena-8-500x281.jpg 500w, https:\/\/urbincasa.es\/blog\/wp-content\/uploads\/2014\/09\/alquiler-o-venta-cartagena-8-900x506.jpg 900w, https:\/\/urbincasa.es\/blog\/wp-content\/uploads\/2014\/09\/alquiler-o-venta-cartagena-8.jpg 921w\" sizes=\"auto, (max-width: 300px) 100vw, 300px\" \/><\/a><\/p>\n<p>La vivienda fue <span style=\"text-decoration: underline;\">reformada \u00edntegramente<\/span>, por eso cuenta con una cocina tan grande y <strong>tres dormitorios<\/strong> en lugar de cuatro, como ten\u00eda originalmente, pero fruto de esta obra, cuenta con <strong>dormitorio principal con dos armarios empotrados y zona de despacho<\/strong> adem\u00e1s de ba\u00f1o en suite y otro gran dormitorio donde hay tres camas y tres armarios empotrados.<\/p>\n<p style=\"text-align: center;\"><a href=\"https:\/\/urbincasa.es\/blog\/wp-content\/uploads\/2014\/09\/alquiler-o-venta-cartagena-3.jpg\" target=\"_blank\"><img loading=\"lazy\" decoding=\"async\" class=\"size-medium wp-image-4182 aligncenter\" alt=\"casa tentegorra cartagena\" src=\"https:\/\/urbincasa.es\/blog\/wp-content\/uploads\/2014\/09\/alquiler-o-venta-cartagena-3-300x158.jpg\" width=\"300\" height=\"158\" srcset=\"https:\/\/urbincasa.es\/blog\/wp-content\/uploads\/2014\/09\/alquiler-o-venta-cartagena-3-300x158.jpg 300w, https:\/\/urbincasa.es\/blog\/wp-content\/uploads\/2014\/09\/alquiler-o-venta-cartagena-3-500x263.jpg 500w, https:\/\/urbincasa.es\/blog\/wp-content\/uploads\/2014\/09\/alquiler-o-venta-cartagena-3.jpg 896w\" sizes=\"auto, (max-width: 300px) 100vw, 300px\" \/><\/a><\/p>\n<p style=\"text-align: center;\"><a href=\"https:\/\/urbincasa.es\/blog\/wp-content\/uploads\/2014\/09\/alquiler-o-venta-cartagena-1.jpg\" target=\"_blank\"><img loading=\"lazy\" decoding=\"async\" class=\"size-medium wp-image-4180 aligncenter\" alt=\"alquiler cartagena\" src=\"https:\/\/urbincasa.es\/blog\/wp-content\/uploads\/2014\/09\/alquiler-o-venta-cartagena-1-300x181.jpg\" width=\"300\" height=\"181\" srcset=\"https:\/\/urbincasa.es\/blog\/wp-content\/uploads\/2014\/09\/alquiler-o-venta-cartagena-1-300x181.jpg 300w, https:\/\/urbincasa.es\/blog\/wp-content\/uploads\/2014\/09\/alquiler-o-venta-cartagena-1-494x300.jpg 494w, https:\/\/urbincasa.es\/blog\/wp-content\/uploads\/2014\/09\/alquiler-o-venta-cartagena-1.jpg 849w\" sizes=\"auto, (max-width: 300px) 100vw, 300px\" \/><\/a><\/p>\n<p style=\"text-align: left;\"><a href=\"https:\/\/urbincasa.es\/blog\/wp-content\/uploads\/2014\/09\/alquiler-o-venta-cartagena-2.jpg\" target=\"_blank\"><img loading=\"lazy\" decoding=\"async\" class=\"size-medium wp-image-4181 aligncenter\" alt=\"alquiler cartagena\" src=\"https:\/\/urbincasa.es\/blog\/wp-content\/uploads\/2014\/09\/alquiler-o-venta-cartagena-2-300x168.jpg\" width=\"300\" height=\"168\" srcset=\"https:\/\/urbincasa.es\/blog\/wp-content\/uploads\/2014\/09\/alquiler-o-venta-cartagena-2-300x168.jpg 300w, https:\/\/urbincasa.es\/blog\/wp-content\/uploads\/2014\/09\/alquiler-o-venta-cartagena-2-500x281.jpg 500w, https:\/\/urbincasa.es\/blog\/wp-content\/uploads\/2014\/09\/alquiler-o-venta-cartagena-2-900x506.jpg 900w, https:\/\/urbincasa.es\/blog\/wp-content\/uploads\/2014\/09\/alquiler-o-venta-cartagena-2.jpg 921w\" sizes=\"auto, (max-width: 300px) 100vw, 300px\" \/><\/a>Ya os hac\u00e9is una idea de la amplitud de la vivienda y de la luz natural que tiene, nos queda ense\u00f1aros las<strong> zonas comunes de la urbanizaci\u00f3n<\/strong> donde se encuentra. Parque infantil, canasta de baloncesto, campo de tierra de f\u00fatbol, sala de bicicletas y piscina, adem\u00e1s de zonas verdes privadas y la pinada de Tentegorra que rodea la urbanizaci\u00f3n \u00a1Un lujo en medio de la naturaleza a cinco minutos del casco urbano!.<\/p>\n<p style=\"text-align: center;\"><a href=\"https:\/\/urbincasa.es\/blog\/wp-content\/uploads\/2014\/09\/alquiler-o-venta-cartagena-10.jpg\" target=\"_blank\"><img loading=\"lazy\" decoding=\"async\" class=\"size-medium wp-image-4187 aligncenter\" alt=\"oportunidad en cartagena\" src=\"https:\/\/urbincasa.es\/blog\/wp-content\/uploads\/2014\/09\/alquiler-o-venta-cartagena-10-300x168.jpg\" width=\"300\" height=\"168\" srcset=\"https:\/\/urbincasa.es\/blog\/wp-content\/uploads\/2014\/09\/alquiler-o-venta-cartagena-10-300x168.jpg 300w, https:\/\/urbincasa.es\/blog\/wp-content\/uploads\/2014\/09\/alquiler-o-venta-cartagena-10-500x281.jpg 500w, https:\/\/urbincasa.es\/blog\/wp-content\/uploads\/2014\/09\/alquiler-o-venta-cartagena-10-900x506.jpg 900w, https:\/\/urbincasa.es\/blog\/wp-content\/uploads\/2014\/09\/alquiler-o-venta-cartagena-10.jpg 921w\" sizes=\"auto, (max-width: 300px) 100vw, 300px\" \/><\/a><\/p>\n<p style=\"text-align: left;\">Ahora mismo los due\u00f1os se plantean cualquiera de las dos opciones, escuchan ofertas tanto para la venta como el alquiler (que no incluir\u00eda los muebles aunque s\u00ed los electrodom\u00e9sticos y lavavajillas y lavadora nuevas)<\/p>\n<p style=\"text-align: left;\"><span style=\"color: #ff0000;\"><strong>ACTUALIZACI\u00d3N &#8211; VIVIENDA ALQUILADA. Escr\u00edbenos si te interesa <a href=\"http:\/\/urbincasashop.com\/inmobiliaria\/es\/viviendas\/4\/cartagena-y-playas\/estupenda-vivienda-en-el-rosalar\/3716-001989\/?fuente=a0eD000000EyAelIAF\" target=\"_blank\">una similar<\/a><\/strong><\/span><\/p>\n<p style=\"text-align: left;\"><a href=\"https:\/\/urbincasa.es\/inmobiliaria\/es\/quiero-mas-informacion\/1\/8\/?ref=3716-002692&amp;amp;fuente=a0eD000000EyAelIAF\"><img loading=\"lazy\" decoding=\"async\" class=\"alignright\" alt=\"boton info\" src=\"https:\/\/urbincasa.es\/blog\/wp-content\/uploads\/2014\/11\/botoninfo.png\" width=\"180\" height=\"60\" \/><\/a><\/p>\n<p>&nbsp;<\/p>\n","protected":false},"excerpt":{"rendered":"<p>Luz, espacio y unas zonas comunes estupendas para disfrutar los ni\u00f1os, esas podr\u00edan ser las tres claves para visualizar el piso que destacan hoy nuestros compa\u00f1eros de UrbincasaShop.<\/p>\n","protected":false},"author":3,"featured_media":4186,"comment_status":"open","ping_status":"open","sticky":false,"template":"","format":"standard","meta":{"footnotes":""},"categories":[281,23],"tags":[278,35,294,401,532,305],"class_list":["post-4178","post","type-post","status-publish","format-standard","has-post-thumbnail","hentry","category-urbincasashop","category-viviendas-cartagena","tag-alquiler","tag-cartagena","tag-inmobiliaria","tag-piso","tag-tentegorra","tag-venta"],"_links":{"self":[{"href":"https:\/\/urbincasa.es\/blog\/wp-json\/wp\/v2\/posts\/4178","targetHints":{"allow":["GET"]}}],"collection":[{"href":"https:\/\/urbincasa.es\/blog\/wp-json\/wp\/v2\/posts"}],"about":[{"href":"https:\/\/urbincasa.es\/blog\/wp-json\/wp\/v2\/types\/post"}],"author":[{"embeddable":true,"href":"https:\/\/urbincasa.es\/blog\/wp-json\/wp\/v2\/users\/3"}],"replies":[{"embeddable":true,"href":"https:\/\/urbincasa.es\/blog\/wp-json\/wp\/v2\/comments?post=4178"}],"version-history":[{"count":24,"href":"https:\/\/urbincasa.es\/blog\/wp-json\/wp\/v2\/posts\/4178\/revisions"}],"predecessor-version":[{"id":6057,"href":"https:\/\/urbincasa.es\/blog\/wp-json\/wp\/v2\/posts\/4178\/revisions\/6057"}],"wp:featuredmedia":[{"embeddable":true,"href":"https:\/\/urbincasa.es\/blog\/wp-json\/wp\/v2\/media\/4186"}],"wp:attachment":[{"href":"https:\/\/urbincasa.es\/blog\/wp-json\/wp\/v2\/media?parent=4178"}],"wp:term":[{"taxonomy":"category","embeddable":true,"href":"https:\/\/urbincasa.es\/blog\/wp-json\/wp\/v2\/categories?post=4178"},{"taxonomy":"post_tag","embeddable":true,"href":"https:\/\/urbincasa.es\/blog\/wp-json\/wp\/v2\/tags?post=4178"}],"curies":[{"name":"wp","href":"https:\/\/api.w.org\/{rel}","templated":true}]}}