{"id":4221,"date":"2014-10-20T10:00:08","date_gmt":"2014-10-20T08:00:08","guid":{"rendered":"https:\/\/urbincasa.es\/blog\/?p=4221"},"modified":"2015-06-25T17:11:50","modified_gmt":"2015-06-25T15:11:50","slug":"destacamos-alquiler-en-cartagena-buena-zona-y-buen-precio","status":"publish","type":"post","link":"https:\/\/urbincasa.es\/blog\/2014\/10\/destacamos-alquiler-en-cartagena-buena-zona-y-buen-precio\/","title":{"rendered":"Destacamos: alquiler en Cartagena, buena zona y buen precio"},"content":{"rendered":"<div id=\"bsf_rt_marker\"><\/div><p>Durante estos a\u00f1os en los que estamos trabajando con nuestra<strong> inmobiliaria en Cartagena<\/strong> sabemos que casa perfecta es una ilusi\u00f3n que no existe, lo que s\u00ed existe es la casa adecuada para cada familia.<\/p>\n<p>El tama\u00f1o, el n\u00famero de habitaciones, la ubicaci\u00f3n y sobre todo el precio son factores que cada uno debe amoldar a su situaci\u00f3n y gustos.<\/p>\n<p>El piso que hoy os traemos de entrada cuenta con un precio muy competitivo y est\u00e1 en una buena zona de Cartagena con todos los servicios a mano y muy buenas comunicaciones.<\/p>\n<h1>\u00bfPor qu\u00e9 destacamos este piso en alquiler en Cartagena?<\/h1>\n<p><span style=\"text-decoration: underline;\"> <a href=\"https:\/\/urbincasa.es\/blog\/wp-content\/uploads\/2014\/10\/alquiler-en-cartagena.jpg\"><img loading=\"lazy\" decoding=\"async\" class=\"alignleft size-medium wp-image-4227\" alt=\"alquiler en cartagena\" src=\"https:\/\/urbincasa.es\/blog\/wp-content\/uploads\/2014\/10\/alquiler-en-cartagena-300x211.jpg\" width=\"300\" height=\"211\" srcset=\"https:\/\/urbincasa.es\/blog\/wp-content\/uploads\/2014\/10\/alquiler-en-cartagena-300x211.jpg 300w, https:\/\/urbincasa.es\/blog\/wp-content\/uploads\/2014\/10\/alquiler-en-cartagena-425x300.jpg 425w, https:\/\/urbincasa.es\/blog\/wp-content\/uploads\/2014\/10\/alquiler-en-cartagena.jpg 798w\" sizes=\"auto, (max-width: 300px) 100vw, 300px\" \/><\/a>Ubicaci\u00f3n:<\/span> Esta vivienda se encuentra en las inmediaciones del Centro Comercial Cenit, una zona con colegios, parques y muchas tiendas y servicios. Adem\u00e1s, y no menos importante algunas veces, cuenta en las inmediaciones con zonas blancas de aparcamiento (sin ORA) y buenos accesos desde la autov\u00eda A-30.<\/p>\n<p><span style=\"text-decoration: underline;\">Equipada<\/span>: El piso cuenta con aire acondicionado y una cocina perfectamente equipada. Todas las comodidades para entrar a vivir de inmediato.<\/p>\n<p><span style=\"text-decoration: underline;\">Exterior<\/span>: Toda la vivienda cuenta con ventanas a exterior. Los tres dormitorios, el sal\u00f3n, la cocina y el ba\u00f1o. Esto hace que todas las estancias tengan luz natural y ventilaci\u00f3n.<\/p>\n<p><span style=\"text-decoration: underline;\">Mascotas:<\/span> Los propietarios ya han avisado de que permiten que los inquilinos tengas mascotas en la vivienda, as\u00ed que si eres un amante de los animales aqu\u00ed no tendr\u00e1s problema.<\/p>\n<p style=\"text-align: center;\">\u00a0<a href=\"https:\/\/urbincasa.es\/blog\/wp-content\/uploads\/2014\/10\/alquiler-en-cartagena-5.jpg\"><img loading=\"lazy\" decoding=\"async\" class=\"size-medium wp-image-4232\" alt=\"alquiler en cartagena\" src=\"https:\/\/urbincasa.es\/blog\/wp-content\/uploads\/2014\/10\/alquiler-en-cartagena-5-300x208.jpg\" width=\"300\" height=\"208\" srcset=\"https:\/\/urbincasa.es\/blog\/wp-content\/uploads\/2014\/10\/alquiler-en-cartagena-5-300x208.jpg 300w, https:\/\/urbincasa.es\/blog\/wp-content\/uploads\/2014\/10\/alquiler-en-cartagena-5-432x300.jpg 432w, https:\/\/urbincasa.es\/blog\/wp-content\/uploads\/2014\/10\/alquiler-en-cartagena-5.jpg 783w\" sizes=\"auto, (max-width: 300px) 100vw, 300px\" \/><\/a> <a href=\"https:\/\/urbincasa.es\/blog\/wp-content\/uploads\/2014\/10\/alquiler-en-cartagena-4.jpg\"><img loading=\"lazy\" decoding=\"async\" class=\"size-medium wp-image-4231\" alt=\"alquiler en cartagena\" src=\"https:\/\/urbincasa.es\/blog\/wp-content\/uploads\/2014\/10\/alquiler-en-cartagena-4-300x221.jpg\" width=\"300\" height=\"221\" srcset=\"https:\/\/urbincasa.es\/blog\/wp-content\/uploads\/2014\/10\/alquiler-en-cartagena-4-300x221.jpg 300w, https:\/\/urbincasa.es\/blog\/wp-content\/uploads\/2014\/10\/alquiler-en-cartagena-4-405x300.jpg 405w, https:\/\/urbincasa.es\/blog\/wp-content\/uploads\/2014\/10\/alquiler-en-cartagena-4.jpg 779w\" sizes=\"auto, (max-width: 300px) 100vw, 300px\" \/><\/a> <a href=\"https:\/\/urbincasa.es\/blog\/wp-content\/uploads\/2014\/10\/alquiler-en-cartagena-3.jpg\"><img loading=\"lazy\" decoding=\"async\" class=\"size-medium wp-image-4230\" alt=\"alquiler en cartagena\" src=\"https:\/\/urbincasa.es\/blog\/wp-content\/uploads\/2014\/10\/alquiler-en-cartagena-3-300x235.jpg\" width=\"300\" height=\"235\" srcset=\"https:\/\/urbincasa.es\/blog\/wp-content\/uploads\/2014\/10\/alquiler-en-cartagena-3-300x235.jpg 300w, https:\/\/urbincasa.es\/blog\/wp-content\/uploads\/2014\/10\/alquiler-en-cartagena-3-382x300.jpg 382w, https:\/\/urbincasa.es\/blog\/wp-content\/uploads\/2014\/10\/alquiler-en-cartagena-3.jpg 761w\" sizes=\"auto, (max-width: 300px) 100vw, 300px\" \/><\/a> <a href=\"https:\/\/urbincasa.es\/blog\/wp-content\/uploads\/2014\/10\/alquiler-en-cartagena-2.jpg\"><img loading=\"lazy\" decoding=\"async\" class=\"size-medium wp-image-4229\" alt=\"alquiler en cartagena \" src=\"https:\/\/urbincasa.es\/blog\/wp-content\/uploads\/2014\/10\/alquiler-en-cartagena-2-300x225.jpg\" width=\"300\" height=\"225\" srcset=\"https:\/\/urbincasa.es\/blog\/wp-content\/uploads\/2014\/10\/alquiler-en-cartagena-2-300x225.jpg 300w, https:\/\/urbincasa.es\/blog\/wp-content\/uploads\/2014\/10\/alquiler-en-cartagena-2-400x300.jpg 400w, https:\/\/urbincasa.es\/blog\/wp-content\/uploads\/2014\/10\/alquiler-en-cartagena-2.jpg 800w\" sizes=\"auto, (max-width: 300px) 100vw, 300px\" \/><\/a> <a href=\"https:\/\/urbincasa.es\/blog\/wp-content\/uploads\/2014\/10\/alquiler-en-cartagena-1.jpg\"><img loading=\"lazy\" decoding=\"async\" class=\"size-medium wp-image-4228\" alt=\"alquiler en cartagena\" src=\"https:\/\/urbincasa.es\/blog\/wp-content\/uploads\/2014\/10\/alquiler-en-cartagena-1-300x225.jpg\" width=\"300\" height=\"225\" srcset=\"https:\/\/urbincasa.es\/blog\/wp-content\/uploads\/2014\/10\/alquiler-en-cartagena-1-300x225.jpg 300w, https:\/\/urbincasa.es\/blog\/wp-content\/uploads\/2014\/10\/alquiler-en-cartagena-1-400x300.jpg 400w, https:\/\/urbincasa.es\/blog\/wp-content\/uploads\/2014\/10\/alquiler-en-cartagena-1.jpg 800w\" sizes=\"auto, (max-width: 300px) 100vw, 300px\" \/><\/a> <a href=\"https:\/\/urbincasa.es\/blog\/wp-content\/uploads\/2014\/10\/plano-casa2-Medium.jpg\"><img loading=\"lazy\" decoding=\"async\" class=\"size-medium wp-image-4226\" alt=\"alquiler en cartagena\" src=\"https:\/\/urbincasa.es\/blog\/wp-content\/uploads\/2014\/10\/plano-casa2-Medium-282x300.jpg\" width=\"282\" height=\"300\" srcset=\"https:\/\/urbincasa.es\/blog\/wp-content\/uploads\/2014\/10\/plano-casa2-Medium-282x300.jpg 282w, https:\/\/urbincasa.es\/blog\/wp-content\/uploads\/2014\/10\/plano-casa2-Medium.jpg 565w\" sizes=\"auto, (max-width: 282px) 100vw, 282px\" \/><\/a><\/p>\n<h1 style=\"text-align: left;\">Actualizaci\u00f3n: Esta vivienda est\u00e1 ya alquilada<\/h1>\n<p>Si quieres que te ayudemos a encontrar una similar <a href=\"https:\/\/urbincasa.es\/inmobiliaria\/es\/quiero-mas-informacion\/1\/8\/?ref=3716-002568&amp;fuente=a0eD000000EyAelIAF\" target=\"_blank\">escr\u00edbenos<\/a>\u00a0<strong>contando qu\u00e9 buscas.<\/strong><\/p>\n","protected":false},"excerpt":{"rendered":"<p>Durante estos a\u00f1os en los que estamos trabajando con nuestra inmobiliaria en Cartagena sabemos que casa perfecta es una ilusi\u00f3n que no existe, lo que s\u00ed existe es la casa adecuada para cada familia. El tama\u00f1o, el n\u00famero de habitaciones, la ubicaci\u00f3n y sobre todo el precio son factores que cada uno debe amoldar a [&hellip;]<\/p>\n","protected":false},"author":3,"featured_media":4229,"comment_status":"open","ping_status":"open","sticky":false,"template":"","format":"standard","meta":{"footnotes":""},"categories":[281,23],"tags":[278,35,294,401],"class_list":["post-4221","post","type-post","status-publish","format-standard","has-post-thumbnail","hentry","category-urbincasashop","category-viviendas-cartagena","tag-alquiler","tag-cartagena","tag-inmobiliaria","tag-piso"],"_links":{"self":[{"href":"https:\/\/urbincasa.es\/blog\/wp-json\/wp\/v2\/posts\/4221","targetHints":{"allow":["GET"]}}],"collection":[{"href":"https:\/\/urbincasa.es\/blog\/wp-json\/wp\/v2\/posts"}],"about":[{"href":"https:\/\/urbincasa.es\/blog\/wp-json\/wp\/v2\/types\/post"}],"author":[{"embeddable":true,"href":"https:\/\/urbincasa.es\/blog\/wp-json\/wp\/v2\/users\/3"}],"replies":[{"embeddable":true,"href":"https:\/\/urbincasa.es\/blog\/wp-json\/wp\/v2\/comments?post=4221"}],"version-history":[{"count":13,"href":"https:\/\/urbincasa.es\/blog\/wp-json\/wp\/v2\/posts\/4221\/revisions"}],"predecessor-version":[{"id":4924,"href":"https:\/\/urbincasa.es\/blog\/wp-json\/wp\/v2\/posts\/4221\/revisions\/4924"}],"wp:featuredmedia":[{"embeddable":true,"href":"https:\/\/urbincasa.es\/blog\/wp-json\/wp\/v2\/media\/4229"}],"wp:attachment":[{"href":"https:\/\/urbincasa.es\/blog\/wp-json\/wp\/v2\/media?parent=4221"}],"wp:term":[{"taxonomy":"category","embeddable":true,"href":"https:\/\/urbincasa.es\/blog\/wp-json\/wp\/v2\/categories?post=4221"},{"taxonomy":"post_tag","embeddable":true,"href":"https:\/\/urbincasa.es\/blog\/wp-json\/wp\/v2\/tags?post=4221"}],"curies":[{"name":"wp","href":"https:\/\/api.w.org\/{rel}","templated":true}]}}