{"id":4345,"date":"2014-11-26T18:09:25","date_gmt":"2014-11-26T16:09:25","guid":{"rendered":"https:\/\/urbincasa.es\/blog\/?p=4345"},"modified":"2014-11-26T18:54:44","modified_gmt":"2014-11-26T16:54:44","slug":"urbincasa-proyecto-deli-cartagena","status":"publish","type":"post","link":"https:\/\/urbincasa.es\/blog\/2014\/11\/urbincasa-proyecto-deli-cartagena\/","title":{"rendered":"Urbincasa forma parte del proyecto DELI"},"content":{"rendered":"<div id=\"bsf_rt_marker\"><\/div><p><em>Urbincasa ha sido una de las empresas invitadas para constituir en Cartagena la plataforma del <strong>proyecto europeo DELI sobre Diversidad en la Econom\u00eda<\/strong>.<\/em><\/p>\n<p>Cartagena es una de las diez ciudades europeas que participa en esta iniciativa junto con Viena, Lisboa, Munich, Dublin, Bucarest, Getxo, Londres, Rotterdam y\u00a0Reggio Emilia.<!--more--><\/p>\n<p>Junto a <a href=\"http:\/\/www.urbincasa.es\" target=\"_blank\"><strong>Urbincasa<\/strong><\/a>\u00a0participan, adem\u00e1s de las administraciones p\u00fablicas y asociaciones representantes del tejido social y empresarial de la Comarca, otras 9 empresas entre las que destacan:\u00a0<strong>REPSOL, NAVANTIA, ILBOC (antes conocida como SKSOL), SABIC o La Manga Club<\/strong>.<\/p>\n<h1><a href=\"http:\/\/adle.cartagena.es\/files\/19-1122-DOC_FICHERO1\/folleto%20deli.pdf\" target=\"_blank\">\u00bfQu\u00e9 es el proyecto DELI?<\/a><\/h1>\n<p><a href=\"https:\/\/urbincasa.es\/blog\/wp-content\/uploads\/2014\/11\/Programa-DELI.jpg\"><img loading=\"lazy\" decoding=\"async\" class=\"alignleft  wp-image-4348\" alt=\"Proyecto DELI\" src=\"https:\/\/urbincasa.es\/blog\/wp-content\/uploads\/2014\/11\/Programa-DELI-300x152.jpg\" width=\"198\" height=\"100\" srcset=\"https:\/\/urbincasa.es\/blog\/wp-content\/uploads\/2014\/11\/Programa-DELI-300x152.jpg 300w, https:\/\/urbincasa.es\/blog\/wp-content\/uploads\/2014\/11\/Programa-DELI-1024x522.jpg 1024w, https:\/\/urbincasa.es\/blog\/wp-content\/uploads\/2014\/11\/Programa-DELI-500x254.jpg 500w, https:\/\/urbincasa.es\/blog\/wp-content\/uploads\/2014\/11\/Programa-DELI-900x458.jpg 900w, https:\/\/urbincasa.es\/blog\/wp-content\/uploads\/2014\/11\/Programa-DELI.jpg 1853w\" sizes=\"auto, (max-width: 198px) 100vw, 198px\" \/><\/a>El <span style=\"text-decoration: underline;\">Proyecto Deli<\/span>,\u00a0liderado por el Consejo de Europa, tiene el objetivo de promover el crecimiento de la econom\u00eda local a trav\u00e9s de la integraci\u00f3n de la poblaci\u00f3n extranjera. Para eso se centra en cuatro puntos b\u00e1sicos:<\/p>\n<ul>\n<li>Apoyar el desarrollo de <strong>plataformas de cooperaci\u00f3n local<\/strong> con miras a la participaci\u00f3n de actores p\u00fablicos y privados locales en el apoyo a la iniciativa empresarial de inmigrantes a nivel local.<\/li>\n<\/ul>\n<p>&nbsp;<\/p>\n<ul>\n<li>Facilitar el <strong>asesoramiento empresarial a personas emprendedoras,<\/strong> en el \u00e1mbito local, especialmente a colectivos con especiales dificultades de acceso al mercado laboral y que contribuyan a la creaci\u00f3n de empleo y riqueza en la econom\u00eda local.<\/li>\n<\/ul>\n<p>&nbsp;<\/p>\n<ul>\n<li><strong>Desarrollar est\u00e1ndares de gesti\u00f3n de calidad<\/strong> y herramientas de evaluaci\u00f3n para los Gobiernos Locales que apoyan el dise\u00f1o y la implementaci\u00f3n de pol\u00edticas econ\u00f3micas coherentes con los principios de igualdad de trato, integraci\u00f3n y gesti\u00f3n de la diversidad.<\/li>\n<\/ul>\n<p>&nbsp;<\/p>\n<ul>\n<li>Poner en valor la <strong>gesti\u00f3n de la diversidad en las empresas<\/strong> como ventajas competitivas.<\/li>\n<\/ul>\n<p>&nbsp;<\/p>\n<p>El proyecto DELI est\u00e1 financiado por el\u00a0 Fondo de Integraci\u00f3n Europeo y cuenta con la participaci\u00f3n de Migration Polity Group.<\/p>\n<p><strong>Puedes conocernos un poco mejor a trav\u00e9s de <a href=\"https:\/\/urbincasa.es\/inmobiliaria\/es\/nosotros\/2\" target=\"_blank\">nuestra historia<\/a> y <a href=\"https:\/\/urbincasa.es\/inmobiliaria\/es\/comprometidos\/11\" target=\"_blank\">nuestros valores<\/a>.<\/strong><\/p>\n","protected":false},"excerpt":{"rendered":"<p>Urbincasa ha sido una de las empresas invitadas para constituir en Cartagena la plataforma del proyecto europeo DELI sobre Diversidad en la Econom\u00eda. Cartagena es una de las diez ciudades europeas que participa en esta iniciativa junto con Viena, Lisboa, Munich, Dublin, Bucarest, Getxo, Londres, Rotterdam y\u00a0Reggio Emilia.<\/p>\n","protected":false},"author":3,"featured_media":4348,"comment_status":"open","ping_status":"open","sticky":false,"template":"","format":"standard","meta":{"footnotes":""},"categories":[7,11],"tags":[35,539,540,538,537],"class_list":["post-4345","post","type-post","status-publish","format-standard","has-post-thumbnail","hentry","category-compromiso-social","category-informacion","tag-cartagena","tag-deli","tag-integracion","tag-plataforma","tag-proyecto-europeo"],"_links":{"self":[{"href":"https:\/\/urbincasa.es\/blog\/wp-json\/wp\/v2\/posts\/4345","targetHints":{"allow":["GET"]}}],"collection":[{"href":"https:\/\/urbincasa.es\/blog\/wp-json\/wp\/v2\/posts"}],"about":[{"href":"https:\/\/urbincasa.es\/blog\/wp-json\/wp\/v2\/types\/post"}],"author":[{"embeddable":true,"href":"https:\/\/urbincasa.es\/blog\/wp-json\/wp\/v2\/users\/3"}],"replies":[{"embeddable":true,"href":"https:\/\/urbincasa.es\/blog\/wp-json\/wp\/v2\/comments?post=4345"}],"version-history":[{"count":11,"href":"https:\/\/urbincasa.es\/blog\/wp-json\/wp\/v2\/posts\/4345\/revisions"}],"predecessor-version":[{"id":4356,"href":"https:\/\/urbincasa.es\/blog\/wp-json\/wp\/v2\/posts\/4345\/revisions\/4356"}],"wp:featuredmedia":[{"embeddable":true,"href":"https:\/\/urbincasa.es\/blog\/wp-json\/wp\/v2\/media\/4348"}],"wp:attachment":[{"href":"https:\/\/urbincasa.es\/blog\/wp-json\/wp\/v2\/media?parent=4345"}],"wp:term":[{"taxonomy":"category","embeddable":true,"href":"https:\/\/urbincasa.es\/blog\/wp-json\/wp\/v2\/categories?post=4345"},{"taxonomy":"post_tag","embeddable":true,"href":"https:\/\/urbincasa.es\/blog\/wp-json\/wp\/v2\/tags?post=4345"}],"curies":[{"name":"wp","href":"https:\/\/api.w.org\/{rel}","templated":true}]}}