{"id":4404,"date":"2015-01-02T10:19:03","date_gmt":"2015-01-02T08:19:03","guid":{"rendered":"https:\/\/urbincasa.es\/blog\/?p=4404"},"modified":"2015-01-02T10:19:03","modified_gmt":"2015-01-02T08:19:03","slug":"lo-mejor-de-2014","status":"publish","type":"post","link":"https:\/\/urbincasa.es\/blog\/2015\/01\/lo-mejor-de-2014\/","title":{"rendered":"Lo mejor de 2014 en nuestro blog &#8211; Urbincasa"},"content":{"rendered":"<div id=\"bsf_rt_marker\"><\/div><p><a href=\"https:\/\/urbincasa.es\/blog\/wp-content\/uploads\/2015\/01\/lo-mejor-de-2014.jpg\"><img loading=\"lazy\" decoding=\"async\" class=\"alignleft  wp-image-4410\" alt=\"lo mejor de 2014\" src=\"https:\/\/urbincasa.es\/blog\/wp-content\/uploads\/2015\/01\/lo-mejor-de-2014-300x225.jpg\" width=\"180\" height=\"135\" srcset=\"https:\/\/urbincasa.es\/blog\/wp-content\/uploads\/2015\/01\/lo-mejor-de-2014-300x225.jpg 300w, https:\/\/urbincasa.es\/blog\/wp-content\/uploads\/2015\/01\/lo-mejor-de-2014-400x300.jpg 400w, https:\/\/urbincasa.es\/blog\/wp-content\/uploads\/2015\/01\/lo-mejor-de-2014-900x675.jpg 900w, https:\/\/urbincasa.es\/blog\/wp-content\/uploads\/2015\/01\/lo-mejor-de-2014.jpg 1000w\" sizes=\"auto, (max-width: 180px) 100vw, 180px\" \/><\/a>Estamos en el primer d\u00eda laboral del a\u00f1o, y aunque <strong>miramos con optimismo y energ\u00eda hacia este 2015<\/strong> tambi\u00e9n es el momento de hacer balance y ver qu\u00e9 hab\u00e9is elegido sin daros cuenta como lo mejor de 2014.<!--more--><\/p>\n<p>Durante los \u00faltimos 12 meses en De t\u00fa a t\u00fa hemos tenido un poco de todo; decoraci\u00f3n, informaci\u00f3n, consejos, eventos&#8230; <strong>Esto hay sido lo que m\u00e1s os ha gustado de nuestro blog en 2014:\u00a0<\/strong><\/p>\n<h1>NUESTRAS NOVEDADES<\/h1>\n<p>&#8211; <a title=\"Abrimos las puertas de nuestros d\u00faplex en Cartagena\" href=\"https:\/\/urbincasa.es\/blog\/2014\/09\/abrimos-las-puertas-de-nuestros-duplex-en-cartagena\/\" target=\"_blank\">Abrimos las puertas de nuestros d\u00faplex en Cartagena<\/a><\/p>\n<p>&#8211; <a title=\"Ya puedes visitar nuestro piso piloto en Cabo de Palos \u00a1estamos de estreno!\" href=\"https:\/\/urbincasa.es\/blog\/2014\/08\/piso-piloto-en-cabo-de-palos-las-drizas\/\" target=\"_blank\">Ya tenemos piso piloto en Cabo de Palos<\/a><\/p>\n<p>&#8211; <a title=\"Entrelares 4 \u2013 La revista hecha en (Urbin) casa\" href=\"https:\/\/urbincasa.es\/blog\/2014\/07\/revista-entrelares-4-hecha-en-casa\/\">Presentamos Entrelares 4. Descarga gratis la revista<\/a><\/p>\n<h1>DECORACI\u00d3N<\/h1>\n<p>&#8211; <a title=\"C\u00f3mo decorar pisos de alquiler. Trucos e ideas\" href=\"https:\/\/urbincasa.es\/blog\/2014\/01\/decorar-pisos-de-alquiler\/\" target=\"_blank\">Decorar pisos de alquiler sin enfadar al casero<\/a><\/p>\n<p>&#8211; <a title=\"Organizar la mesa de estudio o el \u00e1rea de trabajo\" href=\"https:\/\/urbincasa.es\/blog\/2013\/09\/decoracion-organizar-mesa-de-estudio-o-trabajo\/\" target=\"_blank\">Aprende a organizar tu mesa de estudio o de trabajo en casa<\/a><\/p>\n<p>&#8211;<a href=\"https:\/\/urbincasa.es\/blog\/2014\/02\/erorres-decorar-un-dormitorio\/\" target=\"_blank\"> Los errores m\u00e1s comunes a la hora de decorar un dormitorio<\/a><\/p>\n<h1>INFORMACI\u00d3N<\/h1>\n<p>&#8211; <a title=\"Explicamos el Libro del Edificio\" href=\"https:\/\/urbincasa.es\/blog\/2012\/03\/explicamos-el-libro-del-edificio\/\">Te explicamos qu\u00e9 es el libro del edificio<\/a><\/p>\n<p>&#8211; <a title=\"Vivir en la playa: los beneficios del mar\" href=\"https:\/\/urbincasa.es\/blog\/2013\/08\/vivir-playa-beneficios-del-mar\/\" target=\"_blank\">Beneficios de vivir junto al mar\u00a0<\/a><\/p>\n<p>&#8211; <a title=\"Factores para calcular el alquiler que tienes que cobrar por tu casa\" href=\"https:\/\/urbincasa.es\/blog\/2014\/11\/casa-calcular-el-alquiler\/\" target=\"_blank\">Factores para calcular el precio justo por tu casa en alquiler<\/a><\/p>\n<p>Y por supuesto, las reinas absolutas de nuestro blog este a\u00f1o han sido las <strong>CASAS DESTACADAS<\/strong>. Muchas ya est\u00e1n alquiladas o tienen nuevos due\u00f1os, as\u00ed que os dejamos las tres m\u00e1s visitadas de las que quedan libres:<\/p>\n<p>&#8211; <a title=\"Destacamos: Casa en Los Dolores con terraza y garaje de 100 metros\" href=\"https:\/\/urbincasa.es\/blog\/2014\/11\/destacamos-casa-en-los-dolores-terraza\/\">Casa en Los Dolores<\/a>\u00a0con garaje y terraza de 100 metros cuadrados en venta.<\/p>\n<p>&#8211; <a title=\"Destacamos: Casa en San F\u00e9lix (Cartagena)\" href=\"https:\/\/urbincasa.es\/blog\/2014\/03\/destacamos-casa-en-san-felix-cartagena\/\" target=\"_blank\">Casa en San F\u00e9lix<\/a><\/p>\n<p>&#8211; <a title=\"Destacamos: \u00e1tico en Alicante con vistas y solarium\" href=\"https:\/\/urbincasa.es\/blog\/2014\/08\/destacamos-atico-en-alicante\/\" target=\"_blank\">\u00c1tico en Alicante<\/a><\/p>\n<p>&nbsp;<\/p>\n","protected":false},"excerpt":{"rendered":"<p>Estamos en el primer d\u00eda laboral del a\u00f1o, y aunque miramos con optimismo y energ\u00eda hacia este 2015 tambi\u00e9n es el momento de hacer balance y ver qu\u00e9 hab\u00e9is elegido sin daros cuenta como lo mejor de 2014.<\/p>\n","protected":false},"author":3,"featured_media":4410,"comment_status":"open","ping_status":"open","sticky":false,"template":"","format":"standard","meta":{"footnotes":""},"categories":[1],"tags":[458,32,703,294,307],"class_list":["post-4404","post","type-post","status-publish","format-standard","has-post-thumbnail","hentry","category-sin-categoria","tag-458","tag-blog","tag-decoracion","tag-inmobiliaria","tag-urbincasa"],"_links":{"self":[{"href":"https:\/\/urbincasa.es\/blog\/wp-json\/wp\/v2\/posts\/4404","targetHints":{"allow":["GET"]}}],"collection":[{"href":"https:\/\/urbincasa.es\/blog\/wp-json\/wp\/v2\/posts"}],"about":[{"href":"https:\/\/urbincasa.es\/blog\/wp-json\/wp\/v2\/types\/post"}],"author":[{"embeddable":true,"href":"https:\/\/urbincasa.es\/blog\/wp-json\/wp\/v2\/users\/3"}],"replies":[{"embeddable":true,"href":"https:\/\/urbincasa.es\/blog\/wp-json\/wp\/v2\/comments?post=4404"}],"version-history":[{"count":7,"href":"https:\/\/urbincasa.es\/blog\/wp-json\/wp\/v2\/posts\/4404\/revisions"}],"predecessor-version":[{"id":4412,"href":"https:\/\/urbincasa.es\/blog\/wp-json\/wp\/v2\/posts\/4404\/revisions\/4412"}],"wp:featuredmedia":[{"embeddable":true,"href":"https:\/\/urbincasa.es\/blog\/wp-json\/wp\/v2\/media\/4410"}],"wp:attachment":[{"href":"https:\/\/urbincasa.es\/blog\/wp-json\/wp\/v2\/media?parent=4404"}],"wp:term":[{"taxonomy":"category","embeddable":true,"href":"https:\/\/urbincasa.es\/blog\/wp-json\/wp\/v2\/categories?post=4404"},{"taxonomy":"post_tag","embeddable":true,"href":"https:\/\/urbincasa.es\/blog\/wp-json\/wp\/v2\/tags?post=4404"}],"curies":[{"name":"wp","href":"https:\/\/api.w.org\/{rel}","templated":true}]}}