{"id":4448,"date":"2015-03-11T10:00:57","date_gmt":"2015-03-11T08:00:57","guid":{"rendered":"https:\/\/urbincasa.es\/blog\/?p=4448"},"modified":"2015-08-19T12:58:48","modified_gmt":"2015-08-19T10:58:48","slug":"urbinequipo-comercial-urbincasa-jose-vicente-lledo","status":"publish","type":"post","link":"https:\/\/urbincasa.es\/blog\/2015\/03\/urbinequipo-comercial-urbincasa-jose-vicente-lledo\/","title":{"rendered":"Jos\u00e9 Vicente, pasi\u00f3n por una profesi\u00f3n"},"content":{"rendered":"<div id=\"bsf_rt_marker\"><\/div><h2 style=\"text-align: left;\" align=\"center\">Continuamos present\u00e1ndoos a los miembros de nuestro Urbinequipo. Jos\u00e9 Vicente es el ejemplo de que los t\u00f3picos est\u00e1n para romperlos \u00bfQui\u00e9n dice que los hombres no pueden hacer dos cosas a la vez?<\/h2>\n<p><em>Papeleo, contratos, actualizaci\u00f3n de informaciones para nuestros colaboradores, visitas a las viviendas&#8230; Nuestro compa\u00f1ero es un verdadero <strong>experto del mercado inmobiliario de Alicante<\/strong> que adem\u00e1s se entrega cuerpo y alma al trabajo y a los clientes.<!--more--><\/em><\/p>\n<p><strong><a href=\"https:\/\/urbincasa.es\/blog\/wp-content\/uploads\/2015\/02\/JoseVicente.jpg\"><img loading=\"lazy\" decoding=\"async\" class=\"alignleft size-medium wp-image-4452\" alt=\"Jose Vicente lledo\" src=\"https:\/\/urbincasa.es\/blog\/wp-content\/uploads\/2015\/02\/JoseVicente-197x300.jpg\" width=\"197\" height=\"300\" srcset=\"https:\/\/urbincasa.es\/blog\/wp-content\/uploads\/2015\/02\/JoseVicente-197x300.jpg 197w, https:\/\/urbincasa.es\/blog\/wp-content\/uploads\/2015\/02\/JoseVicente.jpg 343w\" sizes=\"auto, (max-width: 197px) 100vw, 197px\" \/><\/a>Para que todos lo entiendan \u00bfen qu\u00e9 consiste exactamente tu trabajo?<\/strong><\/p>\n<p>Mi trabajo, como el de todos los comerciales de <a href=\"http:\/\/www.urbincasa.es\" target=\"_blank\">URBINCASA<\/a>, consiste en la atenci\u00f3n al cliente tanto en los puntos de venta, por email o por tel\u00e9fono. En mi caso tambi\u00e9n me encargo de ciertos aspectos que tienen que ver con nuestros agentes colaboradores.<\/p>\n<p><strong>En cuanto al trato con los clientes \u00bfQu\u00e9 crees que es lo m\u00e1s importante?<\/strong><\/p>\n<p>Mi experiencia me dice que al final lo m\u00e1s importante es tratar al cliente con mucha atenci\u00f3n, cortes\u00eda e incluso cari\u00f1o. Casi como si fueran de la familia.<\/p>\n<p><strong>Quien haya estado en alguno de <a title=\"Pisos en Alicante\" href=\"https:\/\/urbincasa.es\/inmobiliaria\/es\/promociones\/3\/playa-san-juan-alicante\" target=\"_blank\">nuestros residenciales en Alicante<\/a>, habr\u00e1n visto como los clientes saludan y muestran el cari\u00f1o que tienen a los diferentes comerciales. \u00bfNot\u00e1is ese cari\u00f1o?<\/strong><\/p>\n<p>Claro que lo notamos. Tanto mis compa\u00f1eros como yo tenemos muchos clientes a los que saludamos no solo en el residencial, tambi\u00e9n los vemos en otras partes y siempre son muy amables. Creo que es el resultado del trato que recibieron de nuestra parte. Las sonrisas sinceras siempre dejan buenas sensaciones.<\/p>\n<p><strong>Llevas muchos a\u00f1os formando parte del <a title=\"Conoce al equipo de Urbincasa\" href=\"https:\/\/urbincasa.es\/blog\/category\/urbinequipo\/\" target=\"_blank\">Urbinequipo<\/a> pero tu relaci\u00f3n con el sector inmobiliario viene de mucho m\u00e1s lejos. Cu\u00e9ntanos cuales son tus primeros recuerdos relacionados con el sector.<\/strong><\/p>\n<p>Efectivamente, llevo 5 a\u00f1os en Urbincasa y en total m\u00e1s de 16 en el sector inmobiliario pero desde muy peque\u00f1o he estado ligado a trav\u00e9s de mi padre. \u00c9l fue promotor y constructor y cuando yo era peque\u00f1o recuerdo que terminaba los deberes a veces me iba con \u00e9l a ver las obras.<\/p>\n<p><strong>Durante todos estos a\u00f1os has vendido much\u00edsimas casas en diferentes residenciales de URBINCASA \u00bfRecuerdas alguno con especial cari\u00f1o?<\/strong><\/p>\n<p>La verdad es que s\u00ed, he pasado por muchos residenciales pero es posible que donde m\u00e1s haya disfrutado haya sido en <a href=\"https:\/\/urbincasa.es\/inmobiliaria\/es\/promociones\/3\/guardamar-segura\/residencial-puertomarino\/2\" target=\"_blank\">Puertomarino (Guardamar del Segura)<\/a> y <a href=\"https:\/\/urbincasa.es\/inmobiliaria\/es\/promociones\/3\/playa-san-juan-alicante\/residencial-alborada\/4\" target=\"_blank\">Alborada (Playa de San Juan)<\/a>. No s\u00e9 muy bien por qu\u00e9 pero son dos residenciales que desde el principio me gustaron much\u00edsimo.<\/p>\n<p><strong>\u00bfHay alguna venta o cliente que al final no comprara que recuerdes especialmente?<\/strong><\/p>\n<p>[R\u00ede] Siempre hay ventas que han sido especialmente complicadas y cuando al final se consiguen te llenan de satisfacci\u00f3n pero en general todas son siempre peque\u00f1as alegr\u00edas. Cada venta de una vivienda lleva mucho trabajo de papeleo o conversaciones con los bancos, a veces es un proceso largo.<\/p>\n<p><b>Una vez que conocemos mejor tu trabajo queremos conocerte un poco mejor a ti.<\/b><\/p>\n<ul>\n<li><strong>En tu hogar suena\u2026 <\/strong>mis dos hijos haciendo ruido, discutiendo y hablando sin parar.<\/li>\n<li><strong>\u00bfAlg\u00fan artista en particular?:<\/strong> Me gusta mucho Coldplay<\/li>\n<li><strong>Un plan para el verano:<\/strong> Donde sea pero a la sombra, si es posible prefiero la monta\u00f1a.<\/li>\n<li><strong>\u00bfY para cuando hace fr\u00edo?: <\/strong>Un sitio donde haya nieve, no esqu\u00edo pero me encanta el paisaje.<\/li>\n<li><strong>\u00bfC\u00f3mo tomas el caf\u00e9?: <\/strong>Solo y largo<\/li>\n<li><strong>Tu casa huele a: <\/strong>Ambientador con olor a bosque<b><\/b><\/li>\n<li><strong>Un libro:<\/strong> Suelo leer libros de econom\u00eda y tambi\u00e9n cosas para aprender ingl\u00e9s.<\/li>\n<li><strong>Una pel\u00edcula:<\/strong> Cualquiera de la saga de <i>Oceans eleven<\/i><\/li>\n<li><strong>En tu casa nunca falta:<\/strong> la alegr\u00eda<\/li>\n<li><strong>Una frase:<\/strong> \u201cA un hombre se le mide por sus valores no por sus riquezas\u201d<\/li>\n<\/ul>\n<h1><\/h1>\n<h1><strong><span style=\"color: #ff0000;\">Esta entrevista forma parte de <em>Entrelares 3<\/em> &#8211; <span style=\"color: #ff0000;\"><\/span><\/span><\/strong><\/h1>\n<p><strong>Actualizaci\u00f3n:<\/strong><br \/>\nAhora, pod\u00e9is visitar a nuestro compa\u00f1ero Jos\u00e9 Vicente en la caseta de ventas del Residencial SeaColors en la playa de San Juan, Alicante.<\/p>\n","protected":false},"excerpt":{"rendered":"<p>Continuamos present\u00e1ndoos a los miembros de nuestro Urbinequipo. Jos\u00e9 Vicente es el ejemplo de que los t\u00f3picos est\u00e1n para romperlos \u00bfQui\u00e9n dice que los hombres no pueden hacer dos cosas a la vez? Papeleo, contratos, actualizaci\u00f3n de informaciones para nuestros colaboradores, visitas a las viviendas&#8230; Nuestro compa\u00f1ero es un verdadero experto del mercado inmobiliario de [&hellip;]<\/p>\n","protected":false},"author":3,"featured_media":4451,"comment_status":"open","ping_status":"open","sticky":false,"template":"","format":"standard","meta":{"footnotes":""},"categories":[18],"tags":[25,290,320,307],"class_list":["post-4448","post","type-post","status-publish","format-standard","has-post-thumbnail","hentry","category-urbinequipo","tag-alicante","tag-comercial","tag-equipo","tag-urbincasa"],"_links":{"self":[{"href":"https:\/\/urbincasa.es\/blog\/wp-json\/wp\/v2\/posts\/4448","targetHints":{"allow":["GET"]}}],"collection":[{"href":"https:\/\/urbincasa.es\/blog\/wp-json\/wp\/v2\/posts"}],"about":[{"href":"https:\/\/urbincasa.es\/blog\/wp-json\/wp\/v2\/types\/post"}],"author":[{"embeddable":true,"href":"https:\/\/urbincasa.es\/blog\/wp-json\/wp\/v2\/users\/3"}],"replies":[{"embeddable":true,"href":"https:\/\/urbincasa.es\/blog\/wp-json\/wp\/v2\/comments?post=4448"}],"version-history":[{"count":10,"href":"https:\/\/urbincasa.es\/blog\/wp-json\/wp\/v2\/posts\/4448\/revisions"}],"predecessor-version":[{"id":4457,"href":"https:\/\/urbincasa.es\/blog\/wp-json\/wp\/v2\/posts\/4448\/revisions\/4457"}],"wp:featuredmedia":[{"embeddable":true,"href":"https:\/\/urbincasa.es\/blog\/wp-json\/wp\/v2\/media\/4451"}],"wp:attachment":[{"href":"https:\/\/urbincasa.es\/blog\/wp-json\/wp\/v2\/media?parent=4448"}],"wp:term":[{"taxonomy":"category","embeddable":true,"href":"https:\/\/urbincasa.es\/blog\/wp-json\/wp\/v2\/categories?post=4448"},{"taxonomy":"post_tag","embeddable":true,"href":"https:\/\/urbincasa.es\/blog\/wp-json\/wp\/v2\/tags?post=4448"}],"curies":[{"name":"wp","href":"https:\/\/api.w.org\/{rel}","templated":true}]}}