{"id":4491,"date":"2015-03-09T08:00:10","date_gmt":"2015-03-09T06:00:10","guid":{"rendered":"https:\/\/urbincasa.es\/blog\/?p=4491"},"modified":"2015-06-25T17:40:06","modified_gmt":"2015-06-25T15:40:06","slug":"destacamos-precioso-piso-en-cartagena","status":"publish","type":"post","link":"https:\/\/urbincasa.es\/blog\/2015\/03\/destacamos-precioso-piso-en-cartagena\/","title":{"rendered":"Destacamos: Precioso piso en Cartagena junto a Paseo Alfonso XIII"},"content":{"rendered":"<div id=\"bsf_rt_marker\"><\/div><p><strong>\u00bfBuscas un piso en Cartagena c\u00e9ntrico y en magn\u00edfico estado? <\/strong>Si es justo lo que est\u00e1s buscando te va a encantar nuestra casa destacada de hoy.<!--more--><\/p>\n<p>Acabamos de a\u00f1adir a <strong>nuestra cartera de pisos en Cartagena<\/strong> esta vivienda que seguro que os va a gustar si lo que est\u00e1is buscando es una vivienda en el <strong>casco urbano de la ciudad, luz natural y un estado impecable para entrar a vivir<\/strong>.<\/p>\n<h1>\u00bfPor qu\u00e9 destacamos este piso en Cartagena?<\/h1>\n<p><a href=\"https:\/\/urbincasa.es\/blog\/wp-content\/uploads\/2015\/03\/pisoencartagena-Large.jpg\"><img loading=\"lazy\" decoding=\"async\" class=\"alignleft size-medium wp-image-4499\" alt=\"piso en cartagena\" src=\"https:\/\/urbincasa.es\/blog\/wp-content\/uploads\/2015\/03\/pisoencartagena-Large-300x225.jpg\" width=\"300\" height=\"225\" srcset=\"https:\/\/urbincasa.es\/blog\/wp-content\/uploads\/2015\/03\/pisoencartagena-Large-300x225.jpg 300w, https:\/\/urbincasa.es\/blog\/wp-content\/uploads\/2015\/03\/pisoencartagena-Large-400x300.jpg 400w, https:\/\/urbincasa.es\/blog\/wp-content\/uploads\/2015\/03\/pisoencartagena-Large-900x675.jpg 900w, https:\/\/urbincasa.es\/blog\/wp-content\/uploads\/2015\/03\/pisoencartagena-Large.jpg 1024w\" sizes=\"auto, (max-width: 300px) 100vw, 300px\" \/><\/a><\/p>\n<p>&#8211; <span style=\"text-decoration: underline;\">La luz natural<\/span>: este piso destaca por lo luminoso que es. Las grandes ventanas son las protagonistas del sal\u00f3n comedor pero tambi\u00e9n de los dormitorios e incluso de la cocina.<\/p>\n<p>&#8211; <span style=\"text-decoration: underline;\">Sal\u00f3n<\/span>: La vivienda ten\u00eda anteriormente cuatro dormitorios pero uno de ellos se le ha a\u00f1adido al sal\u00f3n haciendo de este una estancia muy amplia y vers\u00e1til.<\/p>\n<p>&#8211; <span style=\"text-decoration: underline;\">Espacio<\/span>: El piso, adem\u00e1s de un amplio sal\u00f3n, cuenta con <strong>3 dormitorios y 2 ba\u00f1os completos<\/strong>.<\/p>\n<p>&#8211; <span style=\"text-decoration: underline;\">Cocina<\/span>: Completamente equipada, luminosa y amplia \u00bfqu\u00e9 m\u00e1s quieres?<\/p>\n<p>&#8211;\u00a0<span style=\"text-decoration: underline;\">Armarios<\/span>: Los tres dormitorios cuentan con armarios empotrados y completamente vestidos con cajoneras incluidas.<\/p>\n<p>&#8211; <span style=\"text-decoration: underline;\">Extras<\/span>: La vivienda tiene varios extras incluidos como la <strong>tarima y dos aparatos de aire acondicionado<\/strong>. A esto hay que sumar que la <strong>plaza de garaje est\u00e1 incluida<\/strong> en el precio y los ya citados armarios empotrados y cocina equipada.<\/p>\n<div id='gallery-1' class='gallery galleryid-4491 gallery-columns-3 gallery-size-thumbnail'><figure class='gallery-item'>\n\t\t\t<div class='gallery-icon landscape'>\n\t\t\t\t<a href='https:\/\/urbincasa.es\/blog\/2015\/03\/destacamos-precioso-piso-en-cartagena\/pisoencartagena-8-large\/'><img loading=\"lazy\" decoding=\"async\" width=\"150\" height=\"150\" src=\"https:\/\/urbincasa.es\/blog\/wp-content\/uploads\/2015\/03\/pisoencartagena-8-Large-150x150.jpg\" class=\"attachment-thumbnail size-thumbnail\" alt=\"piso en cartagena\" aria-describedby=\"gallery-1-4497\" srcset=\"https:\/\/urbincasa.es\/blog\/wp-content\/uploads\/2015\/03\/pisoencartagena-8-Large-150x150.jpg 150w, https:\/\/urbincasa.es\/blog\/wp-content\/uploads\/2015\/03\/pisoencartagena-8-Large-300x300.jpg 300w\" sizes=\"auto, (max-width: 150px) 100vw, 150px\" \/><\/a>\n\t\t\t<\/div>\n\t\t\t\t<figcaption class='wp-caption-text gallery-caption' id='gallery-1-4497'>\n\t\t\t\tAmplios armarios empotrados\n\t\t\t\t<\/figcaption><\/figure><figure class='gallery-item'>\n\t\t\t<div class='gallery-icon landscape'>\n\t\t\t\t<a href='https:\/\/urbincasa.es\/blog\/2015\/03\/destacamos-precioso-piso-en-cartagena\/pisoencartagena-9-large\/'><img loading=\"lazy\" decoding=\"async\" width=\"150\" height=\"150\" src=\"https:\/\/urbincasa.es\/blog\/wp-content\/uploads\/2015\/03\/pisoencartagena-9-Large-150x150.jpg\" class=\"attachment-thumbnail size-thumbnail\" alt=\"piso en cartagena\" aria-describedby=\"gallery-1-4498\" srcset=\"https:\/\/urbincasa.es\/blog\/wp-content\/uploads\/2015\/03\/pisoencartagena-9-Large-150x150.jpg 150w, https:\/\/urbincasa.es\/blog\/wp-content\/uploads\/2015\/03\/pisoencartagena-9-Large-300x300.jpg 300w\" sizes=\"auto, (max-width: 150px) 100vw, 150px\" \/><\/a>\n\t\t\t<\/div>\n\t\t\t\t<figcaption class='wp-caption-text gallery-caption' id='gallery-1-4498'>\n\t\t\t\tArmarios vestidos\n\t\t\t\t<\/figcaption><\/figure><figure class='gallery-item'>\n\t\t\t<div class='gallery-icon landscape'>\n\t\t\t\t<a href='https:\/\/urbincasa.es\/blog\/2015\/03\/destacamos-precioso-piso-en-cartagena\/pisoencartagena-10-large\/'><img loading=\"lazy\" decoding=\"async\" width=\"150\" height=\"150\" src=\"https:\/\/urbincasa.es\/blog\/wp-content\/uploads\/2015\/03\/pisoencartagena-10-Large-150x150.jpg\" class=\"attachment-thumbnail size-thumbnail\" alt=\"piso en cartagena\" aria-describedby=\"gallery-1-4501\" srcset=\"https:\/\/urbincasa.es\/blog\/wp-content\/uploads\/2015\/03\/pisoencartagena-10-Large-150x150.jpg 150w, https:\/\/urbincasa.es\/blog\/wp-content\/uploads\/2015\/03\/pisoencartagena-10-Large-300x300.jpg 300w\" sizes=\"auto, (max-width: 150px) 100vw, 150px\" \/><\/a>\n\t\t\t<\/div>\n\t\t\t\t<figcaption class='wp-caption-text gallery-caption' id='gallery-1-4501'>\n\t\t\t\tLuz natural\n\t\t\t\t<\/figcaption><\/figure><figure class='gallery-item'>\n\t\t\t<div class='gallery-icon landscape'>\n\t\t\t\t<a href='https:\/\/urbincasa.es\/blog\/2015\/03\/destacamos-precioso-piso-en-cartagena\/pisoencartagena-1-large\/'><img loading=\"lazy\" decoding=\"async\" width=\"150\" height=\"150\" src=\"https:\/\/urbincasa.es\/blog\/wp-content\/uploads\/2015\/03\/pisoencartagena-1-Large-150x150.jpg\" class=\"attachment-thumbnail size-thumbnail\" alt=\"piso en cartagena\" aria-describedby=\"gallery-1-4500\" srcset=\"https:\/\/urbincasa.es\/blog\/wp-content\/uploads\/2015\/03\/pisoencartagena-1-Large-150x150.jpg 150w, https:\/\/urbincasa.es\/blog\/wp-content\/uploads\/2015\/03\/pisoencartagena-1-Large-300x300.jpg 300w\" sizes=\"auto, (max-width: 150px) 100vw, 150px\" \/><\/a>\n\t\t\t<\/div>\n\t\t\t\t<figcaption class='wp-caption-text gallery-caption' id='gallery-1-4500'>\n\t\t\t\tpuerta de seguridad\n\t\t\t\t<\/figcaption><\/figure><figure class='gallery-item'>\n\t\t\t<div class='gallery-icon landscape'>\n\t\t\t\t<a href='https:\/\/urbincasa.es\/blog\/2015\/03\/destacamos-precioso-piso-en-cartagena\/pisoencartagena-15-large\/'><img loading=\"lazy\" decoding=\"async\" width=\"150\" height=\"150\" src=\"https:\/\/urbincasa.es\/blog\/wp-content\/uploads\/2015\/03\/pisoencartagena-15-Large-150x150.jpg\" class=\"attachment-thumbnail size-thumbnail\" alt=\"piso en cartagena\" aria-describedby=\"gallery-1-4506\" srcset=\"https:\/\/urbincasa.es\/blog\/wp-content\/uploads\/2015\/03\/pisoencartagena-15-Large-150x150.jpg 150w, https:\/\/urbincasa.es\/blog\/wp-content\/uploads\/2015\/03\/pisoencartagena-15-Large-300x300.jpg 300w\" sizes=\"auto, (max-width: 150px) 100vw, 150px\" \/><\/a>\n\t\t\t<\/div>\n\t\t\t\t<figcaption class='wp-caption-text gallery-caption' id='gallery-1-4506'>\n\t\t\t\tAire acondicionado\n\t\t\t\t<\/figcaption><\/figure><figure class='gallery-item'>\n\t\t\t<div class='gallery-icon landscape'>\n\t\t\t\t<a href='https:\/\/urbincasa.es\/blog\/2015\/03\/destacamos-precioso-piso-en-cartagena\/pisoencartagena-2-large\/'><img loading=\"lazy\" decoding=\"async\" width=\"150\" height=\"150\" src=\"https:\/\/urbincasa.es\/blog\/wp-content\/uploads\/2015\/03\/pisoencartagena-2-Large-150x150.jpg\" class=\"attachment-thumbnail size-thumbnail\" alt=\"piso en cartagena\" aria-describedby=\"gallery-1-4511\" srcset=\"https:\/\/urbincasa.es\/blog\/wp-content\/uploads\/2015\/03\/pisoencartagena-2-Large-150x150.jpg 150w, https:\/\/urbincasa.es\/blog\/wp-content\/uploads\/2015\/03\/pisoencartagena-2-Large-300x300.jpg 300w\" sizes=\"auto, (max-width: 150px) 100vw, 150px\" \/><\/a>\n\t\t\t<\/div>\n\t\t\t\t<figcaption class='wp-caption-text gallery-caption' id='gallery-1-4511'>\n\t\t\t\tCocina equipada\n\t\t\t\t<\/figcaption><\/figure><figure class='gallery-item'>\n\t\t\t<div class='gallery-icon landscape'>\n\t\t\t\t<a href='https:\/\/urbincasa.es\/blog\/2015\/03\/destacamos-precioso-piso-en-cartagena\/pisoencartagena-18-large\/'><img loading=\"lazy\" decoding=\"async\" width=\"150\" height=\"150\" src=\"https:\/\/urbincasa.es\/blog\/wp-content\/uploads\/2015\/03\/pisoencartagena-18-Large-150x150.jpg\" class=\"attachment-thumbnail size-thumbnail\" alt=\"piso en cartagena\" aria-describedby=\"gallery-1-4509\" srcset=\"https:\/\/urbincasa.es\/blog\/wp-content\/uploads\/2015\/03\/pisoencartagena-18-Large-150x150.jpg 150w, https:\/\/urbincasa.es\/blog\/wp-content\/uploads\/2015\/03\/pisoencartagena-18-Large-300x300.jpg 300w\" sizes=\"auto, (max-width: 150px) 100vw, 150px\" \/><\/a>\n\t\t\t<\/div>\n\t\t\t\t<figcaption class='wp-caption-text gallery-caption' id='gallery-1-4509'>\n\t\t\t\tEspaciosa cocina\n\t\t\t\t<\/figcaption><\/figure><figure class='gallery-item'>\n\t\t\t<div class='gallery-icon landscape'>\n\t\t\t\t<a href='https:\/\/urbincasa.es\/blog\/2015\/03\/destacamos-precioso-piso-en-cartagena\/pisoencartagena-5-large\/'><img loading=\"lazy\" decoding=\"async\" width=\"150\" height=\"150\" src=\"https:\/\/urbincasa.es\/blog\/wp-content\/uploads\/2015\/03\/pisoencartagena-5-Large-150x150.jpg\" class=\"attachment-thumbnail size-thumbnail\" alt=\"piso en cartagena\" aria-describedby=\"gallery-1-4514\" srcset=\"https:\/\/urbincasa.es\/blog\/wp-content\/uploads\/2015\/03\/pisoencartagena-5-Large-150x150.jpg 150w, https:\/\/urbincasa.es\/blog\/wp-content\/uploads\/2015\/03\/pisoencartagena-5-Large-300x300.jpg 300w\" sizes=\"auto, (max-width: 150px) 100vw, 150px\" \/><\/a>\n\t\t\t<\/div>\n\t\t\t\t<figcaption class='wp-caption-text gallery-caption' id='gallery-1-4514'>\n\t\t\t\tBa\u00f1o completo\n\t\t\t\t<\/figcaption><\/figure>\n\t\t<\/div>\n\n<h1>\u00a0Este piso en Cartagena se vende por\u00a0150.000\u20ac<\/h1>\n<p><a href=\"https:\/\/urbincasa.es\/inmobiliaria\/es\/quiero-mas-informacion\/1\/8\/?ref=3716-002859&amp;fuente=a0eD000000EyAelIAF\" target=\"_blank\"><img loading=\"lazy\" decoding=\"async\" class=\"size-full wp-image-4324 aligncenter\" alt=\"boton info\" src=\"https:\/\/urbincasa.es\/blog\/wp-content\/uploads\/2014\/11\/botoninfo.png\" width=\"300\" height=\"100\" \/><\/a><\/p>\n","protected":false},"excerpt":{"rendered":"<p>\u00bfBuscas un piso en Cartagena c\u00e9ntrico y en magn\u00edfico estado? Si es justo lo que est\u00e1s buscando te va a encantar nuestra casa destacada de hoy.<\/p>\n","protected":false},"author":3,"featured_media":4499,"comment_status":"open","ping_status":"open","sticky":false,"template":"","format":"standard","meta":{"footnotes":""},"categories":[281,23],"tags":[35,294,401,305],"class_list":["post-4491","post","type-post","status-publish","format-standard","has-post-thumbnail","hentry","category-urbincasashop","category-viviendas-cartagena","tag-cartagena","tag-inmobiliaria","tag-piso","tag-venta"],"_links":{"self":[{"href":"https:\/\/urbincasa.es\/blog\/wp-json\/wp\/v2\/posts\/4491","targetHints":{"allow":["GET"]}}],"collection":[{"href":"https:\/\/urbincasa.es\/blog\/wp-json\/wp\/v2\/posts"}],"about":[{"href":"https:\/\/urbincasa.es\/blog\/wp-json\/wp\/v2\/types\/post"}],"author":[{"embeddable":true,"href":"https:\/\/urbincasa.es\/blog\/wp-json\/wp\/v2\/users\/3"}],"replies":[{"embeddable":true,"href":"https:\/\/urbincasa.es\/blog\/wp-json\/wp\/v2\/comments?post=4491"}],"version-history":[{"count":18,"href":"https:\/\/urbincasa.es\/blog\/wp-json\/wp\/v2\/posts\/4491\/revisions"}],"predecessor-version":[{"id":4525,"href":"https:\/\/urbincasa.es\/blog\/wp-json\/wp\/v2\/posts\/4491\/revisions\/4525"}],"wp:featuredmedia":[{"embeddable":true,"href":"https:\/\/urbincasa.es\/blog\/wp-json\/wp\/v2\/media\/4499"}],"wp:attachment":[{"href":"https:\/\/urbincasa.es\/blog\/wp-json\/wp\/v2\/media?parent=4491"}],"wp:term":[{"taxonomy":"category","embeddable":true,"href":"https:\/\/urbincasa.es\/blog\/wp-json\/wp\/v2\/categories?post=4491"},{"taxonomy":"post_tag","embeddable":true,"href":"https:\/\/urbincasa.es\/blog\/wp-json\/wp\/v2\/tags?post=4491"}],"curies":[{"name":"wp","href":"https:\/\/api.w.org\/{rel}","templated":true}]}}