{"id":4530,"date":"2015-03-25T13:08:03","date_gmt":"2015-03-25T11:08:03","guid":{"rendered":"https:\/\/urbincasa.es\/blog\/?p=4530"},"modified":"2016-01-07T12:32:51","modified_gmt":"2016-01-07T10:32:51","slug":"destacamos-piso-en-venta-cartagena-diseno","status":"publish","type":"post","link":"https:\/\/urbincasa.es\/blog\/2015\/03\/destacamos-piso-en-venta-cartagena-diseno\/","title":{"rendered":"Destacamos: Piso en venta en Cartagena. Dise\u00f1o en turquesa"},"content":{"rendered":"<div id=\"bsf_rt_marker\"><\/div><p>Volvemos con las recomendaciones de nuestra <a title=\"Inmobiliaria Cartagena\" href=\"http:\/\/www.urbincasashop.com\" target=\"_blank\">inmobiliaria en Cartagena<\/a>. Hoy tenemos un <strong>piso en venta en Los Dolores<\/strong> completamente reformado, moderno y con un precio que lo convierten en una verdadera ocasi\u00f3n. \u00a0<!--more--><\/p>\n<p>Cuando buscamos una <strong>casa en venta<\/strong> par plantearnos cambiar de vivienda vemos muchas, muchas, muchas, fotograf\u00edas \u00bfverdad? Una de las cosas que m\u00e1s nos ha llamado la atenci\u00f3n de este<strong> piso en Cartagena<\/strong> es que su estilo no ha pasado desapercibido a ninguno de nuestros compa\u00f1eros.<\/p>\n<p>Moderno, fresco y alegre adem\u00e1s de por supuesto original.<\/p>\n<p style=\"text-align: right;\"><a title=\"Piso en venta\" href=\"https:\/\/urbincasa.es\/inmobiliaria\/es\/quiero-mas-informacion\/1\/8\/?ref=3716-002806&amp;fuente=a0eD000000EyAelIAF\"><img loading=\"lazy\" decoding=\"async\" class=\"wp-image-4324\" alt=\"boton info\" src=\"https:\/\/urbincasa.es\/blog\/wp-content\/uploads\/2014\/11\/botoninfo.png\" width=\"210\" height=\"70\" \/><\/a><\/p>\n<h1>\u00bfPor qu\u00e9 destacamos este piso en venta en Los Dolores?<\/h1>\n<p>&#8211; <span style=\"text-decoration: underline;\">Estado<\/span>: El piso se encuentra en perfectas condiciones para entrar a vivir hoy mismo. Reci\u00e9n reformado, los nuevos propietarios tendr\u00e1n cocina y ba\u00f1o practicamente nuevos.<\/p>\n<p>&#8211; <span style=\"text-decoration: underline;\">Cocina<\/span>: Como hemos dicho est\u00e1 en perfecto estado y adem\u00e1s se entrega completamente equipada con horno, microondas, nevera y vitrocer\u00e1mica. Adem\u00e1s, la reforma la hizo mucho m\u00e1s luminosa y amplia con apertura a la zona del sal\u00f3n y a la galer\u00eda.<\/p>\n<div id='gallery-1' class='gallery galleryid-4530 gallery-columns-3 gallery-size-thumbnail'><figure class='gallery-item'>\n\t\t\t<div class='gallery-icon landscape'>\n\t\t\t\t<a href='https:\/\/urbincasa.es\/blog\/2015\/03\/destacamos-piso-en-venta-cartagena-diseno\/piso-en-venta-19\/'><img loading=\"lazy\" decoding=\"async\" width=\"150\" height=\"150\" src=\"https:\/\/urbincasa.es\/blog\/wp-content\/uploads\/2015\/03\/Piso-en-venta-19-150x150.jpg\" class=\"attachment-thumbnail size-thumbnail\" alt=\"Piso en venta en Cartagena\" aria-describedby=\"gallery-1-4590\" srcset=\"https:\/\/urbincasa.es\/blog\/wp-content\/uploads\/2015\/03\/Piso-en-venta-19-150x150.jpg 150w, https:\/\/urbincasa.es\/blog\/wp-content\/uploads\/2015\/03\/Piso-en-venta-19-300x300.jpg 300w\" sizes=\"auto, (max-width: 150px) 100vw, 150px\" \/><\/a>\n\t\t\t<\/div>\n\t\t\t\t<figcaption class='wp-caption-text gallery-caption' id='gallery-1-4590'>\n\t\t\t\tamplia y c\u00f3moda zona de trabajo\n\t\t\t\t<\/figcaption><\/figure><figure class='gallery-item'>\n\t\t\t<div class='gallery-icon landscape'>\n\t\t\t\t<a href='https:\/\/urbincasa.es\/blog\/2015\/03\/destacamos-piso-en-venta-cartagena-diseno\/piso-en-venta-18\/'><img loading=\"lazy\" decoding=\"async\" width=\"150\" height=\"150\" src=\"https:\/\/urbincasa.es\/blog\/wp-content\/uploads\/2015\/03\/Piso-en-venta-18-150x150.jpg\" class=\"attachment-thumbnail size-thumbnail\" alt=\"Piso en venta en Cartagena\" aria-describedby=\"gallery-1-4589\" srcset=\"https:\/\/urbincasa.es\/blog\/wp-content\/uploads\/2015\/03\/Piso-en-venta-18-150x150.jpg 150w, https:\/\/urbincasa.es\/blog\/wp-content\/uploads\/2015\/03\/Piso-en-venta-18-300x300.jpg 300w\" sizes=\"auto, (max-width: 150px) 100vw, 150px\" \/><\/a>\n\t\t\t<\/div>\n\t\t\t\t<figcaption class='wp-caption-text gallery-caption' id='gallery-1-4589'>\n\t\t\t\tElectrodom\u00e9sticos y zona desayuno\n\t\t\t\t<\/figcaption><\/figure><figure class='gallery-item'>\n\t\t\t<div class='gallery-icon landscape'>\n\t\t\t\t<a href='https:\/\/urbincasa.es\/blog\/2015\/03\/destacamos-piso-en-venta-cartagena-diseno\/piso-en-venta-20\/'><img loading=\"lazy\" decoding=\"async\" width=\"150\" height=\"150\" src=\"https:\/\/urbincasa.es\/blog\/wp-content\/uploads\/2015\/03\/Piso-en-venta-20-150x150.jpg\" class=\"attachment-thumbnail size-thumbnail\" alt=\"Piso en venta en Cartagena\" aria-describedby=\"gallery-1-4591\" srcset=\"https:\/\/urbincasa.es\/blog\/wp-content\/uploads\/2015\/03\/Piso-en-venta-20-150x150.jpg 150w, https:\/\/urbincasa.es\/blog\/wp-content\/uploads\/2015\/03\/Piso-en-venta-20-300x300.jpg 300w\" sizes=\"auto, (max-width: 150px) 100vw, 150px\" \/><\/a>\n\t\t\t<\/div>\n\t\t\t\t<figcaption class='wp-caption-text gallery-caption' id='gallery-1-4591'>\n\t\t\t\tGaler\u00eda\n\t\t\t\t<\/figcaption><\/figure>\n\t\t<\/div>\n\n<p>&#8211; <span style=\"text-decoration: underline;\">Sal\u00f3n-comedor<\/span>: <strong>Amplio, luminoso y con detalles de dise\u00f1o<\/strong> como los pa\u00f1os de pared con ladrillo visto, la estanter\u00eda de obra o las dos alturas, son algunas de las caracter\u00edsticas m\u00e1s destacadas de esta zona com\u00fan tan acogedora.<\/p>\n<div id='gallery-2' class='gallery galleryid-4530 gallery-columns-3 gallery-size-thumbnail'><figure class='gallery-item'>\n\t\t\t<div class='gallery-icon landscape'>\n\t\t\t\t<a href='https:\/\/urbincasa.es\/blog\/2015\/03\/destacamos-piso-en-venta-cartagena-diseno\/piso-en-venta-5\/'><img loading=\"lazy\" decoding=\"async\" width=\"150\" height=\"150\" src=\"https:\/\/urbincasa.es\/blog\/wp-content\/uploads\/2015\/03\/Piso-en-venta-5-150x150.jpg\" class=\"attachment-thumbnail size-thumbnail\" alt=\"Piso en venta en Cartagena\" srcset=\"https:\/\/urbincasa.es\/blog\/wp-content\/uploads\/2015\/03\/Piso-en-venta-5-150x150.jpg 150w, https:\/\/urbincasa.es\/blog\/wp-content\/uploads\/2015\/03\/Piso-en-venta-5-300x300.jpg 300w\" sizes=\"auto, (max-width: 150px) 100vw, 150px\" \/><\/a>\n\t\t\t<\/div><\/figure><figure class='gallery-item'>\n\t\t\t<div class='gallery-icon landscape'>\n\t\t\t\t<a href='https:\/\/urbincasa.es\/blog\/2015\/03\/destacamos-piso-en-venta-cartagena-diseno\/piso-en-venta-6\/'><img loading=\"lazy\" decoding=\"async\" width=\"150\" height=\"150\" src=\"https:\/\/urbincasa.es\/blog\/wp-content\/uploads\/2015\/03\/Piso-en-venta-6-150x150.jpg\" class=\"attachment-thumbnail size-thumbnail\" alt=\"Piso en venta en Cartagena\" srcset=\"https:\/\/urbincasa.es\/blog\/wp-content\/uploads\/2015\/03\/Piso-en-venta-6-150x150.jpg 150w, https:\/\/urbincasa.es\/blog\/wp-content\/uploads\/2015\/03\/Piso-en-venta-6-300x300.jpg 300w\" sizes=\"auto, (max-width: 150px) 100vw, 150px\" \/><\/a>\n\t\t\t<\/div><\/figure><figure class='gallery-item'>\n\t\t\t<div class='gallery-icon landscape'>\n\t\t\t\t<a href='https:\/\/urbincasa.es\/blog\/2015\/03\/destacamos-piso-en-venta-cartagena-diseno\/piso-en-venta-7\/'><img loading=\"lazy\" decoding=\"async\" width=\"150\" height=\"150\" src=\"https:\/\/urbincasa.es\/blog\/wp-content\/uploads\/2015\/03\/Piso-en-venta-7-150x150.jpg\" class=\"attachment-thumbnail size-thumbnail\" alt=\"Piso en venta en Cartagena\" srcset=\"https:\/\/urbincasa.es\/blog\/wp-content\/uploads\/2015\/03\/Piso-en-venta-7-150x150.jpg 150w, https:\/\/urbincasa.es\/blog\/wp-content\/uploads\/2015\/03\/Piso-en-venta-7-300x300.jpg 300w\" sizes=\"auto, (max-width: 150px) 100vw, 150px\" \/><\/a>\n\t\t\t<\/div><\/figure><figure class='gallery-item'>\n\t\t\t<div class='gallery-icon landscape'>\n\t\t\t\t<a href='https:\/\/urbincasa.es\/blog\/2015\/03\/destacamos-piso-en-venta-cartagena-diseno\/piso-en-venta-3\/'><img loading=\"lazy\" decoding=\"async\" width=\"150\" height=\"150\" src=\"https:\/\/urbincasa.es\/blog\/wp-content\/uploads\/2015\/03\/Piso-en-venta-3-150x150.jpg\" class=\"attachment-thumbnail size-thumbnail\" alt=\"Piso en venta en Cartagena\" srcset=\"https:\/\/urbincasa.es\/blog\/wp-content\/uploads\/2015\/03\/Piso-en-venta-3-150x150.jpg 150w, https:\/\/urbincasa.es\/blog\/wp-content\/uploads\/2015\/03\/Piso-en-venta-3-300x300.jpg 300w\" sizes=\"auto, (max-width: 150px) 100vw, 150px\" \/><\/a>\n\t\t\t<\/div><\/figure><figure class='gallery-item'>\n\t\t\t<div class='gallery-icon landscape'>\n\t\t\t\t<a href='https:\/\/urbincasa.es\/blog\/2015\/03\/destacamos-piso-en-venta-cartagena-diseno\/piso-en-venta-4\/'><img loading=\"lazy\" decoding=\"async\" width=\"150\" height=\"150\" src=\"https:\/\/urbincasa.es\/blog\/wp-content\/uploads\/2015\/03\/Piso-en-venta-4-150x150.jpg\" class=\"attachment-thumbnail size-thumbnail\" alt=\"Piso en venta en Cartagena\" srcset=\"https:\/\/urbincasa.es\/blog\/wp-content\/uploads\/2015\/03\/Piso-en-venta-4-150x150.jpg 150w, https:\/\/urbincasa.es\/blog\/wp-content\/uploads\/2015\/03\/Piso-en-venta-4-300x300.jpg 300w\" sizes=\"auto, (max-width: 150px) 100vw, 150px\" \/><\/a>\n\t\t\t<\/div><\/figure>\n\t\t<\/div>\n\n<p>&#8211; \u00a0<span style=\"text-decoration: underline;\">Poco pasillo<\/span>: La reforma del piso llev\u00f3 a su m\u00ednima expresi\u00f3n el pasillo distribuidor aprovechando al m\u00e1ximo el espacio y la luz natural de la vivienda.<\/p>\n<p><a href=\"https:\/\/urbincasa.es\/blog\/wp-content\/uploads\/2015\/03\/Piso-en-venta-2.jpg\"><img loading=\"lazy\" decoding=\"async\" class=\"size-medium wp-image-4573 aligncenter\" alt=\"Piso en venta en Cartagena\" src=\"https:\/\/urbincasa.es\/blog\/wp-content\/uploads\/2015\/03\/Piso-en-venta-2-300x225.jpg\" width=\"300\" height=\"225\" srcset=\"https:\/\/urbincasa.es\/blog\/wp-content\/uploads\/2015\/03\/Piso-en-venta-2-300x225.jpg 300w, https:\/\/urbincasa.es\/blog\/wp-content\/uploads\/2015\/03\/Piso-en-venta-2-400x300.jpg 400w, https:\/\/urbincasa.es\/blog\/wp-content\/uploads\/2015\/03\/Piso-en-venta-2-900x675.jpg 900w, https:\/\/urbincasa.es\/blog\/wp-content\/uploads\/2015\/03\/Piso-en-venta-2.jpg 1024w\" sizes=\"auto, (max-width: 300px) 100vw, 300px\" \/><\/a><\/p>\n<p>&#8211; <span style=\"text-decoration: underline;\">Perfecta combinaci\u00f3n entre el espacio abierto y la privacidad:<\/span>\u00a0Este detalle es la prueba de que la reforma de esta casa est\u00e1 pensada al mil\u00edmetro. Es verdad que las nuevas tendencias, venidas de EEUU y que poco a poco vemos m\u00e1s en nuestro pa\u00eds, nos hablan de espacios abiertos y con pocas divisiones (sal\u00f3n-comedor-cocina es la m\u00e1s com\u00fan) Sin embargo, muchos son los que ven en este concepto algunos problemas: privacidad (sal\u00f3n-puerta de entrada por ejemplo), olores (sal\u00f3n-cocina), etc. Este piso ha sabido conjugar los dos aspectos. Un ligero tabique separa la entrada del espacio com\u00fan dando un toque de color sin perder la amplitud del espacio. La cocina, aunque abierta, se percibe como un espacio independiente y adem\u00e1s, la zona de cocinar est\u00e1 justo en el lado cercano a la galer\u00eda, donde est\u00e1 la aireaci\u00f3n y en el puesto al sal\u00f3n.<\/p>\n<div id='gallery-3' class='gallery galleryid-4530 gallery-columns-3 gallery-size-thumbnail'><figure class='gallery-item'>\n\t\t\t<div class='gallery-icon landscape'>\n\t\t\t\t<a href='https:\/\/urbincasa.es\/blog\/2015\/03\/destacamos-piso-en-venta-cartagena-diseno\/piso-en-venta-1\/'><img loading=\"lazy\" decoding=\"async\" width=\"150\" height=\"150\" src=\"https:\/\/urbincasa.es\/blog\/wp-content\/uploads\/2015\/03\/Piso-en-venta-1-150x150.jpg\" class=\"attachment-thumbnail size-thumbnail\" alt=\"Piso en venta en Cartagena\" srcset=\"https:\/\/urbincasa.es\/blog\/wp-content\/uploads\/2015\/03\/Piso-en-venta-1-150x150.jpg 150w, https:\/\/urbincasa.es\/blog\/wp-content\/uploads\/2015\/03\/Piso-en-venta-1-300x300.jpg 300w\" sizes=\"auto, (max-width: 150px) 100vw, 150px\" \/><\/a>\n\t\t\t<\/div><\/figure><figure class='gallery-item'>\n\t\t\t<div class='gallery-icon landscape'>\n\t\t\t\t<a href='https:\/\/urbincasa.es\/blog\/2015\/03\/destacamos-piso-en-venta-cartagena-diseno\/piso-en-venta-21\/'><img loading=\"lazy\" decoding=\"async\" width=\"150\" height=\"150\" src=\"https:\/\/urbincasa.es\/blog\/wp-content\/uploads\/2015\/03\/Piso-en-venta-21-150x150.jpg\" class=\"attachment-thumbnail size-thumbnail\" alt=\"Piso en venta en Cartagena\" srcset=\"https:\/\/urbincasa.es\/blog\/wp-content\/uploads\/2015\/03\/Piso-en-venta-21-150x150.jpg 150w, https:\/\/urbincasa.es\/blog\/wp-content\/uploads\/2015\/03\/Piso-en-venta-21-300x300.jpg 300w\" sizes=\"auto, (max-width: 150px) 100vw, 150px\" \/><\/a>\n\t\t\t<\/div><\/figure>\n\t\t<\/div>\n\n<p>&#8211; <span style=\"text-decoration: underline;\">Ba\u00f1o<\/span>: Al igual que en el resto de la casa, la reforma dot\u00f3 al ba\u00f1o de detalles de calidad y dise\u00f1o. La amplia ducha con efecto lluvia cuenta cuenta con una torre chorros de masaje y con suelo de madera. Adem\u00e1s, el pav\u00e9s es una inteligente soluci\u00f3n que han utilizado para no perder la luz natural.<\/p>\n<div id='gallery-4' class='gallery galleryid-4530 gallery-columns-3 gallery-size-thumbnail'><figure class='gallery-item'>\n\t\t\t<div class='gallery-icon portrait'>\n\t\t\t\t<a href='https:\/\/urbincasa.es\/blog\/2015\/03\/destacamos-piso-en-venta-cartagena-diseno\/piso-en-venta-10\/'><img loading=\"lazy\" decoding=\"async\" width=\"150\" height=\"150\" src=\"https:\/\/urbincasa.es\/blog\/wp-content\/uploads\/2015\/03\/Piso-en-venta-10-150x150.jpg\" class=\"attachment-thumbnail size-thumbnail\" alt=\"Piso en venta en Cartagena\" srcset=\"https:\/\/urbincasa.es\/blog\/wp-content\/uploads\/2015\/03\/Piso-en-venta-10-150x150.jpg 150w, https:\/\/urbincasa.es\/blog\/wp-content\/uploads\/2015\/03\/Piso-en-venta-10-300x300.jpg 300w\" sizes=\"auto, (max-width: 150px) 100vw, 150px\" \/><\/a>\n\t\t\t<\/div><\/figure><figure class='gallery-item'>\n\t\t\t<div class='gallery-icon portrait'>\n\t\t\t\t<a href='https:\/\/urbincasa.es\/blog\/2015\/03\/destacamos-piso-en-venta-cartagena-diseno\/piso-en-venta-11\/'><img loading=\"lazy\" decoding=\"async\" width=\"150\" height=\"150\" src=\"https:\/\/urbincasa.es\/blog\/wp-content\/uploads\/2015\/03\/Piso-en-venta-11-150x150.jpg\" class=\"attachment-thumbnail size-thumbnail\" alt=\"Piso en venta en Cartagena\" srcset=\"https:\/\/urbincasa.es\/blog\/wp-content\/uploads\/2015\/03\/Piso-en-venta-11-150x150.jpg 150w, https:\/\/urbincasa.es\/blog\/wp-content\/uploads\/2015\/03\/Piso-en-venta-11-300x300.jpg 300w\" sizes=\"auto, (max-width: 150px) 100vw, 150px\" \/><\/a>\n\t\t\t<\/div><\/figure><figure class='gallery-item'>\n\t\t\t<div class='gallery-icon landscape'>\n\t\t\t\t<a href='https:\/\/urbincasa.es\/blog\/2015\/03\/destacamos-piso-en-venta-cartagena-diseno\/piso-en-venta-12\/'><img loading=\"lazy\" decoding=\"async\" width=\"150\" height=\"150\" src=\"https:\/\/urbincasa.es\/blog\/wp-content\/uploads\/2015\/03\/Piso-en-venta-12-150x150.jpg\" class=\"attachment-thumbnail size-thumbnail\" alt=\"Piso en venta en Cartagena\" srcset=\"https:\/\/urbincasa.es\/blog\/wp-content\/uploads\/2015\/03\/Piso-en-venta-12-150x150.jpg 150w, https:\/\/urbincasa.es\/blog\/wp-content\/uploads\/2015\/03\/Piso-en-venta-12-300x300.jpg 300w\" sizes=\"auto, (max-width: 150px) 100vw, 150px\" \/><\/a>\n\t\t\t<\/div><\/figure>\n\t\t<\/div>\n\n<p>&#8211; <span style=\"text-decoration: underline;\">Extras:<\/span> El suelo de tarima, las paredes lisas, el vestidor del dormitorio principal y el aparato de aire acondicionado son detalles que aumentan la calidad del piso.<\/p>\n<p>&#8211; <span style=\"text-decoration: underline;\">Relaci\u00f3n calidad\/precio<\/span>: Al final esta es la mejor parte. Este <strong>piso en venta tiene un precio de 99.000\u20ac<\/strong> con la plaza de garaje incluida.<\/p>\n<h1><strong><span style=\"color: #ff0000;\">ACTUALIZACI\u00d3N: Esta vivienda ya est\u00e1 vendida. Si buscas algo similar, <a title=\"inmobiliaria cartagena\" href=\"http:\/\/www.urbincasashop.com\" target=\"_blank\">escr\u00edbenos y te ayudamos.\u00a0<\/a><\/span><\/strong><\/h1>\n<p>&nbsp;<\/p>\n","protected":false},"excerpt":{"rendered":"<p>Volvemos con las recomendaciones de nuestra inmobiliaria en Cartagena. Hoy tenemos un piso en venta en Los Dolores completamente reformado, moderno y con un precio que lo convierten en una verdadera ocasi\u00f3n. \u00a0<\/p>\n","protected":false},"author":3,"featured_media":4532,"comment_status":"open","ping_status":"open","sticky":false,"template":"","format":"standard","meta":{"footnotes":""},"categories":[281,23],"tags":[464,35,294,401,305],"class_list":["post-4530","post","type-post","status-publish","format-standard","has-post-thumbnail","hentry","category-urbincasashop","category-viviendas-cartagena","tag-barato","tag-cartagena","tag-inmobiliaria","tag-piso","tag-venta"],"_links":{"self":[{"href":"https:\/\/urbincasa.es\/blog\/wp-json\/wp\/v2\/posts\/4530","targetHints":{"allow":["GET"]}}],"collection":[{"href":"https:\/\/urbincasa.es\/blog\/wp-json\/wp\/v2\/posts"}],"about":[{"href":"https:\/\/urbincasa.es\/blog\/wp-json\/wp\/v2\/types\/post"}],"author":[{"embeddable":true,"href":"https:\/\/urbincasa.es\/blog\/wp-json\/wp\/v2\/users\/3"}],"replies":[{"embeddable":true,"href":"https:\/\/urbincasa.es\/blog\/wp-json\/wp\/v2\/comments?post=4530"}],"version-history":[{"count":20,"href":"https:\/\/urbincasa.es\/blog\/wp-json\/wp\/v2\/posts\/4530\/revisions"}],"predecessor-version":[{"id":6733,"href":"https:\/\/urbincasa.es\/blog\/wp-json\/wp\/v2\/posts\/4530\/revisions\/6733"}],"wp:featuredmedia":[{"embeddable":true,"href":"https:\/\/urbincasa.es\/blog\/wp-json\/wp\/v2\/media\/4532"}],"wp:attachment":[{"href":"https:\/\/urbincasa.es\/blog\/wp-json\/wp\/v2\/media?parent=4530"}],"wp:term":[{"taxonomy":"category","embeddable":true,"href":"https:\/\/urbincasa.es\/blog\/wp-json\/wp\/v2\/categories?post=4530"},{"taxonomy":"post_tag","embeddable":true,"href":"https:\/\/urbincasa.es\/blog\/wp-json\/wp\/v2\/tags?post=4530"}],"curies":[{"name":"wp","href":"https:\/\/api.w.org\/{rel}","templated":true}]}}