{"id":4609,"date":"2015-03-30T12:28:38","date_gmt":"2015-03-30T10:28:38","guid":{"rendered":"https:\/\/urbincasa.es\/blog\/?p=4609"},"modified":"2015-04-17T14:16:02","modified_gmt":"2015-04-17T12:16:02","slug":"primera-piedra-de-las-drizas-casas-cabo-de-palos","status":"publish","type":"post","link":"https:\/\/urbincasa.es\/blog\/2015\/03\/primera-piedra-de-las-drizas-casas-cabo-de-palos\/","title":{"rendered":"Primera piedra del Residencial Las Drizas (Cabo de Palos)"},"content":{"rendered":"<div id=\"bsf_rt_marker\"><\/div><p>Despu\u00e9s de una semana de lluvias y bajas temperaturas parece que el tiempo se puso de nuestra parte y nos regal\u00f3 la primera ma\u00f1ana de primavera bien soleada y hasta calurosa para celebrar con algunos de los propietarios la <strong>\u00abPrimera Piedra\u00bb del <a href=\"https:\/\/urbincasa.es\/inmobiliaria\/es\/promociones\/3\/cabo-palos\/drizas\/11\/?fuente=a0eD000000EygRlIAJ\" target=\"_blank\">Residencial Las Drizas<\/a>.<\/strong><!--more--><\/p>\n<p>Le seguimos llamando <strong>Primera Piedra<\/strong> porque el acto principal es similar a lo que se hace con los edificios p\u00fablicos, aunque en esta ocasi\u00f3n el Residencial est\u00e1 ya en su \u00faltima fase de obra.<\/p>\n<p>Esto nos permiti\u00f3 celebrar el evento y disfrutar ya de una imagen muy cercana a lo que ser\u00e1 finalmente el Residencial. El edificio de apartamentos y la manzana de d\u00faplex mostraban ya sus originales fachadas y la piscina luc\u00eda tambi\u00e9n algunos de sus acabados.<\/p>\n<p>Esta cita en la que reunimos a los propietarios de las viviendas y a parte del equipo de Urbincasa siempre es una cita especial para las dos partes. Ellos, porque han puesto muchas ilusiones en las nuevas viviendas y est\u00e1n viendo como se est\u00e1n transformando en una realidad que podr\u00e1n empezar a disfrutar en breve. Nosotros, porque son muchos meses de trabajo y vemos como va culminando el trabajo y porque muchos de los miembros del equipo conocen ese d\u00eda a los propietarios.<\/p>\n<div id='gallery-1' class='gallery galleryid-4609 gallery-columns-3 gallery-size-thumbnail'><figure class='gallery-item'>\n\t\t\t<div class='gallery-icon landscape'>\n\t\t\t\t<a href='https:\/\/urbincasa.es\/blog\/2015\/03\/primera-piedra-de-las-drizas-casas-cabo-de-palos\/olympus-digital-camera-91\/'><img loading=\"lazy\" decoding=\"async\" width=\"150\" height=\"150\" src=\"https:\/\/urbincasa.es\/blog\/wp-content\/uploads\/2015\/03\/P3283455-Large-150x150.jpg\" class=\"attachment-thumbnail size-thumbnail\" alt=\"casas en cabo de palos\" srcset=\"https:\/\/urbincasa.es\/blog\/wp-content\/uploads\/2015\/03\/P3283455-Large-150x150.jpg 150w, https:\/\/urbincasa.es\/blog\/wp-content\/uploads\/2015\/03\/P3283455-Large-300x300.jpg 300w\" sizes=\"auto, (max-width: 150px) 100vw, 150px\" \/><\/a>\n\t\t\t<\/div><\/figure><figure class='gallery-item'>\n\t\t\t<div class='gallery-icon landscape'>\n\t\t\t\t<a href='https:\/\/urbincasa.es\/blog\/2015\/03\/primera-piedra-de-las-drizas-casas-cabo-de-palos\/olympus-digital-camera-90\/'><img loading=\"lazy\" decoding=\"async\" width=\"150\" height=\"150\" src=\"https:\/\/urbincasa.es\/blog\/wp-content\/uploads\/2015\/03\/P3283454-Large-150x150.jpg\" class=\"attachment-thumbnail size-thumbnail\" alt=\"casas en cabo de palos\" srcset=\"https:\/\/urbincasa.es\/blog\/wp-content\/uploads\/2015\/03\/P3283454-Large-150x150.jpg 150w, https:\/\/urbincasa.es\/blog\/wp-content\/uploads\/2015\/03\/P3283454-Large-300x300.jpg 300w\" sizes=\"auto, (max-width: 150px) 100vw, 150px\" \/><\/a>\n\t\t\t<\/div><\/figure><figure class='gallery-item'>\n\t\t\t<div class='gallery-icon landscape'>\n\t\t\t\t<a href='https:\/\/urbincasa.es\/blog\/2015\/03\/primera-piedra-de-las-drizas-casas-cabo-de-palos\/olympus-digital-camera-89\/'><img loading=\"lazy\" decoding=\"async\" width=\"150\" height=\"150\" src=\"https:\/\/urbincasa.es\/blog\/wp-content\/uploads\/2015\/03\/P3283451-Large-150x150.jpg\" class=\"attachment-thumbnail size-thumbnail\" alt=\"casas en cabo de palos\" srcset=\"https:\/\/urbincasa.es\/blog\/wp-content\/uploads\/2015\/03\/P3283451-Large-150x150.jpg 150w, https:\/\/urbincasa.es\/blog\/wp-content\/uploads\/2015\/03\/P3283451-Large-300x300.jpg 300w\" sizes=\"auto, (max-width: 150px) 100vw, 150px\" \/><\/a>\n\t\t\t<\/div><\/figure><figure class='gallery-item'>\n\t\t\t<div class='gallery-icon landscape'>\n\t\t\t\t<a href='https:\/\/urbincasa.es\/blog\/2015\/03\/primera-piedra-de-las-drizas-casas-cabo-de-palos\/olympus-digital-camera-88\/'><img loading=\"lazy\" decoding=\"async\" width=\"150\" height=\"150\" src=\"https:\/\/urbincasa.es\/blog\/wp-content\/uploads\/2015\/03\/P3283450-Large-150x150.jpg\" class=\"attachment-thumbnail size-thumbnail\" alt=\"casas en cabo de palos\" srcset=\"https:\/\/urbincasa.es\/blog\/wp-content\/uploads\/2015\/03\/P3283450-Large-150x150.jpg 150w, https:\/\/urbincasa.es\/blog\/wp-content\/uploads\/2015\/03\/P3283450-Large-300x300.jpg 300w\" sizes=\"auto, (max-width: 150px) 100vw, 150px\" \/><\/a>\n\t\t\t<\/div><\/figure><figure class='gallery-item'>\n\t\t\t<div class='gallery-icon landscape'>\n\t\t\t\t<a href='https:\/\/urbincasa.es\/blog\/2015\/03\/primera-piedra-de-las-drizas-casas-cabo-de-palos\/olympus-digital-camera-87\/'><img loading=\"lazy\" decoding=\"async\" width=\"150\" height=\"150\" src=\"https:\/\/urbincasa.es\/blog\/wp-content\/uploads\/2015\/03\/P3283445-Large-150x150.jpg\" class=\"attachment-thumbnail size-thumbnail\" alt=\"casas en cabo de palos\" srcset=\"https:\/\/urbincasa.es\/blog\/wp-content\/uploads\/2015\/03\/P3283445-Large-150x150.jpg 150w, https:\/\/urbincasa.es\/blog\/wp-content\/uploads\/2015\/03\/P3283445-Large-300x300.jpg 300w\" sizes=\"auto, (max-width: 150px) 100vw, 150px\" \/><\/a>\n\t\t\t<\/div><\/figure><figure class='gallery-item'>\n\t\t\t<div class='gallery-icon landscape'>\n\t\t\t\t<a href='https:\/\/urbincasa.es\/blog\/2015\/03\/primera-piedra-de-las-drizas-casas-cabo-de-palos\/olympus-digital-camera-86\/'><img loading=\"lazy\" decoding=\"async\" width=\"150\" height=\"150\" src=\"https:\/\/urbincasa.es\/blog\/wp-content\/uploads\/2015\/03\/P3283442-Large-150x150.jpg\" class=\"attachment-thumbnail size-thumbnail\" alt=\"casas en cabo de palos\" srcset=\"https:\/\/urbincasa.es\/blog\/wp-content\/uploads\/2015\/03\/P3283442-Large-150x150.jpg 150w, https:\/\/urbincasa.es\/blog\/wp-content\/uploads\/2015\/03\/P3283442-Large-300x300.jpg 300w\" sizes=\"auto, (max-width: 150px) 100vw, 150px\" \/><\/a>\n\t\t\t<\/div><\/figure><figure class='gallery-item'>\n\t\t\t<div class='gallery-icon landscape'>\n\t\t\t\t<a href='https:\/\/urbincasa.es\/blog\/2015\/03\/primera-piedra-de-las-drizas-casas-cabo-de-palos\/olympus-digital-camera-85\/'><img loading=\"lazy\" decoding=\"async\" width=\"150\" height=\"150\" src=\"https:\/\/urbincasa.es\/blog\/wp-content\/uploads\/2015\/03\/P3283440-Large-150x150.jpg\" class=\"attachment-thumbnail size-thumbnail\" alt=\"casas en cabo de palos\" srcset=\"https:\/\/urbincasa.es\/blog\/wp-content\/uploads\/2015\/03\/P3283440-Large-150x150.jpg 150w, https:\/\/urbincasa.es\/blog\/wp-content\/uploads\/2015\/03\/P3283440-Large-300x300.jpg 300w\" sizes=\"auto, (max-width: 150px) 100vw, 150px\" \/><\/a>\n\t\t\t<\/div><\/figure><figure class='gallery-item'>\n\t\t\t<div class='gallery-icon landscape'>\n\t\t\t\t<a href='https:\/\/urbincasa.es\/blog\/2015\/03\/primera-piedra-de-las-drizas-casas-cabo-de-palos\/olympus-digital-camera-84\/'><img loading=\"lazy\" decoding=\"async\" width=\"150\" height=\"150\" src=\"https:\/\/urbincasa.es\/blog\/wp-content\/uploads\/2015\/03\/P3283437-Large-150x150.jpg\" class=\"attachment-thumbnail size-thumbnail\" alt=\"casas en cabo de palos\" srcset=\"https:\/\/urbincasa.es\/blog\/wp-content\/uploads\/2015\/03\/P3283437-Large-150x150.jpg 150w, https:\/\/urbincasa.es\/blog\/wp-content\/uploads\/2015\/03\/P3283437-Large-300x300.jpg 300w\" sizes=\"auto, (max-width: 150px) 100vw, 150px\" \/><\/a>\n\t\t\t<\/div><\/figure>\n\t\t<\/div>\n\n<p>Los propietarios introducen en su c\u00e1psula sus mejores deseos e ilusiones y las introducimos todas bajo el suelo del Residencial, en este caso, muy cerca de la piscina com\u00fan que ojal\u00e1 hubiera estado llena ya en el evento =)<\/p>\n<div id='gallery-2' class='gallery galleryid-4609 gallery-columns-3 gallery-size-thumbnail'><figure class='gallery-item'>\n\t\t\t<div class='gallery-icon landscape'>\n\t\t\t\t<a href='https:\/\/urbincasa.es\/blog\/2015\/03\/primera-piedra-de-las-drizas-casas-cabo-de-palos\/olympus-digital-camera-92\/'><img loading=\"lazy\" decoding=\"async\" width=\"150\" height=\"150\" src=\"https:\/\/urbincasa.es\/blog\/wp-content\/uploads\/2015\/03\/P3283509-Large-150x150.jpg\" class=\"attachment-thumbnail size-thumbnail\" alt=\"casas en cabo de palos\" srcset=\"https:\/\/urbincasa.es\/blog\/wp-content\/uploads\/2015\/03\/P3283509-Large-150x150.jpg 150w, https:\/\/urbincasa.es\/blog\/wp-content\/uploads\/2015\/03\/P3283509-Large-300x300.jpg 300w\" sizes=\"auto, (max-width: 150px) 100vw, 150px\" \/><\/a>\n\t\t\t<\/div><\/figure><figure class='gallery-item'>\n\t\t\t<div class='gallery-icon landscape'>\n\t\t\t\t<a href='https:\/\/urbincasa.es\/blog\/2015\/03\/primera-piedra-de-las-drizas-casas-cabo-de-palos\/olympus-digital-camera-93\/'><img loading=\"lazy\" decoding=\"async\" width=\"150\" height=\"150\" src=\"https:\/\/urbincasa.es\/blog\/wp-content\/uploads\/2015\/03\/P3283460-Large-150x150.jpg\" class=\"attachment-thumbnail size-thumbnail\" alt=\"casas en cabo de palos\" srcset=\"https:\/\/urbincasa.es\/blog\/wp-content\/uploads\/2015\/03\/P3283460-Large-150x150.jpg 150w, https:\/\/urbincasa.es\/blog\/wp-content\/uploads\/2015\/03\/P3283460-Large-300x300.jpg 300w\" sizes=\"auto, (max-width: 150px) 100vw, 150px\" \/><\/a>\n\t\t\t<\/div><\/figure><figure class='gallery-item'>\n\t\t\t<div class='gallery-icon landscape'>\n\t\t\t\t<a href='https:\/\/urbincasa.es\/blog\/2015\/03\/primera-piedra-de-las-drizas-casas-cabo-de-palos\/olympus-digital-camera-94\/'><img loading=\"lazy\" decoding=\"async\" width=\"150\" height=\"150\" src=\"https:\/\/urbincasa.es\/blog\/wp-content\/uploads\/2015\/03\/P3283461-Large-150x150.jpg\" class=\"attachment-thumbnail size-thumbnail\" alt=\"casas en cabo de palos\" srcset=\"https:\/\/urbincasa.es\/blog\/wp-content\/uploads\/2015\/03\/P3283461-Large-150x150.jpg 150w, https:\/\/urbincasa.es\/blog\/wp-content\/uploads\/2015\/03\/P3283461-Large-300x300.jpg 300w\" sizes=\"auto, (max-width: 150px) 100vw, 150px\" \/><\/a>\n\t\t\t<\/div><\/figure><figure class='gallery-item'>\n\t\t\t<div class='gallery-icon landscape'>\n\t\t\t\t<a href='https:\/\/urbincasa.es\/blog\/2015\/03\/primera-piedra-de-las-drizas-casas-cabo-de-palos\/olympus-digital-camera-95\/'><img loading=\"lazy\" decoding=\"async\" width=\"150\" height=\"150\" src=\"https:\/\/urbincasa.es\/blog\/wp-content\/uploads\/2015\/03\/P3283464-Large-150x150.jpg\" class=\"attachment-thumbnail size-thumbnail\" alt=\"casas en cabo de palos\" srcset=\"https:\/\/urbincasa.es\/blog\/wp-content\/uploads\/2015\/03\/P3283464-Large-150x150.jpg 150w, https:\/\/urbincasa.es\/blog\/wp-content\/uploads\/2015\/03\/P3283464-Large-300x300.jpg 300w\" sizes=\"auto, (max-width: 150px) 100vw, 150px\" \/><\/a>\n\t\t\t<\/div><\/figure><figure class='gallery-item'>\n\t\t\t<div class='gallery-icon landscape'>\n\t\t\t\t<a href='https:\/\/urbincasa.es\/blog\/2015\/03\/primera-piedra-de-las-drizas-casas-cabo-de-palos\/olympus-digital-camera-96\/'><img loading=\"lazy\" decoding=\"async\" width=\"150\" height=\"150\" src=\"https:\/\/urbincasa.es\/blog\/wp-content\/uploads\/2015\/03\/P3283468-Large-150x150.jpg\" class=\"attachment-thumbnail size-thumbnail\" alt=\"casas en cabo de palos\" srcset=\"https:\/\/urbincasa.es\/blog\/wp-content\/uploads\/2015\/03\/P3283468-Large-150x150.jpg 150w, https:\/\/urbincasa.es\/blog\/wp-content\/uploads\/2015\/03\/P3283468-Large-300x300.jpg 300w\" sizes=\"auto, (max-width: 150px) 100vw, 150px\" \/><\/a>\n\t\t\t<\/div><\/figure><figure class='gallery-item'>\n\t\t\t<div class='gallery-icon landscape'>\n\t\t\t\t<a href='https:\/\/urbincasa.es\/blog\/2015\/03\/primera-piedra-de-las-drizas-casas-cabo-de-palos\/olympus-digital-camera-97\/'><img loading=\"lazy\" decoding=\"async\" width=\"150\" height=\"150\" src=\"https:\/\/urbincasa.es\/blog\/wp-content\/uploads\/2015\/03\/P3283472-Large-150x150.jpg\" class=\"attachment-thumbnail size-thumbnail\" alt=\"casas en cabo de palos\" srcset=\"https:\/\/urbincasa.es\/blog\/wp-content\/uploads\/2015\/03\/P3283472-Large-150x150.jpg 150w, https:\/\/urbincasa.es\/blog\/wp-content\/uploads\/2015\/03\/P3283472-Large-300x300.jpg 300w\" sizes=\"auto, (max-width: 150px) 100vw, 150px\" \/><\/a>\n\t\t\t<\/div><\/figure><figure class='gallery-item'>\n\t\t\t<div class='gallery-icon landscape'>\n\t\t\t\t<a href='https:\/\/urbincasa.es\/blog\/2015\/03\/primera-piedra-de-las-drizas-casas-cabo-de-palos\/olympus-digital-camera-98\/'><img loading=\"lazy\" decoding=\"async\" width=\"150\" height=\"150\" src=\"https:\/\/urbincasa.es\/blog\/wp-content\/uploads\/2015\/03\/P3283476-Large-150x150.jpg\" class=\"attachment-thumbnail size-thumbnail\" alt=\"casas en cabo de palos\" srcset=\"https:\/\/urbincasa.es\/blog\/wp-content\/uploads\/2015\/03\/P3283476-Large-150x150.jpg 150w, https:\/\/urbincasa.es\/blog\/wp-content\/uploads\/2015\/03\/P3283476-Large-300x300.jpg 300w\" sizes=\"auto, (max-width: 150px) 100vw, 150px\" \/><\/a>\n\t\t\t<\/div><\/figure><figure class='gallery-item'>\n\t\t\t<div class='gallery-icon landscape'>\n\t\t\t\t<a href='https:\/\/urbincasa.es\/blog\/2015\/03\/primera-piedra-de-las-drizas-casas-cabo-de-palos\/olympus-digital-camera-99\/'><img loading=\"lazy\" decoding=\"async\" width=\"150\" height=\"150\" src=\"https:\/\/urbincasa.es\/blog\/wp-content\/uploads\/2015\/03\/P3283478-Large-150x150.jpg\" class=\"attachment-thumbnail size-thumbnail\" alt=\"casas en cabo de palos\" srcset=\"https:\/\/urbincasa.es\/blog\/wp-content\/uploads\/2015\/03\/P3283478-Large-150x150.jpg 150w, https:\/\/urbincasa.es\/blog\/wp-content\/uploads\/2015\/03\/P3283478-Large-300x300.jpg 300w\" sizes=\"auto, (max-width: 150px) 100vw, 150px\" \/><\/a>\n\t\t\t<\/div><\/figure><figure class='gallery-item'>\n\t\t\t<div class='gallery-icon landscape'>\n\t\t\t\t<a href='https:\/\/urbincasa.es\/blog\/2015\/03\/primera-piedra-de-las-drizas-casas-cabo-de-palos\/olympus-digital-camera-100\/'><img loading=\"lazy\" decoding=\"async\" width=\"150\" height=\"150\" src=\"https:\/\/urbincasa.es\/blog\/wp-content\/uploads\/2015\/03\/P3283481-Large-150x150.jpg\" class=\"attachment-thumbnail size-thumbnail\" alt=\"casas en cabo de palos\" srcset=\"https:\/\/urbincasa.es\/blog\/wp-content\/uploads\/2015\/03\/P3283481-Large-150x150.jpg 150w, https:\/\/urbincasa.es\/blog\/wp-content\/uploads\/2015\/03\/P3283481-Large-300x300.jpg 300w\" sizes=\"auto, (max-width: 150px) 100vw, 150px\" \/><\/a>\n\t\t\t<\/div><\/figure><figure class='gallery-item'>\n\t\t\t<div class='gallery-icon landscape'>\n\t\t\t\t<a href='https:\/\/urbincasa.es\/blog\/2015\/03\/primera-piedra-de-las-drizas-casas-cabo-de-palos\/olympus-digital-camera-101\/'><img loading=\"lazy\" decoding=\"async\" width=\"150\" height=\"150\" src=\"https:\/\/urbincasa.es\/blog\/wp-content\/uploads\/2015\/03\/P3283485-Large-150x150.jpg\" class=\"attachment-thumbnail size-thumbnail\" alt=\"casas en cabo de palos\" srcset=\"https:\/\/urbincasa.es\/blog\/wp-content\/uploads\/2015\/03\/P3283485-Large-150x150.jpg 150w, https:\/\/urbincasa.es\/blog\/wp-content\/uploads\/2015\/03\/P3283485-Large-300x300.jpg 300w\" sizes=\"auto, (max-width: 150px) 100vw, 150px\" \/><\/a>\n\t\t\t<\/div><\/figure><figure class='gallery-item'>\n\t\t\t<div class='gallery-icon landscape'>\n\t\t\t\t<a href='https:\/\/urbincasa.es\/blog\/2015\/03\/primera-piedra-de-las-drizas-casas-cabo-de-palos\/olympus-digital-camera-102\/'><img loading=\"lazy\" decoding=\"async\" width=\"150\" height=\"150\" src=\"https:\/\/urbincasa.es\/blog\/wp-content\/uploads\/2015\/03\/P3283489-Large-150x150.jpg\" class=\"attachment-thumbnail size-thumbnail\" alt=\"casas en cabo de palos\" srcset=\"https:\/\/urbincasa.es\/blog\/wp-content\/uploads\/2015\/03\/P3283489-Large-150x150.jpg 150w, https:\/\/urbincasa.es\/blog\/wp-content\/uploads\/2015\/03\/P3283489-Large-300x300.jpg 300w\" sizes=\"auto, (max-width: 150px) 100vw, 150px\" \/><\/a>\n\t\t\t<\/div><\/figure><figure class='gallery-item'>\n\t\t\t<div class='gallery-icon landscape'>\n\t\t\t\t<a href='https:\/\/urbincasa.es\/blog\/2015\/03\/primera-piedra-de-las-drizas-casas-cabo-de-palos\/olympus-digital-camera-103\/'><img loading=\"lazy\" decoding=\"async\" width=\"150\" height=\"150\" src=\"https:\/\/urbincasa.es\/blog\/wp-content\/uploads\/2015\/03\/P3283495-Large-150x150.jpg\" class=\"attachment-thumbnail size-thumbnail\" alt=\"casas en cabo de palos\" srcset=\"https:\/\/urbincasa.es\/blog\/wp-content\/uploads\/2015\/03\/P3283495-Large-150x150.jpg 150w, https:\/\/urbincasa.es\/blog\/wp-content\/uploads\/2015\/03\/P3283495-Large-300x300.jpg 300w\" sizes=\"auto, (max-width: 150px) 100vw, 150px\" \/><\/a>\n\t\t\t<\/div><\/figure><figure class='gallery-item'>\n\t\t\t<div class='gallery-icon landscape'>\n\t\t\t\t<a href='https:\/\/urbincasa.es\/blog\/2015\/03\/primera-piedra-de-las-drizas-casas-cabo-de-palos\/olympus-digital-camera-104\/'><img loading=\"lazy\" decoding=\"async\" width=\"150\" height=\"150\" src=\"https:\/\/urbincasa.es\/blog\/wp-content\/uploads\/2015\/03\/P3283501-Large-150x150.jpg\" class=\"attachment-thumbnail size-thumbnail\" alt=\"casas en cabo de palos\" srcset=\"https:\/\/urbincasa.es\/blog\/wp-content\/uploads\/2015\/03\/P3283501-Large-150x150.jpg 150w, https:\/\/urbincasa.es\/blog\/wp-content\/uploads\/2015\/03\/P3283501-Large-300x300.jpg 300w\" sizes=\"auto, (max-width: 150px) 100vw, 150px\" \/><\/a>\n\t\t\t<\/div><\/figure>\n\t\t<\/div>\n\n<p>\u00a1Ojal\u00e1 todos los deseos que han pedido se cumplan y Las Drizas sea el hogar de muchas buenas noticias y felicidad!<\/p>\n<p><iframe loading=\"lazy\" src=\"https:\/\/www.youtube.com\/embed\/iGTWcBdHxPU?rel=0\" height=\"315\" width=\"560\" allowfullscreen=\"\" frameborder=\"0\"><\/iframe><\/p>\n<p>Tambi\u00e9n puedes ver c\u00f3mo fue la\u00a0<a href=\"https:\/\/urbincasa.es\/blog\/2013\/12\/primera-piedra-magnolia\/\" target=\"_blank\">Primera piedra del Residencial Magnolia<\/a>.<\/p>\n","protected":false},"excerpt":{"rendered":"<p>Despu\u00e9s de una semana de lluvias y bajas temperaturas parece que el tiempo se puso de nuestra parte y nos regal\u00f3 la primera ma\u00f1ana de primavera bien soleada y hasta calurosa para celebrar con algunos de los propietarios la \u00abPrimera Piedra\u00bb del Residencial Las Drizas.<\/p>\n","protected":false},"author":3,"featured_media":4618,"comment_status":"open","ping_status":"open","sticky":false,"template":"","format":"standard","meta":{"footnotes":""},"categories":[9],"tags":[252,311,550,416,455,551,307],"class_list":["post-4609","post","type-post","status-publish","format-standard","has-post-thumbnail","hentry","category-eventos","tag-cabo-de-palos","tag-evento","tag-inauguracion","tag-las-drizas","tag-primera-piedra","tag-residencial","tag-urbincasa"],"_links":{"self":[{"href":"https:\/\/urbincasa.es\/blog\/wp-json\/wp\/v2\/posts\/4609","targetHints":{"allow":["GET"]}}],"collection":[{"href":"https:\/\/urbincasa.es\/blog\/wp-json\/wp\/v2\/posts"}],"about":[{"href":"https:\/\/urbincasa.es\/blog\/wp-json\/wp\/v2\/types\/post"}],"author":[{"embeddable":true,"href":"https:\/\/urbincasa.es\/blog\/wp-json\/wp\/v2\/users\/3"}],"replies":[{"embeddable":true,"href":"https:\/\/urbincasa.es\/blog\/wp-json\/wp\/v2\/comments?post=4609"}],"version-history":[{"count":10,"href":"https:\/\/urbincasa.es\/blog\/wp-json\/wp\/v2\/posts\/4609\/revisions"}],"predecessor-version":[{"id":4639,"href":"https:\/\/urbincasa.es\/blog\/wp-json\/wp\/v2\/posts\/4609\/revisions\/4639"}],"wp:featuredmedia":[{"embeddable":true,"href":"https:\/\/urbincasa.es\/blog\/wp-json\/wp\/v2\/media\/4618"}],"wp:attachment":[{"href":"https:\/\/urbincasa.es\/blog\/wp-json\/wp\/v2\/media?parent=4609"}],"wp:term":[{"taxonomy":"category","embeddable":true,"href":"https:\/\/urbincasa.es\/blog\/wp-json\/wp\/v2\/categories?post=4609"},{"taxonomy":"post_tag","embeddable":true,"href":"https:\/\/urbincasa.es\/blog\/wp-json\/wp\/v2\/tags?post=4609"}],"curies":[{"name":"wp","href":"https:\/\/api.w.org\/{rel}","templated":true}]}}