{"id":4645,"date":"2015-04-15T16:37:17","date_gmt":"2015-04-15T14:37:17","guid":{"rendered":"https:\/\/urbincasa.es\/blog\/?p=4645"},"modified":"2015-04-15T16:37:17","modified_gmt":"2015-04-15T14:37:17","slug":"decoracion-y-hogar-las-meninas-una-moda","status":"publish","type":"post","link":"https:\/\/urbincasa.es\/blog\/2015\/04\/decoracion-y-hogar-las-meninas-una-moda\/","title":{"rendered":"Las meninas, una moda"},"content":{"rendered":"<div id=\"bsf_rt_marker\"><\/div><p style=\"text-align: left;\" align=\"center\"><em>Por Mar\u00eda Jos\u00e9 Florenciano. Directora de Comercializaci\u00f3n de <a href=\"http:\/\/www.urbincasa.es\" target=\"_blank\">Urbincasa<\/a><\/em><\/p>\n<p><a href=\"https:\/\/urbincasa.es\/blog\/wp-content\/uploads\/2015\/04\/meninas-1.jpg\"><img loading=\"lazy\" decoding=\"async\" class=\"alignleft size-medium wp-image-4649\" alt=\"meninas\" src=\"https:\/\/urbincasa.es\/blog\/wp-content\/uploads\/2015\/04\/meninas-1-300x199.jpg\" width=\"300\" height=\"199\" srcset=\"https:\/\/urbincasa.es\/blog\/wp-content\/uploads\/2015\/04\/meninas-1-300x199.jpg 300w, https:\/\/urbincasa.es\/blog\/wp-content\/uploads\/2015\/04\/meninas-1-451x300.jpg 451w, https:\/\/urbincasa.es\/blog\/wp-content\/uploads\/2015\/04\/meninas-1.jpg 800w\" sizes=\"auto, (max-width: 300px) 100vw, 300px\" \/><\/a>La Familia de Felipe IV pintada al \u00f3leo sobre lienzo en 1656 por Diego de Vel\u00e1zquez, o <strong><i>Las Meninas<\/i> <\/strong>que es como se le empieza a llamar en el cat\u00e1logo del Museo del Prado en 1843, son hoy d\u00eda la inspiraci\u00f3n para muchos artistas.<\/p>\n<p>Se le llama menino o menina a los miembros de la nobleza que desde peque\u00f1os serv\u00edan a la familia real, de ah\u00ed el nombre al lienzo, ya que la infanta Margarita est\u00e1 rodeada de sus meninas.<\/p>\n<p>Hoy en d\u00eda pocos ser\u00edan los que no sabr\u00edan se\u00f1alar el \u00f3leo de <strong>Las Meninas de Vel\u00e1zquez<\/strong>, bien se podr\u00eda decir que chorros de tinta se han vertido hablando de este lienzo, yo me atrever\u00eda a decir que es el inicio del realismo, de hecho se cuenta que el poeta Te\u00f3filo Gautier exclam\u00f3 al verlo: \u00bfD\u00f3nde est\u00e1 el cuadro?\u201d.<\/p>\n<p>Sin embargo, al \u00f3leo de <span style=\"text-decoration: underline;\">Las Meninas<\/span> lo han rodeado de cr\u00edticas, historias o leyendas como la que provoc\u00f3 la cruz de Santiago que el propio Vel\u00e1zquez lleva sobre su traje pues se sabe que fue nombrado caballero de la Orden de Santiago a t\u00edtulo p\u00f3stumo, unos dicen que fue el propio Felipe IV quien la pint\u00f3 o \u00bffue Vel\u00e1zquez?.<\/p>\n<p>La repercusi\u00f3n de este \u00f3leo ha sido tal que Las meninas de Vel\u00e1zquez han sido modelo de multitud de artistas de diferentes disciplinas. Fue el propio Picasso quien recre\u00f3 las meninas en una serie de 58 lienzos en 1957, tambi\u00e9n fue motivo de su trabajo Dal\u00ed, Francisco de Goya, Botero, entre muchos otros.<\/p>\n<p>Las meninas son una fuente de inspiraci\u00f3n para el arte moderno, existen multitud de recreaciones tanto en <strong>esculturas, decoraci\u00f3n, joyer\u00eda<\/strong>, hoy en el mercado es f\u00e1cil encontrar un colgante, unos pendientes, unos gemelos, y quiz\u00e1s cualquier cosa que te puedas imaginar.<\/p>\n<p>Para m\u00ed <strong>Las Meninas son un legado del reflejo de la moda de esa \u00e9poca<\/strong>, pensemos un momento, podemos observar versionada Las Meninas de mil formas y maneras diferentes, pero el detalle reconocible de todas ellas es su vestimenta, esas faldas anchas son la que hacen reconocer bajo cualquier disciplina la representaci\u00f3n de una Menina, es la esencia de ellas mismas, es el detalle reconocible e imprescindible para que las cataloguemos de Menina, y&#8230; \u00bfno es pues una representaci\u00f3n de la moda del siglo XVII?.<\/p>\n<p>Una de las piezas caracter\u00edsticas de la \u00e9poca de la familia de Felipe IV en cuanto a moda se refiere para vestir a la mujer es <strong><em>el guardainfante<\/em><\/strong>, se trataba de una estructura de forma rectangular, un armaz\u00f3n compuesto por aros de madera, alambre o hierro que se un\u00edan con cintas o cuerdas, y suplementado en la parte superior con otra estructura para dar mayor amplitud a las caderas, todo ello colocado debajo de la falda, sobre esta estructura se vest\u00edan las enaguas, sobre ellas ya con preciosas telas la pollera, que se trataba de amplios faldones y sobre esta las basqui\u00f1a.<\/p>\n<p>Tenemos que recordar que nos encontramos en una sociedad puritana, de esta manera se manten\u00eda el cuerpo femenino fuera del alcance de los hombres y manten\u00eda cierta distancia con los mismos, tambi\u00e9n era una forma de ocultar los embarazos de ah\u00ed su nombre. A esta indumentaria cabe tambi\u00e9n destacar el cuerpo del vestido llamado jub\u00f3n. Podemos decir que es el propio Vel\u00e1zquez qui\u00e9n ha tra\u00eddo hasta nuestros d\u00edas las caracter\u00edsticas de la moda espa\u00f1ola del siglo XVII.<strong><a href=\"https:\/\/urbincasa.es\/blog\/wp-content\/uploads\/2015\/04\/menina4.jpg\"><div id='gallery-1' class='gallery galleryid-4645 gallery-columns-3 gallery-size-thumbnail'><figure class='gallery-item'>\n\t\t\t<div class='gallery-icon landscape'>\n\t\t\t\t<a href='https:\/\/urbincasa.es\/blog\/2015\/04\/decoracion-y-hogar-las-meninas-una-moda\/menina5\/'><img loading=\"lazy\" decoding=\"async\" width=\"150\" height=\"150\" src=\"https:\/\/urbincasa.es\/blog\/wp-content\/uploads\/2015\/04\/menina5-150x150.jpg\" class=\"attachment-thumbnail size-thumbnail\" alt=\"menina\" srcset=\"https:\/\/urbincasa.es\/blog\/wp-content\/uploads\/2015\/04\/menina5-150x150.jpg 150w, https:\/\/urbincasa.es\/blog\/wp-content\/uploads\/2015\/04\/menina5-300x300.jpg 300w\" sizes=\"auto, (max-width: 150px) 100vw, 150px\" \/><\/a>\n\t\t\t<\/div><\/figure><figure class='gallery-item'>\n\t\t\t<div class='gallery-icon landscape'>\n\t\t\t\t<a href='https:\/\/urbincasa.es\/blog\/2015\/04\/decoracion-y-hogar-las-meninas-una-moda\/menina4\/'><img loading=\"lazy\" decoding=\"async\" width=\"150\" height=\"150\" src=\"https:\/\/urbincasa.es\/blog\/wp-content\/uploads\/2015\/04\/menina4-150x150.jpg\" class=\"attachment-thumbnail size-thumbnail\" alt=\"menina\" srcset=\"https:\/\/urbincasa.es\/blog\/wp-content\/uploads\/2015\/04\/menina4-150x150.jpg 150w, https:\/\/urbincasa.es\/blog\/wp-content\/uploads\/2015\/04\/menina4-300x300.jpg 300w\" sizes=\"auto, (max-width: 150px) 100vw, 150px\" \/><\/a>\n\t\t\t<\/div><\/figure>\n\t\t<\/div>\n<\/p>\n<p><\/a><\/strong><\/p>\n<p><strong>A las meninas actualmente las podemos encontrar como objeto de decoraci\u00f3n en cualquier ambiente<\/strong>, existen Meninas decoradas de forma creativa tanto en pinturas como \u00f3leos, acuarelas, l\u00e1minas, como en figuras de cart\u00f3n piedra, escayola, marmolina, otros objetos de decoraci\u00f3n como cojines, colchas, tambi\u00e9n aparecen en menaje: tazas, vasos, platos. Una Menina tiene un hueco tanto en un entorno moderno como cl\u00e1sico, minimalista o maximalista, si te gustan atr\u00e9vete y pon una Menina en tu hogar, son muy estilosas.<\/p>\n<p>\u00a1Elige tu Menina!<\/p>\n<p>&nbsp;<\/p>\n<h1><span style=\"color: #ff0000;\">Este art\u00edculo forma parte de nuestra revista Entrelares 5. Puedes <span style=\"text-decoration: underline;\"><span style=\"color: #0000ff;\"><a title=\"Entrelares 5 \u2013 Descarga la revista de hogar de Urbincasa\" href=\"https:\/\/urbincasa.es\/blog\/2015\/01\/entrelares-5-descarga-la-revista-de-hogar-de-urbincasa\/\" target=\"_blank\"><span style=\"color: #0000ff; text-decoration: underline;\">leerla entera<\/span><\/a><\/span><\/span><\/span><\/h1>\n","protected":false},"excerpt":{"rendered":"<p>Por Mar\u00eda Jos\u00e9 Florenciano. Directora de Comercializaci\u00f3n de Urbincasa La Familia de Felipe IV pintada al \u00f3leo sobre lienzo en 1656 por Diego de Vel\u00e1zquez, o Las Meninas que es como se le empieza a llamar en el cat\u00e1logo del Museo del Prado en 1843, son hoy d\u00eda la inspiraci\u00f3n para muchos artistas. Se le [&hellip;]<\/p>\n","protected":false},"author":3,"featured_media":4648,"comment_status":"open","ping_status":"open","sticky":false,"template":"","format":"standard","meta":{"footnotes":""},"categories":[8],"tags":[703,215,263,552],"class_list":["post-4645","post","type-post","status-publish","format-standard","has-post-thumbnail","hentry","category-decoracion","tag-decoracion","tag-entrelares","tag-ideas","tag-meninas"],"_links":{"self":[{"href":"https:\/\/urbincasa.es\/blog\/wp-json\/wp\/v2\/posts\/4645","targetHints":{"allow":["GET"]}}],"collection":[{"href":"https:\/\/urbincasa.es\/blog\/wp-json\/wp\/v2\/posts"}],"about":[{"href":"https:\/\/urbincasa.es\/blog\/wp-json\/wp\/v2\/types\/post"}],"author":[{"embeddable":true,"href":"https:\/\/urbincasa.es\/blog\/wp-json\/wp\/v2\/users\/3"}],"replies":[{"embeddable":true,"href":"https:\/\/urbincasa.es\/blog\/wp-json\/wp\/v2\/comments?post=4645"}],"version-history":[{"count":6,"href":"https:\/\/urbincasa.es\/blog\/wp-json\/wp\/v2\/posts\/4645\/revisions"}],"predecessor-version":[{"id":4655,"href":"https:\/\/urbincasa.es\/blog\/wp-json\/wp\/v2\/posts\/4645\/revisions\/4655"}],"wp:featuredmedia":[{"embeddable":true,"href":"https:\/\/urbincasa.es\/blog\/wp-json\/wp\/v2\/media\/4648"}],"wp:attachment":[{"href":"https:\/\/urbincasa.es\/blog\/wp-json\/wp\/v2\/media?parent=4645"}],"wp:term":[{"taxonomy":"category","embeddable":true,"href":"https:\/\/urbincasa.es\/blog\/wp-json\/wp\/v2\/categories?post=4645"},{"taxonomy":"post_tag","embeddable":true,"href":"https:\/\/urbincasa.es\/blog\/wp-json\/wp\/v2\/tags?post=4645"}],"curies":[{"name":"wp","href":"https:\/\/api.w.org\/{rel}","templated":true}]}}