{"id":4669,"date":"2015-04-21T09:31:34","date_gmt":"2015-04-21T07:31:34","guid":{"rendered":"https:\/\/urbincasa.es\/blog\/?p=4669"},"modified":"2015-04-28T17:35:28","modified_gmt":"2015-04-28T15:35:28","slug":"la-ruta-del-caldero-y-la-marinera-en-cabo-de-palos","status":"publish","type":"post","link":"https:\/\/urbincasa.es\/blog\/2015\/04\/la-ruta-del-caldero-y-la-marinera-en-cabo-de-palos\/","title":{"rendered":"La II ruta del caldero y la marinera en Cabo de Palos"},"content":{"rendered":"<div id=\"bsf_rt_marker\"><\/div><p><a href=\"https:\/\/urbincasa.es\/blog\/wp-content\/uploads\/2015\/04\/II-ruta-del-caldero-y-la-marinera.jpg\"><img loading=\"lazy\" decoding=\"async\" class=\"alignleft  wp-image-4670\" alt=\"ruta del caldero la marinera\" src=\"https:\/\/urbincasa.es\/blog\/wp-content\/uploads\/2015\/04\/II-ruta-del-caldero-y-la-marinera-211x300.jpg\" width=\"148\" height=\"210\" srcset=\"https:\/\/urbincasa.es\/blog\/wp-content\/uploads\/2015\/04\/II-ruta-del-caldero-y-la-marinera-211x300.jpg 211w, https:\/\/urbincasa.es\/blog\/wp-content\/uploads\/2015\/04\/II-ruta-del-caldero-y-la-marinera.jpg 600w\" sizes=\"auto, (max-width: 148px) 100vw, 148px\" \/><\/a>El <a title=\"Gastronom\u00eda de Cartagena\" href=\"https:\/\/urbincasa.es\/blog\/2014\/02\/gastronomia-de-cartagena\/\" target=\"_blank\">caldero<\/a> es uno de los platos m\u00e1s caracter\u00edsticos de la costa de Cartagena y del Mar Menor y desde hace un par de a\u00f1os tiene dos semanas reservadas en la agenda de eventos de la zona.<\/p>\n<p style=\"text-align: left;\"><strong>La II ruta del caldero y de la marinera<\/strong> se celebra este a\u00f1o desde el <strong>24 de abril al 10 de mayo\u00a0<\/strong>en casi 40 establecimientos de la costa cartagenera aunque especialmente en La Manga y <a title=\"Cabo de Palos, para\u00edso marinero\" href=\"https:\/\/urbincasa.es\/blog\/2014\/11\/cartagena-cabo-de-palos\/\" target=\"_blank\">Cabo de Palos<\/a>.<\/p>\n<p><strong><span style=\"text-decoration: underline;\">\u00bfQu\u00e9 es la<em> Ruta del Caldero y la Marinera?<\/em><\/span><\/strong><\/p>\n<p>Siguiendo el funcionamiento de las rutas de la tapa tan extendidas en los \u00faltimos a\u00f1os, <span style=\"text-decoration: underline;\">la ruta del caldero y la marinera<\/span> tambi\u00e9n tiene un precio fijo (<strong>2,5\u20ac<\/strong>) en todos los establecimientos participantes.<\/p>\n<p>Cuando consumas una raci\u00f3n de Caldero o una Marinera en uno de los locales adherido a la Ruta hay que pedir que te sellen el Rutero ya que al conseguir 5 sellos diferentes puedes votar el caldero y la marinera que m\u00e1s te ha gustado y participar en los diferentes sorteos de premios que hay organizados.<\/p>\n<p><strong>PARTICIPANTES EN LA II RUTA DEL CALDERO Y LA MARINERA<\/strong><\/p>\n<table>\n<tbody>\n<tr>\n<th>ESTABLECIMIENTO<\/th>\n<th>DIRECCI\u00d3N<\/th>\n<th>HORARIO PARA CALDERO<\/th>\n<\/tr>\n<tr>\n<td>Agua Sal\u00e1<\/td>\n<td><a href=\"http:\/\/www.vivecabodepalos.com\" target=\"_blank\">Subida al Faro, Cabo de Palos<\/a><\/td>\n<td>TLD 13:00 \u2013 16:00<\/td>\n<\/tr>\n<tr>\n<td>Al \u00c1ndalus<\/td>\n<td>Junto Admon Loter\u00eda, Cabo de Palos<\/td>\n<td>V, S, D 13:30 \u2013 16:00<\/td>\n<\/tr>\n<tr>\n<td>Alborada<\/td>\n<td>Nuevo Puerto Bello, La Manga<\/td>\n<td>TLD (excepto M) 11:00 \u2013 16:00<\/td>\n<\/tr>\n<tr>\n<td>Area Sunset<\/td>\n<td>El Pedruchillo, La Manga<\/td>\n<td>L a J 12:00 \u2013 16:00<\/td>\n<\/tr>\n<tr>\n<td>Baraka<\/td>\n<td>Puerto, junto iglesia, Cabo de Palos<\/td>\n<td>M a D 12:00 \u2013 16:00<\/td>\n<\/tr>\n<tr>\n<td>Borsalino<\/td>\n<td>Urbanizaci\u00f3n Babilonia, La Manga<\/td>\n<td>V, S, D 12:30-14:30<\/td>\n<\/tr>\n<tr>\n<td>Braser\u00eda Excelente<\/td>\n<td>CC Spar El Paso, Cabo de Palos<\/td>\n<td>V, S, D 12:00 \u2013 16:00<\/td>\n<\/tr>\n<tr>\n<td>Braser\u00eda Garnacha<\/td>\n<td>Mayor 61, Los Belones<\/td>\n<td>L, X, J, V 12:30 \u2013 15:30<\/td>\n<\/tr>\n<tr>\n<td>Cafeter\u00eda Amsterdam<\/td>\n<td>Plaza Bohemia, La Manga<\/td>\n<td>Todos los d\u00edas SOLO MARINERA<\/td>\n<\/tr>\n<tr>\n<td>Caprichos de La Manga<\/td>\n<td>C.C. Entremares, frente Restaurante Chino<\/td>\n<td>M, J, S 12:00 \u2013 14:00<\/td>\n<\/tr>\n<tr>\n<td>Casa Emilio<\/td>\n<td>Urbanizaci\u00f3n Babilonia, La Manga<\/td>\n<td>M, X, J 12:00 \u2013 14:00<\/td>\n<\/tr>\n<tr>\n<td>Casa Paco<\/td>\n<td>Gran V\u00eda, Km 14,5, La Manga<\/td>\n<td>V, S, D 12:30 \u2013 14:30<\/td>\n<\/tr>\n<tr>\n<td>Casa Quijano<\/td>\n<td>Urbanizaci\u00f3n Babilonia, La Manga<\/td>\n<td>TLD 12:00 \u2013 cierre<\/td>\n<\/tr>\n<tr>\n<td>Chiringuito Playa Honda<\/td>\n<td>Playa Honda<\/td>\n<td>V, S, D 13:00 \u2013 15:00<\/td>\n<\/tr>\n<tr>\n<td>El Katy<\/td>\n<td><a href=\"http:\/\/www.vivecabodepalos.com\" target=\"_blank\">Subida al Faro, Cabo de Palos<\/a><\/td>\n<td>V, S, D 12:00 \u2013 16:00<\/td>\n<\/tr>\n<tr>\n<td>El Molino<\/td>\n<td>Zona Doblemar<\/td>\n<td>TLD 13:O0 \u2013 20:00<\/td>\n<\/tr>\n<tr>\n<td>El Mosqui<\/td>\n<td>Subida al Faro 50, Cabo de Palos<\/td>\n<td>V, S, D 12:30-14:00<\/td>\n<\/tr>\n<tr>\n<td>El Palangre<\/td>\n<td>Urb. Bella Vista, La Manga<\/td>\n<td>L, M, J, V 11:00 \u2013 cierre<\/td>\n<\/tr>\n<tr>\n<td>El Pinchoso<\/td>\n<td>C\/ Mar\u00edn, Cabo de Palos<\/td>\n<td>S y D 12:00 \u2013 16:00<\/td>\n<\/tr>\n<tr>\n<td>El Rancho<\/td>\n<td>Subida al Faro, Cabo de Palos<\/td>\n<td>TLD 13:00 \u2013 16:00<\/td>\n<\/tr>\n<tr>\n<td>El Rinc\u00f3n de Borja<\/td>\n<td>Urb Tesy, La Manga<\/td>\n<td>TLD 12:00 \u2013 cierre<\/td>\n<\/tr>\n<tr>\n<td>Freidur\u00eda El Puerto<\/td>\n<td>Pto Tom\u00e1s Maestre, Cornisa Oeste, La Manga<\/td>\n<td>TLD 12:00 \u2013 16:00<\/td>\n<\/tr>\n<tr>\n<td>Hotel Cavanna<\/td>\n<td>Plaza Cavanna, La Manga<\/td>\n<td>TLD SOLO MARINERA<\/td>\n<\/tr>\n<tr>\n<td>Istambul<\/td>\n<td>Plaza Bohemia, La Manga<\/td>\n<td>TLD 12:30 \u2013 17:00<\/td>\n<\/tr>\n<tr>\n<td>La Bolera<\/td>\n<td>Urb Nuevas Sirenas, La Manga<\/td>\n<td>V, S, D 13:30 \u2013 16:00<\/td>\n<\/tr>\n<tr>\n<td>La Fusi\u00f3n<\/td>\n<td>Zona Entremares, La Manga<\/td>\n<td>M a D, 12:00 \u2013 14:00<\/td>\n<\/tr>\n<tr>\n<td>La Sartenica<\/td>\n<td>Subido al Faro, Cabo de Palos<\/td>\n<td>V, S, D 12:30 \u2013 14:30<\/td>\n<\/tr>\n<tr>\n<td>Los Caballos<\/td>\n<td>Plaza Cavanna, La Manga<\/td>\n<td>J a D 12:30 \u2013 14:30<\/td>\n<\/tr>\n<tr>\n<td>Los Faroles<\/td>\n<td>Urbanizaci\u00f3n Babilonia, La Manga<\/td>\n<td>V, S, D 12:00 \u2013 20:00<\/td>\n<\/tr>\n<tr>\n<td>Mediterr\u00e1neo<\/td>\n<td>Cruce Sem\u00e1foros, Cabo de Palos<\/td>\n<td>M a D 12:00 \u2013 16:00<\/td>\n<\/tr>\n<tr>\n<td>Mes\u00f3n Murciano<\/td>\n<td>Urb Las G\u00f3ndolas, La Manga<\/td>\n<td>L-V 12:00 \u2013 16:00; V, S, D 12:00 \u2013 14:00<\/td>\n<\/tr>\n<tr>\n<td>Mirador del Faro \u2013 Hotel Entremares<\/td>\n<td>Segunda Avenida S\/N, La Manga<\/td>\n<td>TLD 12:30 \u2013 15:30<\/td>\n<\/tr>\n<tr>\n<td>Nino\u2019s<\/td>\n<td>Plaza Cavanna, La Manga<\/td>\n<td>TLD 12:00 \u2013 14:00<\/td>\n<\/tr>\n<tr>\n<td>Pedro\u2019s<\/td>\n<td>Pto Tom\u00e1s Maestre, Muelle Levante, La Manga<\/td>\n<td>TLD 12:00 \u2013 16:00<\/td>\n<\/tr>\n<tr>\n<td>Pizzer\u00eda Amsterdam<\/td>\n<td>CC Zoco, La Manga<\/td>\n<td>V: 20:00 \u2013 00:30; S, D: 12:00 \u2013 15:00<\/td>\n<\/tr>\n<tr>\n<td>Restaurante Casa Rufino<\/td>\n<td>Camino de las Jordanas 9, Los Belones<\/td>\n<td>J, V, S 13:30 \u2013 16:30<\/td>\n<\/tr>\n<tr>\n<td>Restaurante Rigomar<\/td>\n<td>Urbanizaci\u00f3n Mangabeach,La Manga<\/td>\n<td>TLD 12:30 \u2013 16:00<\/td>\n<\/tr>\n<tr>\n<td>Tasca El Ga\u00f1\u00e1n<\/td>\n<td>Pir\u00e1mides del Gal\u00e1n, La Manga<\/td>\n<td>M a D 12:00 \u2013 16:00<\/td>\n<\/tr>\n<\/tbody>\n<\/table>\n<p style=\"text-align: center;\"><a href=\"https:\/\/urbincasa.es\/blog\/category\/vivir-en-cartagena\"><img loading=\"lazy\" decoding=\"async\" class=\" wp-image-2834 aligncenter\" alt=\"VIVIR EN CARTAGENA\" src=\"https:\/\/urbincasa.es\/blog\/wp-content\/uploads\/2013\/12\/VIVIRENCARTAGENA-300x150.png\" width=\"210\" height=\"105\" srcset=\"https:\/\/urbincasa.es\/blog\/wp-content\/uploads\/2013\/12\/VIVIRENCARTAGENA-300x150.png 300w, https:\/\/urbincasa.es\/blog\/wp-content\/uploads\/2013\/12\/VIVIRENCARTAGENA.png 400w\" sizes=\"auto, (max-width: 210px) 100vw, 210px\" \/><\/a><\/p>\n","protected":false},"excerpt":{"rendered":"<p>El caldero es uno de los platos m\u00e1s caracter\u00edsticos de la costa de Cartagena y del Mar Menor y desde hace un par de a\u00f1os tiene dos semanas reservadas en la agenda de eventos de la zona. La II ruta del caldero y de la marinera se celebra este a\u00f1o desde el 24 de abril [&hellip;]<\/p>\n","protected":false},"author":3,"featured_media":4670,"comment_status":"open","ping_status":"open","sticky":false,"template":"","format":"standard","meta":{"footnotes":""},"categories":[247],"tags":[252,555,35,556,225,408],"class_list":["post-4669","post","type-post","status-publish","format-standard","has-post-thumbnail","hentry","category-vivir-en-cartagena","tag-cabo-de-palos","tag-caldero","tag-cartagena","tag-marinera","tag-playa","tag-ruta-de-la-tapa"],"_links":{"self":[{"href":"https:\/\/urbincasa.es\/blog\/wp-json\/wp\/v2\/posts\/4669","targetHints":{"allow":["GET"]}}],"collection":[{"href":"https:\/\/urbincasa.es\/blog\/wp-json\/wp\/v2\/posts"}],"about":[{"href":"https:\/\/urbincasa.es\/blog\/wp-json\/wp\/v2\/types\/post"}],"author":[{"embeddable":true,"href":"https:\/\/urbincasa.es\/blog\/wp-json\/wp\/v2\/users\/3"}],"replies":[{"embeddable":true,"href":"https:\/\/urbincasa.es\/blog\/wp-json\/wp\/v2\/comments?post=4669"}],"version-history":[{"count":7,"href":"https:\/\/urbincasa.es\/blog\/wp-json\/wp\/v2\/posts\/4669\/revisions"}],"predecessor-version":[{"id":4742,"href":"https:\/\/urbincasa.es\/blog\/wp-json\/wp\/v2\/posts\/4669\/revisions\/4742"}],"wp:featuredmedia":[{"embeddable":true,"href":"https:\/\/urbincasa.es\/blog\/wp-json\/wp\/v2\/media\/4670"}],"wp:attachment":[{"href":"https:\/\/urbincasa.es\/blog\/wp-json\/wp\/v2\/media?parent=4669"}],"wp:term":[{"taxonomy":"category","embeddable":true,"href":"https:\/\/urbincasa.es\/blog\/wp-json\/wp\/v2\/categories?post=4669"},{"taxonomy":"post_tag","embeddable":true,"href":"https:\/\/urbincasa.es\/blog\/wp-json\/wp\/v2\/tags?post=4669"}],"curies":[{"name":"wp","href":"https:\/\/api.w.org\/{rel}","templated":true}]}}