{"id":4684,"date":"2015-04-27T11:53:47","date_gmt":"2015-04-27T09:53:47","guid":{"rendered":"https:\/\/urbincasa.es\/blog\/?p=4684"},"modified":"2015-04-28T17:31:24","modified_gmt":"2015-04-28T15:31:24","slug":"i-weekend-dj-cartagena-urbincasa","status":"publish","type":"post","link":"https:\/\/urbincasa.es\/blog\/2015\/04\/i-weekend-dj-cartagena-urbincasa\/","title":{"rendered":"I Weekend Dj Cartagena &#8211; Urbincasa"},"content":{"rendered":"<div id=\"bsf_rt_marker\"><\/div><p>Cartagena cada a\u00f1o disfruta de una agenda cultural y de ocio muy repleta de eventos de diferente \u00edndole. Este 2015 se une una nueva cita musical y <a href=\"http:\/\/www.urbincasa.es\" target=\"_blank\">Urbincasa<\/a> ha querido apoyar el nacimiento de esta iniciativa.<!--more--><\/p>\n<p style=\"text-align: center;\"><a href=\"https:\/\/urbincasa.es\/blog\/wp-content\/uploads\/2015\/04\/weekenddj-Medium.png\"><img loading=\"lazy\" decoding=\"async\" class=\"size-medium wp-image-4689 aligncenter\" alt=\"weekend dj cartagena\" src=\"https:\/\/urbincasa.es\/blog\/wp-content\/uploads\/2015\/04\/weekenddj-Medium-300x105.png\" width=\"300\" height=\"105\" srcset=\"https:\/\/urbincasa.es\/blog\/wp-content\/uploads\/2015\/04\/weekenddj-Medium-300x105.png 300w, https:\/\/urbincasa.es\/blog\/wp-content\/uploads\/2015\/04\/weekenddj-Medium-500x176.png 500w, https:\/\/urbincasa.es\/blog\/wp-content\/uploads\/2015\/04\/weekenddj-Medium.png 800w\" sizes=\"auto, (max-width: 300px) 100vw, 300px\" \/><\/a><\/p>\n<p>El <strong>I Weekend Dj Cartagena<\/strong>\u00a0es un concurso nacional de j\u00f3venes Djs cuyos cinco finalistas act\u00faan la primera noche de festival en la explanada del puerto de Cartagena en una gran final en vivo y con asistencia de p\u00fablico gratuita. Las semifinales tambi\u00e9n fueron en directo en Cartagena.<\/p>\n<p>Los finalistas de 2015 fueron Daniel Catal\u00e1n Cros \u2013 \u201cDani Cros\u201d (Teruel),\u00a0Lionel Murekian \u2013 \u201cK.Murekian\u201d (Madrid),\u00a0\u00c1ngel Rodr\u00edguez Ca\u00f1adas \u2013 \u201cDJ CHISPAS\u201d (Fuente \u00c1lamo),\u00a0Diego Esteban Fradejas \u2013 \u201cEdigo Basteen\u201d (Cartagena) y\u00a0\u00c1ngel D\u00edaz Fern\u00e1ndez \u2013 \u201cMYUKO\u201d (Cartagena)<\/p>\n<p>Esa noche, el colof\u00f3n final lo puso la actuaci\u00f3n de <strong>Dj Valdi<\/strong>, artista invitado. El Dj cartagenero es muy conocido en nuestro pa\u00eds ya que ha trabajado en programas de televisi\u00f3n como \u201cTonter\u00edas Las Justas\u201d y cada noche desde hace 8 a\u00f1os en el \u201cEl Hormiguero\u201d.<\/p>\n<p>La segunda noche del<strong> I weekend Dj Cartagena<\/strong> fue tambi\u00e9n gratuita y muy especial para la ciudad ya que se subieron al escenario conocidos Dj del panorama local para recordar los grandes \u00e9xitos comerciales de los<strong>\u00a080&#8217;s y 90&#8217;s <\/strong>en una<strong> fiesta remember.<\/strong>\u00a0A esta fiesta acudi\u00f3 tambi\u00e9n desde Barcelona Toni Peret, el autor de los conocidos <a title=\"\u00bfQu\u00e9 son los Max Mix?\" href=\"http:\/\/es.wikipedia.org\/wiki\/Max_Mix\" target=\"_blank\">Max Mix<\/a>.<strong>\u00a0<\/strong><\/p>\n<p><a href=\"https:\/\/urbincasa.es\/blog\/wp-content\/uploads\/2015\/04\/weekend-dj.jpg\"><img loading=\"lazy\" decoding=\"async\" class=\"alignleft size-medium wp-image-4727\" alt=\"weekend dj cartagena\" src=\"https:\/\/urbincasa.es\/blog\/wp-content\/uploads\/2015\/04\/weekend-dj-222x300.jpg\" width=\"222\" height=\"300\" srcset=\"https:\/\/urbincasa.es\/blog\/wp-content\/uploads\/2015\/04\/weekend-dj-222x300.jpg 222w, https:\/\/urbincasa.es\/blog\/wp-content\/uploads\/2015\/04\/weekend-dj.jpg 356w\" sizes=\"auto, (max-width: 222px) 100vw, 222px\" \/><\/a><\/p>\n<p>Durante el fin de semana, miles de personas de edades muy diversas abarrotaron el puerto para apoyar esta nueva cita de la agenda cultural cartagenera que ha llegado para quedarse.<\/p>\n<p>Espect\u00e1culo de luz y mucho sonido han marcado este a\u00f1o el camino a seguir por este festival.<\/p>\n<p><strong>II Weekend DJ Cartagena<\/strong><\/p>\n<p>Miembros de la organizaci\u00f3n nos aseguraban que tras unas semanas de descanso para recuperarse de esta primera edici\u00f3n comienzan, sin dilaci\u00f3n, los preparativos para un\u00a0II Weekend DJ Cartagena, m\u00e1s grande y mejor ahora que ya han podido demostrar la respuesta del p\u00fablico.<\/p>\n","protected":false},"excerpt":{"rendered":"<p>Cartagena cada a\u00f1o disfruta de una agenda cultural y de ocio muy repleta de eventos de diferente \u00edndole. Este 2015 se une una nueva cita musical y Urbincasa ha querido apoyar el nacimiento de esta iniciativa.<\/p>\n","protected":false},"author":3,"featured_media":4729,"comment_status":"open","ping_status":"open","sticky":false,"template":"","format":"standard","meta":{"footnotes":""},"categories":[9,247],"tags":[35,558,376,101,557],"class_list":["post-4684","post","type-post","status-publish","format-standard","has-post-thumbnail","hentry","category-eventos","category-vivir-en-cartagena","tag-cartagena","tag-dj","tag-festival","tag-patrocinio","tag-weekend"],"_links":{"self":[{"href":"https:\/\/urbincasa.es\/blog\/wp-json\/wp\/v2\/posts\/4684","targetHints":{"allow":["GET"]}}],"collection":[{"href":"https:\/\/urbincasa.es\/blog\/wp-json\/wp\/v2\/posts"}],"about":[{"href":"https:\/\/urbincasa.es\/blog\/wp-json\/wp\/v2\/types\/post"}],"author":[{"embeddable":true,"href":"https:\/\/urbincasa.es\/blog\/wp-json\/wp\/v2\/users\/3"}],"replies":[{"embeddable":true,"href":"https:\/\/urbincasa.es\/blog\/wp-json\/wp\/v2\/comments?post=4684"}],"version-history":[{"count":20,"href":"https:\/\/urbincasa.es\/blog\/wp-json\/wp\/v2\/posts\/4684\/revisions"}],"predecessor-version":[{"id":4733,"href":"https:\/\/urbincasa.es\/blog\/wp-json\/wp\/v2\/posts\/4684\/revisions\/4733"}],"wp:featuredmedia":[{"embeddable":true,"href":"https:\/\/urbincasa.es\/blog\/wp-json\/wp\/v2\/media\/4729"}],"wp:attachment":[{"href":"https:\/\/urbincasa.es\/blog\/wp-json\/wp\/v2\/media?parent=4684"}],"wp:term":[{"taxonomy":"category","embeddable":true,"href":"https:\/\/urbincasa.es\/blog\/wp-json\/wp\/v2\/categories?post=4684"},{"taxonomy":"post_tag","embeddable":true,"href":"https:\/\/urbincasa.es\/blog\/wp-json\/wp\/v2\/tags?post=4684"}],"curies":[{"name":"wp","href":"https:\/\/api.w.org\/{rel}","templated":true}]}}