{"id":4900,"date":"2015-06-23T10:26:56","date_gmt":"2015-06-23T08:26:56","guid":{"rendered":"https:\/\/urbincasa.es\/blog\/?p=4900"},"modified":"2015-06-23T10:27:17","modified_gmt":"2015-06-23T08:27:17","slug":"foro-inmobiliario-2015-la-nueva-era-del-sector","status":"publish","type":"post","link":"https:\/\/urbincasa.es\/blog\/2015\/06\/foro-inmobiliario-2015-la-nueva-era-del-sector\/","title":{"rendered":"Foro inmobiliario 2015: La nueva era del sector"},"content":{"rendered":"<div id=\"bsf_rt_marker\"><\/div><p style=\"text-align: left;\"><a href=\"https:\/\/urbincasa.es\/blog\/wp-content\/uploads\/2015\/06\/foro-inmobiliario.jpg\"><br \/>\n<\/a> <a href=\"https:\/\/urbincasa.es\/blog\/wp-content\/uploads\/2015\/06\/foro-inmobiliario-1.jpg\"><img loading=\"lazy\" decoding=\"async\" class=\" wp-image-4909 alignleft\" alt=\"foro inmobiliario 2015\" src=\"https:\/\/urbincasa.es\/blog\/wp-content\/uploads\/2015\/06\/foro-inmobiliario-1-300x168.jpg\" width=\"210\" height=\"118\" srcset=\"https:\/\/urbincasa.es\/blog\/wp-content\/uploads\/2015\/06\/foro-inmobiliario-1-300x168.jpg 300w, https:\/\/urbincasa.es\/blog\/wp-content\/uploads\/2015\/06\/foro-inmobiliario-1-500x281.jpg 500w, https:\/\/urbincasa.es\/blog\/wp-content\/uploads\/2015\/06\/foro-inmobiliario-1-900x506.jpg 900w, https:\/\/urbincasa.es\/blog\/wp-content\/uploads\/2015\/06\/foro-inmobiliario-1.jpg 1024w\" sizes=\"auto, (max-width: 210px) 100vw, 210px\" \/><\/a>Un a\u00f1o m\u00e1s, la Asociaci\u00f3n de Promotores Inmobiliarios de la Regi\u00f3n de Murcia (<a href=\"http:\/\/apirm.es\/\" target=\"_blank\">Apirm<\/a>) celebr\u00f3 el Foro Inmobiliario, en esta ocasi\u00f3n bajo el t\u00edtulo <strong>\u00abLa nueva era del sector inmobiliario\u00bb.<!--more--><\/strong><\/p>\n<p style=\"text-align: left;\">En un marco de excepci\u00f3n, el casino de Murcia, el evento analiz\u00f3 el cambio de modelo de negocio y de visi\u00f3n que debemos asumir desde el sector ahora que cambiamos de ciclo econ\u00f3mico y para asimilar el nuevo escenario que se plantea.<\/p>\n<blockquote><p>\u00abSomos conscientes de la importancia que tiene el campo de la construcci\u00f3n en el conjunto de la econom\u00eda regional, por cuanto resulta decisivo para la creaci\u00f3n de riqueza y de empleo\u00bb<\/p>\n<p>Francisco Bernab\u00e9. Consejero de Obras P\u00fablicas y Ordenaci\u00f3n del Territorio.<\/p><\/blockquote>\n<p><strong><a href=\"https:\/\/urbincasa.es\/blog\/wp-content\/uploads\/2015\/06\/foro-inmobiliario.jpg\"><img loading=\"lazy\" decoding=\"async\" class=\" wp-image-4908 alignleft\" alt=\"foro inmobiliario\" src=\"https:\/\/urbincasa.es\/blog\/wp-content\/uploads\/2015\/06\/foro-inmobiliario-300x200.jpg\" width=\"210\" height=\"140\" srcset=\"https:\/\/urbincasa.es\/blog\/wp-content\/uploads\/2015\/06\/foro-inmobiliario-300x200.jpg 300w, https:\/\/urbincasa.es\/blog\/wp-content\/uploads\/2015\/06\/foro-inmobiliario-448x300.jpg 448w, https:\/\/urbincasa.es\/blog\/wp-content\/uploads\/2015\/06\/foro-inmobiliario.jpg 835w\" sizes=\"auto, (max-width: 210px) 100vw, 210px\" \/><\/a>Jos\u00e9 Hern\u00e1ndez<\/strong>, presidente de Apirm, explicaba el por qu\u00e9 del t\u00edtulo del foro afirmando que \u201cla estabilizaci\u00f3n del sector ya se ha producido en precio y compraventa. A partir de ahora comienza la fase de recuperaci\u00f3n y normalizaci\u00f3n del sector, que ir\u00e1 volviendo a tener un peso en la econom\u00eda regional equilibrado\u201d.<\/p>\n<p style=\"text-align: left;\">Para eso, Hern\u00e1ndez destacaba la importancia de un <strong>nuevo modelo de cooperaci\u00f3n<\/strong> entre promotores, comercializadoras, arquitectos&#8230; y de todos los campos profesionales que forman parte del proceso.<\/p>\n<p style=\"text-align: left;\">\u201cLa colaboraci\u00f3n va a ser la clave para que los nuevos proyectos inmobiliarios sean viables, sostenibles, eficientes, con calidad de ambiente interior e innovadores en el dise\u00f1o y los materiales.\u00bb<\/p>\n<h2 style=\"text-align: left;\">El sector inmobiliario de la Regi\u00f3n de Murcia en datos<\/h2>\n<p style=\"text-align: left;\">Durante la asamblea anual de la Asociaci\u00f3n, se presentaron datos de coyuntura del sector, entre los que destaca la <a title=\"La Regi\u00f3n de Murcia, una de las cuotas hipotecarias m\u00e1s bajas de Espa\u00f1a\" href=\"https:\/\/urbincasa.es\/blog\/2015\/02\/region-de-murcia-cuotas-hipotecarias-mas-bajas-espana\/\" target=\"_blank\">cuota hipotecaria de la Regi\u00f3n de Murcia<\/a>, bastante m\u00e1s baja que la media espa\u00f1ola.<\/p>\n<p style=\"text-align: left;\">\u201cLa recuperaci\u00f3n del sector se refleja en que, por primera vez desde 2006, se ha registrado un aumento en el n\u00famero de hipotecas sobre vivienda\u201d, explicaba Jos\u00e9 Hern\u00e1ndez. <strong>En 2014 se firmaron un 2,86% m\u00e1s que en el a\u00f1o anterior<\/strong>.<\/p>\n<p>Respecto a la compraventa, en 2014 se vendieron un 11,63% de unidades m\u00e1s en la Regi\u00f3n frente a 2013. La expectativa para 2015 es que el a\u00f1o cierre con cifras muy parecidas al 2014.<\/p>\n<p>Entre otros profesionales, al foro inmobiliario acudieron Juan Antonio G\u00f3mez-Pintado, presidente de la Asociaci\u00f3n de Promotores Constructores de Espa\u00f1a (APCE) y de la Asociaci\u00f3n de Promotores de Madrid (ASPRIMA), Juan Fern\u00e1ndez-Aceytuno, director general de ST Sociedad de Tasaci\u00f3n, e Ignacio San Mart\u00edn, director de BBVA Real Estate Research.<\/p>\n<h3>En los premios entregados ese d\u00eda, nuestra campa\u00f1a <a title=\"Ponle los cuernos a tu casa, o el alquiler con opci\u00f3n a compra de Magnolia\" href=\"https:\/\/urbincasa.es\/blog\/2015\/05\/ponle-los-cuernos-a-tu-casa-alquiler-con-opcion-a-compra-cartagena\/\" target=\"_blank\">\u00abPonle los cuernos a tu casa\u00bb<\/a> recibi\u00f3 el de Mejor Estrategia de Comunicaci\u00f3n del a\u00f1o.<\/h3>\n","protected":false},"excerpt":{"rendered":"<p>Un a\u00f1o m\u00e1s, la Asociaci\u00f3n de Promotores Inmobiliarios de la Regi\u00f3n de Murcia (Apirm) celebr\u00f3 el Foro Inmobiliario, en esta ocasi\u00f3n bajo el t\u00edtulo \u00abLa nueva era del sector inmobiliario\u00bb.<\/p>\n","protected":false},"author":3,"featured_media":4908,"comment_status":"open","ping_status":"open","sticky":false,"template":"","format":"standard","meta":{"footnotes":""},"categories":[9,11],"tags":[27,565,569,400,307],"class_list":["post-4900","post","type-post","status-publish","format-standard","has-post-thumbnail","hentry","category-eventos","category-informacion","tag-apirm","tag-crisis","tag-foro-inmobiliario","tag-region-de-murcia","tag-urbincasa"],"_links":{"self":[{"href":"https:\/\/urbincasa.es\/blog\/wp-json\/wp\/v2\/posts\/4900","targetHints":{"allow":["GET"]}}],"collection":[{"href":"https:\/\/urbincasa.es\/blog\/wp-json\/wp\/v2\/posts"}],"about":[{"href":"https:\/\/urbincasa.es\/blog\/wp-json\/wp\/v2\/types\/post"}],"author":[{"embeddable":true,"href":"https:\/\/urbincasa.es\/blog\/wp-json\/wp\/v2\/users\/3"}],"replies":[{"embeddable":true,"href":"https:\/\/urbincasa.es\/blog\/wp-json\/wp\/v2\/comments?post=4900"}],"version-history":[{"count":12,"href":"https:\/\/urbincasa.es\/blog\/wp-json\/wp\/v2\/posts\/4900\/revisions"}],"predecessor-version":[{"id":4915,"href":"https:\/\/urbincasa.es\/blog\/wp-json\/wp\/v2\/posts\/4900\/revisions\/4915"}],"wp:featuredmedia":[{"embeddable":true,"href":"https:\/\/urbincasa.es\/blog\/wp-json\/wp\/v2\/media\/4908"}],"wp:attachment":[{"href":"https:\/\/urbincasa.es\/blog\/wp-json\/wp\/v2\/media?parent=4900"}],"wp:term":[{"taxonomy":"category","embeddable":true,"href":"https:\/\/urbincasa.es\/blog\/wp-json\/wp\/v2\/categories?post=4900"},{"taxonomy":"post_tag","embeddable":true,"href":"https:\/\/urbincasa.es\/blog\/wp-json\/wp\/v2\/tags?post=4900"}],"curies":[{"name":"wp","href":"https:\/\/api.w.org\/{rel}","templated":true}]}}