{"id":5007,"date":"2015-07-16T14:42:20","date_gmt":"2015-07-16T12:42:20","guid":{"rendered":"https:\/\/urbincasa.es\/blog\/?p=5007"},"modified":"2015-07-17T09:38:47","modified_gmt":"2015-07-17T07:38:47","slug":"trabajo-empleo-comercial-inmobiliario-alicante","status":"publish","type":"post","link":"https:\/\/urbincasa.es\/blog\/2015\/07\/trabajo-empleo-comercial-inmobiliario-alicante\/","title":{"rendered":"Buscamos comercial inmobiliario en Alicante"},"content":{"rendered":"<div id=\"bsf_rt_marker\"><\/div><p>Queremos ampliar nuestro equipo y estamos buscando a alguien que se encargue de vender las viviendas de nuestro nuevo Residencial en <span style=\"text-decoration: underline;\"><strong>Alicante<\/strong>.<!--more--><\/span><\/p>\n<p>El proyecto que estamos perfilando entre todos con mucho cari\u00f1o, tendr\u00e1 unas viviendas preciosas y unas zonas comunes de lujo as\u00ed que necesitamos a alguien que sea capaz de transmitir esto a los clientes y <strong>asesorarlos en todo el proceso de compra,\u00a0<\/strong>por eso,<strong>\u00a0<\/strong>buscamos a alguien con experiencia como <strong>comercial inmobiliario<\/strong> y mejor a\u00fan, si ha trabajado vendiendo sobre plano.<\/p>\n<p>Tenemos muchos clientes extranjeros por lo que es imprescindible que nuestro nuevo compa\u00f1ero sepa <strong>ingl\u00e9s y franc\u00e9s con soltura<\/strong> como m\u00ednimo.<\/p>\n<p>Como somos una empresa muy organizada y muy moderna, es necesario que tenga <strong>conocimientos de inform\u00e1tica\u00a0<\/strong>para llevar al d\u00eda toda la documentaci\u00f3n y papeleo que vaya surgiendo.<\/p>\n<p>Asimismo, es imprescindible que este nuevo miembro del equipo comercial, sea\u00a0<strong>comunicativo, sociable, y tenga don de gentes<\/strong>\u00a0porque es nuestro contacto con el cliente.<\/p>\n<p>Resumiendo,<strong> estos son los requisitos que piden desde Recursos Humanos: <\/strong><\/p>\n<ul>\n<li>Experiencia como Comercial inmobiliario<\/li>\n<li>Imprescindible nivel fluido leido y escrito de ingl\u00e9s y franc\u00e9s<\/li>\n<li>FP I &#8211; II Gesti\u00f3n Administrativa<\/li>\n<li>Conocimientos de inform\u00e1tica<\/li>\n<li>Persona con habilidades sociales sociales y capacidad de comunicaci\u00f3n.<\/li>\n<li>Empat\u00eda, don de gentes, orientado al cliente y a resultados.<\/li>\n<\/ul>\n<p>&nbsp;<\/p>\n<p><strong>Funciones:\u00a0<\/strong><\/p>\n<ul>\n<li><span style=\"line-height: 15px;\">Atenci\u00f3n y captaci\u00f3n de clientes en el punto de venta e informaci\u00f3n<\/span><\/li>\n<li>Informaci\u00f3n y venta de las promociones de la empresa<\/li>\n<li>Realizaci\u00f3n de los contratos de reserva y de compraventa<\/li>\n<li>Gesti\u00f3n de reformas solicitadas por clientes.<\/li>\n<li>Visitas a piso piloto<\/li>\n<li>Seguimiento de clientes<\/li>\n<li>Organizaci\u00f3n del punto de venta<\/li>\n<li>Gesti\u00f3n de datos a trav\u00e9s del sistema inform\u00e1tico seg\u00fan procedimientos establecidos<\/li>\n<\/ul>\n<p>&nbsp;<\/p>\n<p><strong>Le ofrecemos:\u00a0<\/strong><\/p>\n<ul>\n<li><span style=\"line-height: 15px;\">Incorporaci\u00f3n inmediata<\/span><\/li>\n<li>Formaci\u00f3n a cargo de la empresa<\/li>\n<li>Salario fijo m\u00e1s incentivos<\/li>\n<\/ul>\n<p><strong>Si cumples estos requisitos y piensas que das el perfil para comercializar y vender nuestro nuevo proyecto y formar parte del<\/strong>\u00a0UrbinEquipo \u00a1No lo dudes! Escribe a <strong><span style=\"color: #0000ff;\">rrhh@urbincasa.es<\/span> <\/strong>present\u00e1ndote y con tu curriculum en .pdf o .doc<\/p>\n","protected":false},"excerpt":{"rendered":"<p>Queremos ampliar nuestro equipo y estamos buscando a alguien que se encargue de vender las viviendas de nuestro nuevo Residencial en Alicante.<\/p>\n","protected":false},"author":3,"featured_media":5011,"comment_status":"open","ping_status":"open","sticky":false,"template":"","format":"standard","meta":{"footnotes":""},"categories":[17],"tags":[25,290,58,485,289,131],"class_list":["post-5007","post","type-post","status-publish","format-standard","has-post-thumbnail","hentry","category-ofertas","tag-alicante","tag-comercial","tag-empleo","tag-inmobiliario","tag-oferta","tag-trabajo"],"_links":{"self":[{"href":"https:\/\/urbincasa.es\/blog\/wp-json\/wp\/v2\/posts\/5007","targetHints":{"allow":["GET"]}}],"collection":[{"href":"https:\/\/urbincasa.es\/blog\/wp-json\/wp\/v2\/posts"}],"about":[{"href":"https:\/\/urbincasa.es\/blog\/wp-json\/wp\/v2\/types\/post"}],"author":[{"embeddable":true,"href":"https:\/\/urbincasa.es\/blog\/wp-json\/wp\/v2\/users\/3"}],"replies":[{"embeddable":true,"href":"https:\/\/urbincasa.es\/blog\/wp-json\/wp\/v2\/comments?post=5007"}],"version-history":[{"count":9,"href":"https:\/\/urbincasa.es\/blog\/wp-json\/wp\/v2\/posts\/5007\/revisions"}],"predecessor-version":[{"id":5017,"href":"https:\/\/urbincasa.es\/blog\/wp-json\/wp\/v2\/posts\/5007\/revisions\/5017"}],"wp:featuredmedia":[{"embeddable":true,"href":"https:\/\/urbincasa.es\/blog\/wp-json\/wp\/v2\/media\/5011"}],"wp:attachment":[{"href":"https:\/\/urbincasa.es\/blog\/wp-json\/wp\/v2\/media?parent=5007"}],"wp:term":[{"taxonomy":"category","embeddable":true,"href":"https:\/\/urbincasa.es\/blog\/wp-json\/wp\/v2\/categories?post=5007"},{"taxonomy":"post_tag","embeddable":true,"href":"https:\/\/urbincasa.es\/blog\/wp-json\/wp\/v2\/tags?post=5007"}],"curies":[{"name":"wp","href":"https:\/\/api.w.org\/{rel}","templated":true}]}}