{"id":5018,"date":"2015-07-17T14:11:49","date_gmt":"2015-07-17T12:11:49","guid":{"rendered":"https:\/\/urbincasa.es\/blog\/?p=5018"},"modified":"2015-07-17T14:22:58","modified_gmt":"2015-07-17T12:22:58","slug":"trabajo-empleo-buscamos-comercial-inmobiliario-murcia","status":"publish","type":"post","link":"https:\/\/urbincasa.es\/blog\/2015\/07\/trabajo-empleo-buscamos-comercial-inmobiliario-murcia\/","title":{"rendered":"Buscamos comercial inmobiliario en Murcia"},"content":{"rendered":"<div id=\"bsf_rt_marker\"><\/div><p>Estamos ampliando nuestro equipo en la <strong>costa de la Regi\u00f3n de Murcia<\/strong> y buscamos un comercial inmobiliario.\u00a0<span style=\"text-decoration: underline;\"><strong><!--more--><\/strong><\/span><\/p>\n<p>El nuevo proyecto en la <strong>costa de la Regi\u00f3n de Murcia<\/strong>\u00a0que tenemos entre manos, se suma al que tenemos acabado en Cabo de Palos, nuestro nuevo\u00a0<a href=\"https:\/\/urbincasa.es\/inmobiliaria\/es\/promociones\/3\/cabo-palos\/drizas\/11\">Residencial Las Drizas<\/a>.<\/p>\n<p>Para este gran proyecto buscamos a una persona que sea nuestro punto de encuentro con el cliente y pueda <strong>satisfacer sus necesidades<\/strong>.<\/p>\n<p>Andamos a la caza de una persona con experiencia como <strong>comercial inmobiliario<\/strong> y\u00a0que domine <strong>ingl\u00e9s y franc\u00e9s<\/strong> con soltura, para poder mantener una buena comunicaci\u00f3n con el cliente nacional y extranjero, esto es imprescindible para nosotros.<\/p>\n<p><strong>La amabilidad, la empat\u00eda con el cliente, la buena presencia y el don de gentes<\/strong>, son requisitos muy importantes para este puesto, ya que trabajamos con personas, nuestro activo m\u00e1s valioso y esta persona ser\u00e1 la imagen que proyecte la empresa.<\/p>\n<p>Adem\u00e1s, debe tener\u00a0<strong>conocimientos de inform\u00e1tica<\/strong>\u00a0y de gesti\u00f3n administrativa para cumplir con nuestra manera de trabajar el \u00e1rea comercial.<\/p>\n<p>Por tanto, el departamento de Recursos Humanos nos comunica que la persona que buscamos debe cumplir estos <strong>requisitos<\/strong>:<\/p>\n<ul>\n<li>Experiencia como comercial inmobiliario<\/li>\n<li><span style=\"line-height: 15px;\">Imprescindible dominio de ingl\u00e9s y franc\u00e9s<\/span><\/li>\n<li>FP I &#8211; II Gesti\u00f3n Administrativa<\/li>\n<li>Conocimientos de inform\u00e1tica<\/li>\n<li>Persona con habilidades sociales sociales y capacidad de comunicaci\u00f3n<\/li>\n<li>Empat\u00eda, don de gentes, orientado al cliente y a resultados.<\/li>\n<\/ul>\n<p>&nbsp;<\/p>\n<p>Las<strong> funciones<\/strong> que llevar\u00e1 a cabo son:<\/p>\n<ul>\n<li>Atenci\u00f3n y captaci\u00f3n de clientes en el punto de venta e informaci\u00f3n<\/li>\n<li>Informaci\u00f3n y venta de las promociones de la empresa<\/li>\n<li>Realizaci\u00f3n de los contratos de reserva y de compraventa<\/li>\n<li>Gesti\u00f3n de reformas solicitadas por clientes.<\/li>\n<li>Visitas a piso piloto<\/li>\n<li>Seguimiento de clientes<\/li>\n<li>Organizaci\u00f3n del punto de venta<\/li>\n<li>Gesti\u00f3n de datos a trav\u00e9s del sistema inform\u00e1tico seg\u00fan procedimientos establecidos<\/li>\n<\/ul>\n<p>&nbsp;<\/p>\n<p>A cambio, nosotros le<strong> ofrecemos:\u00a0<\/strong><\/p>\n<ul>\n<li>Incorporaci\u00f3n inmediata<\/li>\n<li>Formaci\u00f3n a cargo de la empresa<\/li>\n<li>Salario fijo m\u00e1s incentivos<\/li>\n<\/ul>\n<p><strong>Si eres la pieza de ajedrez que nos falta para formar el equipo y cumples con los requisitos, <\/strong>env\u00edanos tu curriculum en .pdf o .doc\u00a0al correo <strong>rrhh@urbincasa.es<\/strong><\/p>\n<p><strong> \u00a1Te esperamos en el Urbinequipo!<br \/>\n<\/strong><\/p>\n","protected":false},"excerpt":{"rendered":"<p>Estamos ampliando nuestro equipo en la costa de la Regi\u00f3n de Murcia y buscamos un comercial inmobiliario.\u00a0<\/p>\n","protected":false},"author":3,"featured_media":5029,"comment_status":"open","ping_status":"open","sticky":false,"template":"","format":"standard","meta":{"footnotes":""},"categories":[17],"tags":[290,58,485,94,289,131],"class_list":["post-5018","post","type-post","status-publish","format-standard","has-post-thumbnail","hentry","category-ofertas","tag-comercial","tag-empleo","tag-inmobiliario","tag-murcia","tag-oferta","tag-trabajo"],"_links":{"self":[{"href":"https:\/\/urbincasa.es\/blog\/wp-json\/wp\/v2\/posts\/5018","targetHints":{"allow":["GET"]}}],"collection":[{"href":"https:\/\/urbincasa.es\/blog\/wp-json\/wp\/v2\/posts"}],"about":[{"href":"https:\/\/urbincasa.es\/blog\/wp-json\/wp\/v2\/types\/post"}],"author":[{"embeddable":true,"href":"https:\/\/urbincasa.es\/blog\/wp-json\/wp\/v2\/users\/3"}],"replies":[{"embeddable":true,"href":"https:\/\/urbincasa.es\/blog\/wp-json\/wp\/v2\/comments?post=5018"}],"version-history":[{"count":13,"href":"https:\/\/urbincasa.es\/blog\/wp-json\/wp\/v2\/posts\/5018\/revisions"}],"predecessor-version":[{"id":5034,"href":"https:\/\/urbincasa.es\/blog\/wp-json\/wp\/v2\/posts\/5018\/revisions\/5034"}],"wp:featuredmedia":[{"embeddable":true,"href":"https:\/\/urbincasa.es\/blog\/wp-json\/wp\/v2\/media\/5029"}],"wp:attachment":[{"href":"https:\/\/urbincasa.es\/blog\/wp-json\/wp\/v2\/media?parent=5018"}],"wp:term":[{"taxonomy":"category","embeddable":true,"href":"https:\/\/urbincasa.es\/blog\/wp-json\/wp\/v2\/categories?post=5018"},{"taxonomy":"post_tag","embeddable":true,"href":"https:\/\/urbincasa.es\/blog\/wp-json\/wp\/v2\/tags?post=5018"}],"curies":[{"name":"wp","href":"https:\/\/api.w.org\/{rel}","templated":true}]}}