{"id":5042,"date":"2015-07-30T09:00:55","date_gmt":"2015-07-30T07:00:55","guid":{"rendered":"https:\/\/urbincasa.es\/blog\/?p=5042"},"modified":"2016-05-31T12:40:12","modified_gmt":"2016-05-31T10:40:12","slug":"duplex-en-cabo-de-palos","status":"publish","type":"post","link":"https:\/\/urbincasa.es\/blog\/2015\/07\/duplex-en-cabo-de-palos\/","title":{"rendered":"D\u00faplex en Cabo de Palos"},"content":{"rendered":"<div id=\"bsf_rt_marker\"><\/div><p>Bienvenidos a nuestro hogar. As\u00ed de espectacular ha quedado el\u00a0<strong>d\u00faplex en Cabo de Palos, en nuestro residencial Las Drizas<\/strong>. Una casa con encanto en un entorno inigualable.<\/p>\n<p><!--more--><\/p>\n<p><strong>ACTUALIZACI\u00d3N: Todos los d\u00faplex est\u00e1n vendidos pero quedan <a href=\"https:\/\/urbincasa.es\/inmobiliaria\/es\/promociones\/3\/cabo-de-palos\/las-drizas\/11\/?fuente=a0eD000000EyAelIAF\" target=\"_blank\">pisos de 2 dormitorios<\/a><\/strong><\/p>\n<p>El proyecto de  fue maravilloso desde el principio. Su entorno nos favorec\u00eda para cualquier idea que tuvi\u00e9semos. Sus playas, sus vistas,\u00a0su gente&#8230; en definitiva, era un <strong>ambiente asombroso<\/strong> donde construir nuestro residencial para que sus propietarios vivieran en un lugar extraordinario, donde todo est\u00e1 al alcance de la mano, y as\u00ed podr\u00edamos facilitar el d\u00eda a d\u00eda.<\/p>\n<p>Cabo de Palos es un lugar para so\u00f1ar despierto. Vivir a orillas del Mar Mediterr\u00e1neo, en un pueblo de pescadores y arraigado a la tradici\u00f3n, es un lujo que ahora podemos aprovechar. Se trata de un entorno fascinante para poder disfrutar de \u00e9l todo el a\u00f1o, o por lo menos, vivirlo en la temporada de verano.\u00a0No nos extra\u00f1a que haya sido nombrado <a href=\"https:\/\/urbincasa.es\/blog\/2015\/07\/cabo-de-palos-mejor-destino-de-buceo-europa\/\"><strong>mejor destino europeo de buceo<\/strong><\/a> gracias a sus fondos marinos, que forman parte de la Reserva Marina de Cabo de Palos e Islas Hormigas.<\/p>\n<p>Pero no solo el entorno es atractivo, tambi\u00e9n el proyecto llevado a cabo all\u00ed lo es. Un <strong>proyecto con mucho cari\u00f1o y trabajo<\/strong> de cada uno de los departamentos que hemos puesto nuestro tiempo para verlo terminado y ver la felicidad con la que los propietarios entran por primera vez a su casa. Los nuevos vecinos ya han llegado y est\u00e1n disfrutando de este precioso residencial de obra nueva, con dise\u00f1os exclusivos y l\u00edneas modernas.<\/p>\n<p><span style=\"text-decoration: underline;\"><strong>El primer d\u00faplex amueblado de Las Drizas ha quedado sensacional.<\/strong><\/span><\/p>\n<p><img loading=\"lazy\" decoding=\"async\" class=\"size-medium wp-image-5079 alignright\" src=\"https:\/\/urbincasa.es\/blog\/wp-content\/uploads\/2015\/07\/P7164011-300x168.jpg\" alt=\"Duplex Las Drizas\" width=\"300\" height=\"168\" srcset=\"https:\/\/urbincasa.es\/blog\/wp-content\/uploads\/2015\/07\/P7164011-300x168.jpg 300w, https:\/\/urbincasa.es\/blog\/wp-content\/uploads\/2015\/07\/P7164011-1024x576.jpg 1024w, https:\/\/urbincasa.es\/blog\/wp-content\/uploads\/2015\/07\/P7164011-500x281.jpg 500w, https:\/\/urbincasa.es\/blog\/wp-content\/uploads\/2015\/07\/P7164011-900x506.jpg 900w\" sizes=\"auto, (max-width: 300px) 100vw, 300px\" \/><\/p>\n<p>En cuanto pisamos su amplio <strong>porche con zona ajardinada<\/strong>\u00a0nos enamor\u00f3 para disfrutar de la tranquilidad de Cabo de Palos y relajarnos solos o con\u00a0amigos, aprovechando la brisa del Mar Mediterr\u00e1neo y de un ambiente tranquilo. \u00c9ste es un espacio donde podemos sacar nuestra creatividad a flote y decorarlo nosotros mismos con <a href=\"https:\/\/urbincasa.es\/blog\/2014\/05\/que-plantas-pongo-en-un-jardin-mediterraneo\/\">plantas resistentes al clima Mediterr\u00e1neo<\/a>.<\/p>\n<p><img loading=\"lazy\" decoding=\"async\" class=\" wp-image-5076 alignleft\" src=\"https:\/\/urbincasa.es\/blog\/wp-content\/uploads\/2015\/07\/P7164026-300x168.jpg\" alt=\"comedor D\u00faplex Las Drizas\" width=\"270\" height=\"151\" srcset=\"https:\/\/urbincasa.es\/blog\/wp-content\/uploads\/2015\/07\/P7164026-300x168.jpg 300w, https:\/\/urbincasa.es\/blog\/wp-content\/uploads\/2015\/07\/P7164026-1024x576.jpg 1024w, https:\/\/urbincasa.es\/blog\/wp-content\/uploads\/2015\/07\/P7164026-500x281.jpg 500w, https:\/\/urbincasa.es\/blog\/wp-content\/uploads\/2015\/07\/P7164026-900x506.jpg 900w\" sizes=\"auto, (max-width: 270px) 100vw, 270px\" \/><\/p>\n<p>Adem\u00e1s, esta vivienda cuenta con un amplio patio interior al que se accede por el <strong>sal\u00f3n-comedor. <\/strong>La cocina est\u00e1 conectada con el sal\u00f3n para poder ver a las visitas mientras preparamos la cena \u00a1As\u00ed no perdemos detalle de la conversaci\u00f3n!<\/p>\n<p>En la primera planta tambi\u00e9n encontramos un <strong>cuarto de ba\u00f1o completo<\/strong> y una <strong>habitaci\u00f3n<\/strong> vers\u00e1til, que podremos utilizar como queramos: un despacho, el sal\u00f3n de juegos, habitaci\u00f3n de invitados&#8230; o si se prefiere dejarla como dormitorio para no subir las escaleras tras una copiosa cena.<\/p>\n<p><a href=\"https:\/\/urbincasa.es\/blog\/wp-content\/uploads\/2015\/07\/P7164041.jpg\"><img loading=\"lazy\" decoding=\"async\" class=\" wp-image-5091 alignnone\" src=\"https:\/\/urbincasa.es\/blog\/wp-content\/uploads\/2015\/07\/P7164041-300x168.jpg\" alt=\"Duplex Las Drizas\" width=\"270\" height=\"151\" srcset=\"https:\/\/urbincasa.es\/blog\/wp-content\/uploads\/2015\/07\/P7164041-300x168.jpg 300w, https:\/\/urbincasa.es\/blog\/wp-content\/uploads\/2015\/07\/P7164041-1024x576.jpg 1024w, https:\/\/urbincasa.es\/blog\/wp-content\/uploads\/2015\/07\/P7164041-500x281.jpg 500w, https:\/\/urbincasa.es\/blog\/wp-content\/uploads\/2015\/07\/P7164041-900x506.jpg 900w\" sizes=\"auto, (max-width: 270px) 100vw, 270px\" \/><\/a><a href=\"https:\/\/urbincasa.es\/blog\/wp-content\/uploads\/2015\/07\/P7164039.jpg\"><img loading=\"lazy\" decoding=\"async\" class=\" wp-image-5093 alignnone\" src=\"https:\/\/urbincasa.es\/blog\/wp-content\/uploads\/2015\/07\/P7164039-300x168.jpg\" alt=\"D\u00faplex Las Drizas\" width=\"270\" height=\"151\" srcset=\"https:\/\/urbincasa.es\/blog\/wp-content\/uploads\/2015\/07\/P7164039-300x168.jpg 300w, https:\/\/urbincasa.es\/blog\/wp-content\/uploads\/2015\/07\/P7164039-1024x576.jpg 1024w, https:\/\/urbincasa.es\/blog\/wp-content\/uploads\/2015\/07\/P7164039-500x281.jpg 500w, https:\/\/urbincasa.es\/blog\/wp-content\/uploads\/2015\/07\/P7164039-900x506.jpg 900w\" sizes=\"auto, (max-width: 270px) 100vw, 270px\" \/><\/a><\/p>\n<p><a style=\"font-style: normal; line-height: 24.375px; text-decoration: underline;\" href=\"https:\/\/urbincasa.es\/blog\/wp-content\/uploads\/2015\/07\/P7164056.jpg\"><img loading=\"lazy\" decoding=\"async\" class=\"size-medium wp-image-5084 alignright\" style=\"border-color: #bbbbbb; margin-top: 0.4em; background: #eeeeee;\" src=\"https:\/\/urbincasa.es\/blog\/wp-content\/uploads\/2015\/07\/P7164056-300x168.jpg\" alt=\"D\u00faplex Las Drizas\" width=\"300\" height=\"168\" srcset=\"https:\/\/urbincasa.es\/blog\/wp-content\/uploads\/2015\/07\/P7164056-300x168.jpg 300w, https:\/\/urbincasa.es\/blog\/wp-content\/uploads\/2015\/07\/P7164056-1024x576.jpg 1024w, https:\/\/urbincasa.es\/blog\/wp-content\/uploads\/2015\/07\/P7164056-500x281.jpg 500w, https:\/\/urbincasa.es\/blog\/wp-content\/uploads\/2015\/07\/P7164056-900x506.jpg 900w\" sizes=\"auto, (max-width: 300px) 100vw, 300px\" \/><\/a><\/p>\n<p>En la planta superior encontramos la <strong>habitaci\u00f3n principal.\u00a0<\/strong>La diferencia de esta habitaci\u00f3n con cualquier otro dormitorio del mundo son las dos puertas a cada lado de la cama, que acceden a cada una de las terrazas. Podemos crear en la habitaci\u00f3n un mirador de estrellas y disfrutar de una m\u00e1gica noche en Cabo de Palos.<\/p>\n<p>En esta planta tambi\u00e9n encontramos una <strong>habitaci\u00f3n doble<\/strong> y otro <strong>cuarto de ba\u00f1o completo<\/strong>.<\/p>\n<p><a href=\"https:\/\/urbincasa.es\/blog\/wp-content\/uploads\/2015\/07\/P7164050.jpg\"><img loading=\"lazy\" decoding=\"async\" class=\" wp-image-5090 alignnone\" src=\"https:\/\/urbincasa.es\/blog\/wp-content\/uploads\/2015\/07\/P7164050-300x168.jpg\" alt=\"Duplex Las Drizas\" width=\"270\" height=\"151\" srcset=\"https:\/\/urbincasa.es\/blog\/wp-content\/uploads\/2015\/07\/P7164050-300x168.jpg 300w, https:\/\/urbincasa.es\/blog\/wp-content\/uploads\/2015\/07\/P7164050-1024x576.jpg 1024w, https:\/\/urbincasa.es\/blog\/wp-content\/uploads\/2015\/07\/P7164050-500x281.jpg 500w, https:\/\/urbincasa.es\/blog\/wp-content\/uploads\/2015\/07\/P7164050-900x506.jpg 900w\" sizes=\"auto, (max-width: 270px) 100vw, 270px\" \/><\/a><img loading=\"lazy\" decoding=\"async\" class=\" wp-image-5102 alignnone\" style=\"color: #333333; font-style: normal;\" src=\"https:\/\/urbincasa.es\/blog\/wp-content\/uploads\/2015\/07\/P7164054-300x168.jpg\" alt=\"D\u00faplex en cabo de palos\" width=\"270\" height=\"151\" srcset=\"https:\/\/urbincasa.es\/blog\/wp-content\/uploads\/2015\/07\/P7164054-300x168.jpg 300w, https:\/\/urbincasa.es\/blog\/wp-content\/uploads\/2015\/07\/P7164054-1024x576.jpg 1024w, https:\/\/urbincasa.es\/blog\/wp-content\/uploads\/2015\/07\/P7164054-500x281.jpg 500w, https:\/\/urbincasa.es\/blog\/wp-content\/uploads\/2015\/07\/P7164054-900x506.jpg 900w\" sizes=\"auto, (max-width: 270px) 100vw, 270px\" \/><\/p>\n<p>Adem\u00e1s, si quieres convertir las terrazas en una zona privada y exclusiva de la habitaci\u00f3n como un rinc\u00f3n especial de la casa, no pasa nada, ya que a\u00fan tienes el <strong>solarium<\/strong> de la planta superior para disfrutarlo en compa\u00f1\u00eda y ver el mar.<\/p>\n<p><a href=\"https:\/\/urbincasa.es\/blog\/wp-content\/uploads\/2015\/07\/P7164066.jpg\"><img loading=\"lazy\" decoding=\"async\" class=\"aligncenter size-medium wp-image-5094\" src=\"https:\/\/urbincasa.es\/blog\/wp-content\/uploads\/2015\/07\/P7164066-300x168.jpg\" alt=\"d\u00faplex Las Drizas\" width=\"300\" height=\"168\" srcset=\"https:\/\/urbincasa.es\/blog\/wp-content\/uploads\/2015\/07\/P7164066-300x168.jpg 300w, https:\/\/urbincasa.es\/blog\/wp-content\/uploads\/2015\/07\/P7164066-1024x576.jpg 1024w, https:\/\/urbincasa.es\/blog\/wp-content\/uploads\/2015\/07\/P7164066-500x281.jpg 500w, https:\/\/urbincasa.es\/blog\/wp-content\/uploads\/2015\/07\/P7164066-900x506.jpg 900w\" sizes=\"auto, (max-width: 300px) 100vw, 300px\" \/><\/a><\/p>\n<p><a style=\"font-style: normal; line-height: 24.375px; text-decoration: underline;\" href=\"https:\/\/urbincasa.es\/blog\/wp-content\/uploads\/2015\/07\/P7164007.jpg\"><img loading=\"lazy\" decoding=\"async\" class=\"size-medium wp-image-5095 alignright\" style=\"border-color: #bbbbbb; margin-top: 0.4em; background: #eeeeee;\" src=\"https:\/\/urbincasa.es\/blog\/wp-content\/uploads\/2015\/07\/P7164007-300x168.jpg\" alt=\"D\u00faplex en Las Drizas\" width=\"300\" height=\"168\" srcset=\"https:\/\/urbincasa.es\/blog\/wp-content\/uploads\/2015\/07\/P7164007-300x168.jpg 300w, https:\/\/urbincasa.es\/blog\/wp-content\/uploads\/2015\/07\/P7164007-1024x576.jpg 1024w, https:\/\/urbincasa.es\/blog\/wp-content\/uploads\/2015\/07\/P7164007-500x281.jpg 500w, https:\/\/urbincasa.es\/blog\/wp-content\/uploads\/2015\/07\/P7164007-900x506.jpg 900w\" sizes=\"auto, (max-width: 300px) 100vw, 300px\" \/><\/a><\/p>\n<p>Este d\u00faplex en Cabo de Palos ya hemos visto que es espectacular, pero sus\u00a0<strong>zonas comunes<\/strong>\u00a0ya son de infarto. Nos podemos dar un ba\u00f1o en la preciosa\u00a0<strong>piscina<\/strong> comunitaria, pero si preferimos ba\u00f1arnos en aguas naturales, no hay problema, porque estamos a dos minutos de la playa de Levante. Todo un lujo a nuestro alcance.<\/p>\n<p>Si quieres m\u00e1s informaci\u00f3n puedes ver nuestra , pero si lo que quieres es sentir Las Drizas vis\u00edtanos en el piso piloto de Cabo de Palos, ser\u00e1 una experiencia que no podr\u00e1s olvidar.<\/p>\n<p><strong>ACTUALIZACI\u00d3N: Todos los d\u00faplex est\u00e1n vendidos pero quedan <a href=\"https:\/\/urbincasa.es\/inmobiliaria\/es\/promociones\/3\/cabo-de-palos\/las-drizas\/11\/?fuente=a0eD000000EyAelIAF\" target=\"_blank\">pisos de 2 dormitorios<\/a><\/strong><\/p>\n<p style=\"text-align: center;\">\u00a1Te esperamos !<\/p>\n","protected":false},"excerpt":{"rendered":"<p>Bienvenidos a nuestro hogar. As\u00ed de espectacular ha quedado el\u00a0d\u00faplex en Cabo de Palos, en nuestro residencial Las Drizas. Una casa con encanto en un entorno inigualable.<\/p>\n","protected":false},"author":3,"featured_media":5105,"comment_status":"open","ping_status":"open","sticky":false,"template":"","format":"standard","meta":{"footnotes":""},"categories":[182,23],"tags":[252,52,584,416],"class_list":["post-5042","post","type-post","status-publish","format-standard","has-post-thumbnail","hentry","category-viviendas-cabo-de-palos","category-viviendas-cartagena","tag-cabo-de-palos","tag-duplex","tag-duplex-en-cabo-de-palos","tag-las-drizas"],"_links":{"self":[{"href":"https:\/\/urbincasa.es\/blog\/wp-json\/wp\/v2\/posts\/5042","targetHints":{"allow":["GET"]}}],"collection":[{"href":"https:\/\/urbincasa.es\/blog\/wp-json\/wp\/v2\/posts"}],"about":[{"href":"https:\/\/urbincasa.es\/blog\/wp-json\/wp\/v2\/types\/post"}],"author":[{"embeddable":true,"href":"https:\/\/urbincasa.es\/blog\/wp-json\/wp\/v2\/users\/3"}],"replies":[{"embeddable":true,"href":"https:\/\/urbincasa.es\/blog\/wp-json\/wp\/v2\/comments?post=5042"}],"version-history":[{"count":23,"href":"https:\/\/urbincasa.es\/blog\/wp-json\/wp\/v2\/posts\/5042\/revisions"}],"predecessor-version":[{"id":7270,"href":"https:\/\/urbincasa.es\/blog\/wp-json\/wp\/v2\/posts\/5042\/revisions\/7270"}],"wp:featuredmedia":[{"embeddable":true,"href":"https:\/\/urbincasa.es\/blog\/wp-json\/wp\/v2\/media\/5105"}],"wp:attachment":[{"href":"https:\/\/urbincasa.es\/blog\/wp-json\/wp\/v2\/media?parent=5042"}],"wp:term":[{"taxonomy":"category","embeddable":true,"href":"https:\/\/urbincasa.es\/blog\/wp-json\/wp\/v2\/categories?post=5042"},{"taxonomy":"post_tag","embeddable":true,"href":"https:\/\/urbincasa.es\/blog\/wp-json\/wp\/v2\/tags?post=5042"}],"curies":[{"name":"wp","href":"https:\/\/api.w.org\/{rel}","templated":true}]}}