{"id":5043,"date":"2015-07-27T11:00:52","date_gmt":"2015-07-27T09:00:52","guid":{"rendered":"https:\/\/urbincasa.es\/blog\/?p=5043"},"modified":"2015-08-19T11:25:28","modified_gmt":"2015-08-19T09:25:28","slug":"cabo-de-palos-mejor-destino-de-buceo-europa","status":"publish","type":"post","link":"https:\/\/urbincasa.es\/blog\/2015\/07\/cabo-de-palos-mejor-destino-de-buceo-europa\/","title":{"rendered":"Cabo de Palos nombrado mejor destino europeo de buceo"},"content":{"rendered":"<div id=\"bsf_rt_marker\"><\/div><p><strong>Cabo de Palos<\/strong> se convierte en protagonista por su impresionante para\u00edso para buceadores, y es nombrado mejor destino de buceo. Los mejores fondos marinos a nuestro alcance.<!--more--><\/p>\n<p>Islas Hormigas, se ha convertido en el <strong>mejor destino de buceo del continente europeo<\/strong>, un galard\u00f3n que se suma al adquirido en 2002 por el Faro de Cabo de Palos, denominado Bien de Inter\u00e9s Cultural.<\/p>\n<p><a href=\"https:\/\/urbincasa.es\/blog\/wp-content\/uploads\/2015\/07\/Cabo-de-Palos-8-Large.jpg\"><img loading=\"lazy\" decoding=\"async\" class=\" wp-image-5046 alignleft\" alt=\"faro cabo de palos\" src=\"https:\/\/urbincasa.es\/blog\/wp-content\/uploads\/2015\/07\/Cabo-de-Palos-8-Large-300x225.jpg\" width=\"270\" height=\"203\" srcset=\"https:\/\/urbincasa.es\/blog\/wp-content\/uploads\/2015\/07\/Cabo-de-Palos-8-Large-300x225.jpg 300w, https:\/\/urbincasa.es\/blog\/wp-content\/uploads\/2015\/07\/Cabo-de-Palos-8-Large-400x300.jpg 400w, https:\/\/urbincasa.es\/blog\/wp-content\/uploads\/2015\/07\/Cabo-de-Palos-8-Large-900x675.jpg 900w, https:\/\/urbincasa.es\/blog\/wp-content\/uploads\/2015\/07\/Cabo-de-Palos-8-Large.jpg 1024w\" sizes=\"auto, (max-width: 270px) 100vw, 270px\" \/><\/a>El <strong>faro de Cabo de Palos<\/strong> ubicado a pocos metros de nuestro\u00a0<a href=\"https:\/\/urbincasa.es\/inmobiliaria\/es\/promociones\/3\/cabo-palos\/drizas\/11\">Residencial\u00a0Las Drizas<\/a>, se convierte en un destino imprescindible para los turistas, y tambi\u00e9n para los fot\u00f3grafos, por sus espectaculares vistas, tanto de d\u00eda como de noche. Un <strong>lugar m\u00e1gico<\/strong> donde sentir Cabo de Palos. Adem\u00e1s, est\u00e1 de aniversario ya que cumple 150 a\u00f1os desde su construcci\u00f3n.<\/p>\n<p>La <strong>reserva marina<\/strong> de Cabo de Palos-Islas Hormigas es uno de los espacios de mayor diversidad subacu\u00e1tica de Europa que adem\u00e1s, este a\u00f1o celebra su vig\u00e9simo cumplea\u00f1os. Su gran variedad de especies que confluyen en el Mar Mediterr\u00e1neo y el oc\u00e9ano Atl\u00e1ntico le han validado el t\u00edtulo de mejor destino de buceo del continente europeo.<\/p>\n<p>A lo largo de los a\u00f1os, distintas embarcaciones han naufragado en estas aguas, dej\u00e1ndonos un <strong>fondo marino<\/strong> de lo m\u00e1s diverso. El transatl\u00e1ntico italiano \u00abEl sirio\u00bb en 1906, se consider\u00f3 el mayor hundimiento civil del pa\u00eds, pero hay gran cantidad de buques sumergidos bajo sus aguas. Distintos buceadores de la zona, consideran la visita a la \u00abIsla de la Gomera\u00bb o \u00abNaranjito\u00bb (el barco que parti\u00f3 de Cartagena hacia Barcelona) la experiencia m\u00e1s satisfactoria hasta el momento. Desde su descenso, hasta sus impresionantes vistas, son un recuerdo que nadie olvida.<\/p>\n<p>Tambi\u00e9n es posible ver a escasamente tres millas de la costa de Cabo de Palos, desde<br \/>\nmayo a julio, a uno de los animales m\u00e1s grandes del mundo, el <strong>rorcual com\u00fan<\/strong>, una ballena de entre 18 y 20 metros que accede al Mediterr\u00e1neo para alimentarse y reproducirse, para despu\u00e9s volver a su hogar, el oc\u00e9ano Atl\u00e1ntico.<\/p>\n<p style=\"text-align: left;\">Cabo de Palos nunca deja de sorprendernos.<a href=\"https:\/\/urbincasa.es\/blog\/wp-content\/uploads\/2015\/07\/atardecer.png\"><img loading=\"lazy\" decoding=\"async\" class=\" wp-image-5047 alignright\" alt=\"atardecer cabo de palos\" src=\"https:\/\/urbincasa.es\/blog\/wp-content\/uploads\/2015\/07\/atardecer-300x196.png\" width=\"196\" height=\"129\" srcset=\"https:\/\/urbincasa.es\/blog\/wp-content\/uploads\/2015\/07\/atardecer-300x196.png 300w, https:\/\/urbincasa.es\/blog\/wp-content\/uploads\/2015\/07\/atardecer-457x300.png 457w, https:\/\/urbincasa.es\/blog\/wp-content\/uploads\/2015\/07\/atardecer.png 820w\" sizes=\"auto, (max-width: 196px) 100vw, 196px\" \/><\/a><br \/>\nDebido, entre otras, a estas maravillas, este espacio se convierte en un <strong>lugar id\u00edlico para vivir<\/strong>, disfrutar de este ambiente todo el a\u00f1o y aprovechar todos los recursos que nos ofrece.<\/p>\n<p style=\"text-align: left;\">Pero, todav\u00eda puedes hacer algo mejor que leer sobre Cabo de Palos, vivirlo.<\/p>\n<h2>\u00a0Hablamos del buceo en Cabo de Palos en el <a href=\"https:\/\/urbincasa.es\/blog\/wp-content\/plugins\/download-monitor\/download.php?id=4\" target=\"_blank\">n\u00famero 4 de nuestra revista<\/a><\/h2>\n","protected":false},"excerpt":{"rendered":"<p>Cabo de Palos se convierte en protagonista por su impresionante para\u00edso para buceadores, y es nombrado mejor destino de buceo. Los mejores fondos marinos a nuestro alcance.<\/p>\n","protected":false},"author":3,"featured_media":5047,"comment_status":"open","ping_status":"open","sticky":false,"template":"","format":"standard","meta":{"footnotes":""},"categories":[12,247],"tags":[579,252,35,581,580],"class_list":["post-5043","post","type-post","status-publish","format-standard","has-post-thumbnail","hentry","category-medioambiente","category-vivir-en-cartagena","tag-buceo","tag-cabo-de-palos","tag-cartagena","tag-islas-hormigas","tag-mejor-destino"],"_links":{"self":[{"href":"https:\/\/urbincasa.es\/blog\/wp-json\/wp\/v2\/posts\/5043","targetHints":{"allow":["GET"]}}],"collection":[{"href":"https:\/\/urbincasa.es\/blog\/wp-json\/wp\/v2\/posts"}],"about":[{"href":"https:\/\/urbincasa.es\/blog\/wp-json\/wp\/v2\/types\/post"}],"author":[{"embeddable":true,"href":"https:\/\/urbincasa.es\/blog\/wp-json\/wp\/v2\/users\/3"}],"replies":[{"embeddable":true,"href":"https:\/\/urbincasa.es\/blog\/wp-json\/wp\/v2\/comments?post=5043"}],"version-history":[{"count":25,"href":"https:\/\/urbincasa.es\/blog\/wp-json\/wp\/v2\/posts\/5043\/revisions"}],"predecessor-version":[{"id":5185,"href":"https:\/\/urbincasa.es\/blog\/wp-json\/wp\/v2\/posts\/5043\/revisions\/5185"}],"wp:featuredmedia":[{"embeddable":true,"href":"https:\/\/urbincasa.es\/blog\/wp-json\/wp\/v2\/media\/5047"}],"wp:attachment":[{"href":"https:\/\/urbincasa.es\/blog\/wp-json\/wp\/v2\/media?parent=5043"}],"wp:term":[{"taxonomy":"category","embeddable":true,"href":"https:\/\/urbincasa.es\/blog\/wp-json\/wp\/v2\/categories?post=5043"},{"taxonomy":"post_tag","embeddable":true,"href":"https:\/\/urbincasa.es\/blog\/wp-json\/wp\/v2\/tags?post=5043"}],"curies":[{"name":"wp","href":"https:\/\/api.w.org\/{rel}","templated":true}]}}