{"id":520,"date":"2011-03-31T13:02:33","date_gmt":"2011-03-31T12:02:33","guid":{"rendered":"https:\/\/urbincasa.es\/blog\/?p=520"},"modified":"2014-01-21T15:06:48","modified_gmt":"2014-01-21T13:06:48","slug":"decoracion-estilo-navy-bienvenida-al-buen-tiempo","status":"publish","type":"post","link":"https:\/\/urbincasa.es\/blog\/2011\/03\/decoracion-estilo-navy-bienvenida-al-buen-tiempo\/","title":{"rendered":"Estilo navy, la bienvenida al buen tiempo."},"content":{"rendered":"<div id=\"bsf_rt_marker\"><\/div><p><img loading=\"lazy\" decoding=\"async\" class=\"alignleft size-medium wp-image-522\" style=\"margin: 5px;\" title=\"Estilo Navy\" alt=\"Estilo marinero en hogar -Urbincasa-\" src=\"https:\/\/urbincasa.es\/blog\/wp-content\/uploads\/2011\/03\/marinero1-300x206.jpg\" width=\"300\" height=\"206\" srcset=\"https:\/\/urbincasa.es\/blog\/wp-content\/uploads\/2011\/03\/marinero1-300x206.jpg 300w, https:\/\/urbincasa.es\/blog\/wp-content\/uploads\/2011\/03\/marinero1-435x300.jpg 435w, https:\/\/urbincasa.es\/blog\/wp-content\/uploads\/2011\/03\/marinero1.jpg 580w\" sizes=\"auto, (max-width: 300px) 100vw, 300px\" \/><strong>Llega el buen tiempo, los agradables paseos bajo el sol, la brisa y ese inolvidable olor a mar, cambia nuestro estilo de vida, los colores, los sabores, nos preparamos para el verano<\/strong>. Y como cada a\u00f1o, unas veces con mas fuerza y otras con menos, pero siempre presente, las pasarelas y la decoraci\u00f3n se inunda de rayas blancas y azules, un canto al mundo marino, un mundo lleno de tradici\u00f3n, un estilo de aquellos que podemos llamar de \u201cfondo de armario\u201d, <strong>el estilo Navy o Marinero, de los que nunca se pasan de moda.<\/strong> Posee un aire fresco, tranquilo, agradable. Los ambientes se convierten en\u00a0 confortables y relajantes.<\/p>\n<p><strong>El rinc\u00f3n a decorar con este estilo puede ser cualquiera, podemos ambientar tanto una habitaci\u00f3n principal, como el dormitorio de los ni\u00f1os, el sal\u00f3n, el ba\u00f1o, la terraza o incluso la cocina<\/strong>. Y no caigamos en el error de pensar que este estilo es s\u00f3lo para viviendas en la costa. Intentemos dar un paseo por el estilo Navy, hay miles de combinaciones, como siempre necesitamos de nuestra imaginaci\u00f3n y buen gusto para no atiborrar el ambiente en exceso y por encima de todo divertirnos mientras decoramos.<\/p>\n<p><strong>Los colores por excelencia son el blanco y el azul, la combinaci\u00f3n tradicional: las rayas. <\/strong>A parte de utilizar el azul en todas sus tonalidades, combinado con otros colores como el rojo, el amarillo e incluso el verde son ideales y aportan frescura. Y no s\u00f3lo rayas, que estas pueden ser verticales u horizontales y de distintos grosores, sino tambi\u00e9n los lisos son muy socorridos en los estilos marineros.<\/p>\n<p><strong>La base del mobiliario puede ser tanto de colores claros ( blancos\/marfi<\/strong><\/p>\n<p><img loading=\"lazy\" decoding=\"async\" class=\"alignright size-medium wp-image-523\" style=\"margin: 5px;\" title=\"Cabecero Marinero\" alt=\"Cabecero Marinero.\" src=\"https:\/\/urbincasa.es\/blog\/wp-content\/uploads\/2011\/03\/marinero_41-300x206.jpg\" width=\"240\" height=\"165\" srcset=\"https:\/\/urbincasa.es\/blog\/wp-content\/uploads\/2011\/03\/marinero_41-300x206.jpg 300w, https:\/\/urbincasa.es\/blog\/wp-content\/uploads\/2011\/03\/marinero_41-435x300.jpg 435w, https:\/\/urbincasa.es\/blog\/wp-content\/uploads\/2011\/03\/marinero_41.jpg 580w\" sizes=\"auto, (max-width: 240px) 100vw, 240px\" \/><\/p>\n<p><strong>l) como oscuros (caoba\/nogal \u2026),<\/strong> cabe tambi\u00e9n tanto la madera como el rat\u00e1n, imaginemos una terraza con sillones de rat\u00e1n.<\/p>\n<p>Podemos conseguir un estilo tan tradicional como el Navy a base de cambiar los complementos o\u00a0 detalles decorativos\u00a0 de una estancia, dar un toque o aire marinero es f\u00e1cil y a bajo coste.<\/p>\n<p>Una vez conocida la base del estilo Navy ahora llega el momento de divertirnos,<strong> \u00bfqu\u00e9 cambiamos? \u00bfqu\u00e9 complementos colocamos? pongamos por ejemplo una estancia: el sal\u00f3n<\/strong>, complementaremos nuestro mobiliario con detalles que transformar\u00e1n nuestra estancia en un aut\u00e9ntico estilo Navy, tapizaremos los sillones con telas de colores neutros ( blanco, marfil, nude\u2026) complementando este con cojines combinados en lisos y diferentes rayas , un plaid\u00a0 que siempre queda muy decorativo y al mismo tiempo pr\u00e1ctico, las cortinas, visillos que dejen pasar la luz creando un ambiente muy iluminado. Y ahora decidiremos que detalles colocar: <strong>c<\/strong><strong>uadros de motivos n\u00e1uticos, figuras de marineros o lobo de mar, barcos, faros, br\u00fajulas \u2026. todo ello sin abusar, debemos evitar que el ambiente quede recargado.<\/strong><\/p>\n<p><strong>Es divertido decorar en familia, y este puede ser un buen momento,\u00a0 pasea con tus hijos y\/o pareja por la playa, recoge arena, conchas, caballitos de mar \u2026 y decora un jarr\u00f3n transparente, un cuenco o bandeja.<\/strong> Con fieltro de colores recorta motivos n\u00e1uticos como estrellas de mar, caracolas, faros. Mientras los hacemos nos divertiremos mucho.<\/p>\n<p><strong>Manualidades: Decora tarros con arena de colores, son ideales para cualquier rinc\u00f3n de tu hoga<\/strong>r. Necesitaremos sal fina, tizas de colores, lija o mortero de cocina\u00a0 y un tarro de cristal transparente. Coloca la sal fina en distintos recipientes mezcl\u00e1ndola con la tiza del color deseado, que\u00a0 se puede rallar con una lija o machac\u00e1ndola en un mortero. Seguidamente \u00e9chala en el tarro por capas.<\/p>\n<p><strong>Y ahora atr\u00e9vete y s\u00e9 original, te sorprender\u00e1n los resultados<\/strong><\/p>\n<p><strong>\u00a1Levar anclas hacia el verano!<\/strong><\/p>\n<p>fotos:<a title=\"P\u00e1gina interesante de decoraci\u00f3n\" href=\"http:\/\/www.decoestilo.com\" target=\"_blank\"> decoestilo<\/a> | <a title=\"Ricardo Alonso\" href=\"http:\/\/www.flickr.com\/photos\/ricardoalonsocorbalan\/4777922760\/sizes\/m\/in\/photostream\/\" target=\"_blank\">flickr<\/a><\/p>\n<p style=\"text-align: center;\"><a href=\"http:\/\/www.urbincasa.es\/blog\/category\/decoracion\"><img loading=\"lazy\" decoding=\"async\" class=\"aligncenter  wp-image-2762\" alt=\"Seccion Decoraci\u00f3n\" src=\"https:\/\/urbincasa.es\/blog\/wp-content\/uploads\/2013\/08\/Secci\u00f3nDecoraci\u00f3n-300x150.png\" width=\"240\" height=\"120\" srcset=\"https:\/\/urbincasa.es\/blog\/wp-content\/uploads\/2013\/08\/Secci\u00f3nDecoraci\u00f3n-300x150.png 300w, https:\/\/urbincasa.es\/blog\/wp-content\/uploads\/2013\/08\/Secci\u00f3nDecoraci\u00f3n.png 320w\" sizes=\"auto, (max-width: 240px) 100vw, 240px\" \/><\/a><\/p>\n","protected":false},"excerpt":{"rendered":"<p>Llega el buen tiempo, los agradables paseos bajo el sol, la brisa y ese inolvidable olor a mar, cambia nuestro estilo de vida, los colores, los sabores, nos preparamos para el verano. Y como cada a\u00f1o, unas veces con mas fuerza y otras con menos, pero siempre presente, las pasarelas y la decoraci\u00f3n se inunda [&hellip;]<\/p>\n","protected":false},"author":3,"featured_media":521,"comment_status":"open","ping_status":"open","sticky":false,"template":"","format":"standard","meta":{"footnotes":""},"categories":[8],"tags":[40,703,46],"class_list":["post-520","post","type-post","status-publish","format-standard","has-post-thumbnail","hentry","category-decoracion","tag-colores","tag-decoracion","tag-decoracion-hogar"],"_links":{"self":[{"href":"https:\/\/urbincasa.es\/blog\/wp-json\/wp\/v2\/posts\/520","targetHints":{"allow":["GET"]}}],"collection":[{"href":"https:\/\/urbincasa.es\/blog\/wp-json\/wp\/v2\/posts"}],"about":[{"href":"https:\/\/urbincasa.es\/blog\/wp-json\/wp\/v2\/types\/post"}],"author":[{"embeddable":true,"href":"https:\/\/urbincasa.es\/blog\/wp-json\/wp\/v2\/users\/3"}],"replies":[{"embeddable":true,"href":"https:\/\/urbincasa.es\/blog\/wp-json\/wp\/v2\/comments?post=520"}],"version-history":[{"count":3,"href":"https:\/\/urbincasa.es\/blog\/wp-json\/wp\/v2\/posts\/520\/revisions"}],"predecessor-version":[{"id":1970,"href":"https:\/\/urbincasa.es\/blog\/wp-json\/wp\/v2\/posts\/520\/revisions\/1970"}],"wp:featuredmedia":[{"embeddable":true,"href":"https:\/\/urbincasa.es\/blog\/wp-json\/wp\/v2\/media\/521"}],"wp:attachment":[{"href":"https:\/\/urbincasa.es\/blog\/wp-json\/wp\/v2\/media?parent=520"}],"wp:term":[{"taxonomy":"category","embeddable":true,"href":"https:\/\/urbincasa.es\/blog\/wp-json\/wp\/v2\/categories?post=520"},{"taxonomy":"post_tag","embeddable":true,"href":"https:\/\/urbincasa.es\/blog\/wp-json\/wp\/v2\/tags?post=520"}],"curies":[{"name":"wp","href":"https:\/\/api.w.org\/{rel}","templated":true}]}}