{"id":537,"date":"2011-04-12T11:46:03","date_gmt":"2011-04-12T10:46:03","guid":{"rendered":"https:\/\/urbincasa.es\/blog\/?p=537"},"modified":"2011-04-12T11:46:03","modified_gmt":"2011-04-12T10:46:03","slug":"urbincasa-seleccion-en-busca-de-nuevos-talentos-en-cartagena","status":"publish","type":"post","link":"https:\/\/urbincasa.es\/blog\/2011\/04\/urbincasa-seleccion-en-busca-de-nuevos-talentos-en-cartagena\/","title":{"rendered":"Urbincasa Selecci\u00f3n, en busca de nuevos talentos en Cartagena"},"content":{"rendered":"<div id=\"bsf_rt_marker\"><\/div><p><a href=\"https:\/\/urbincasa.es\/blog\/wp-content\/uploads\/2011\/04\/urbincasaseleccion.jpg\" target=\"_blank\"><img loading=\"lazy\" decoding=\"async\" class=\"alignleft size-medium wp-image-538\" style=\"margin: 5px;\" title=\"urbincasaseleccion\" src=\"https:\/\/urbincasa.es\/blog\/wp-content\/uploads\/2011\/04\/urbincasaseleccion-300x225.jpg\" alt=\"Pruebas de seleccion de empleo\" width=\"240\" height=\"180\" srcset=\"https:\/\/urbincasa.es\/blog\/wp-content\/uploads\/2011\/04\/urbincasaseleccion-300x225.jpg 300w, https:\/\/urbincasa.es\/blog\/wp-content\/uploads\/2011\/04\/urbincasaseleccion-1024x768.jpg 1024w, https:\/\/urbincasa.es\/blog\/wp-content\/uploads\/2011\/04\/urbincasaseleccion-400x300.jpg 400w, https:\/\/urbincasa.es\/blog\/wp-content\/uploads\/2011\/04\/urbincasaseleccion.jpg 1600w\" sizes=\"auto, (max-width: 240px) 100vw, 240px\" \/><\/a>El pasado viernes celebramos en Cartagena un novedoso proceso de selecci\u00f3n. <strong>Apostamos por el talento, la iniciativa y la creatividad como base de creaci\u00f3n de nuestro equipo<\/strong>: El UrbinEquipo.<\/p>\n<p><strong>Personas j\u00f3venes de esp\u00edritu que se involucren de lleno con nuestro proyecto y filosof\u00eda.<\/strong><\/p>\n<p>En este caso busc\u00e1bamos un t\u00e9cnico analista en programaci\u00f3n y gestor de Bases de datos, para ello <strong>nos pusimos en contacto con los Centros de Orientaci\u00f3n de Empleo de las distintas universidades de la Regi\u00f3n de Murcia<\/strong>: <a title=\"Universidad Catolica San Antonio Murcia\" href=\"http:\/\/www.ucam.edu\/\" target=\"_blank\">Universidad Cat\u00f3lica San Antonio<\/a>, <a title=\"Universidad de Murcia\" href=\"http:\/\/www.um.es\/\" target=\"_blank\">Universidad de Murcia<\/a>, <a title=\"Centro Integrado de Formacion Profesional en Cartagena\" href=\"http:\/\/www.iescarlos3.es\/\" target=\"_blank\">Universidad Polit\u00e9cnica de Cartagena<\/a> y el <a title=\"Centro Integrado de Formacion Profesional en Cartagena\" href=\"http:\/\/www.iescarlos3.es\/\" target=\"_blank\">CEIP Carlos III de Cartagena.<\/a><\/p>\n<p>Estos centros nos enviaron a nuestras oficinas los curr\u00edculos de alumnos y ex-alumnos que cumplieran con el perfil indicado.<\/p>\n<p>Nuestro departamento de <strong>Recursos Humanos prepar\u00f3 unas pruebas compuestas de un psicot\u00e9cnico enfocado al pensamiento anal\u00edtico y competencias<\/strong>. Y una segunda fase de desarrollo de <strong>resoluci\u00f3n de situaciones hipot\u00e9ticas en un entorno empresarial orientado a la mejora de procesos<\/strong>.<\/p>\n<p><strong>Est\u00e1 dentro de nuestra filosof\u00eda de mejora continua la optimizaci\u00f3n de todos nuestros procesos<\/strong>, y para ello estamos convencidos de que <strong>las personas encargadas de esas mejoras deben formar parte de nuestro equipo.<\/strong><\/p>\n<p>Nos reunimos todos el viernes por la tarde en el sal\u00f3n de actos de la <a title=\"COEC\" href=\"http:\/\/www.coec.es\/\" target=\"_blank\">COEC en Cartagena<\/a> Sabemos que las pruebas fueron complicadas y largas para ser un viernes.<\/p>\n<p>Y por ello a todos los participantes <strong>queremos darles las gracias por vuestro esfuerzo y confianza en nosotros.<\/strong><\/p>\n","protected":false},"excerpt":{"rendered":"<p>El pasado viernes celebramos en Cartagena un novedoso proceso de selecci\u00f3n. Apostamos por el talento, la iniciativa y la creatividad como base de creaci\u00f3n de nuestro equipo: El UrbinEquipo. Personas j\u00f3venes de esp\u00edritu que se involucren de lleno con nuestro proyecto y filosof\u00eda. En este caso busc\u00e1bamos un t\u00e9cnico analista en programaci\u00f3n y gestor de [&hellip;]<\/p>\n","protected":false},"author":3,"featured_media":538,"comment_status":"open","ping_status":"open","sticky":false,"template":"","format":"standard","meta":{"footnotes":""},"categories":[11],"tags":[39,41,58,149,136],"class_list":["post-537","post","type-post","status-publish","format-standard","has-post-thumbnail","hentry","category-informacion","tag-clima-laboral","tag-companeros","tag-empleo","tag-iniciativas","tag-urbinequipo-2"],"_links":{"self":[{"href":"https:\/\/urbincasa.es\/blog\/wp-json\/wp\/v2\/posts\/537","targetHints":{"allow":["GET"]}}],"collection":[{"href":"https:\/\/urbincasa.es\/blog\/wp-json\/wp\/v2\/posts"}],"about":[{"href":"https:\/\/urbincasa.es\/blog\/wp-json\/wp\/v2\/types\/post"}],"author":[{"embeddable":true,"href":"https:\/\/urbincasa.es\/blog\/wp-json\/wp\/v2\/users\/3"}],"replies":[{"embeddable":true,"href":"https:\/\/urbincasa.es\/blog\/wp-json\/wp\/v2\/comments?post=537"}],"version-history":[{"count":0,"href":"https:\/\/urbincasa.es\/blog\/wp-json\/wp\/v2\/posts\/537\/revisions"}],"wp:featuredmedia":[{"embeddable":true,"href":"https:\/\/urbincasa.es\/blog\/wp-json\/wp\/v2\/media\/538"}],"wp:attachment":[{"href":"https:\/\/urbincasa.es\/blog\/wp-json\/wp\/v2\/media?parent=537"}],"wp:term":[{"taxonomy":"category","embeddable":true,"href":"https:\/\/urbincasa.es\/blog\/wp-json\/wp\/v2\/categories?post=537"},{"taxonomy":"post_tag","embeddable":true,"href":"https:\/\/urbincasa.es\/blog\/wp-json\/wp\/v2\/tags?post=537"}],"curies":[{"name":"wp","href":"https:\/\/api.w.org\/{rel}","templated":true}]}}