{"id":549,"date":"2011-04-19T10:49:13","date_gmt":"2011-04-19T09:49:13","guid":{"rendered":"https:\/\/urbincasa.es\/blog\/?p=549"},"modified":"2014-01-21T15:05:18","modified_gmt":"2014-01-21T13:05:18","slug":"dormitorio-tu-rincon-de-ensueno","status":"publish","type":"post","link":"https:\/\/urbincasa.es\/blog\/2011\/04\/dormitorio-tu-rincon-de-ensueno\/","title":{"rendered":"Dormitorio: Tu Rinc\u00f3n de ensue\u00f1o"},"content":{"rendered":"<div id=\"bsf_rt_marker\"><\/div><p><a href=\"https:\/\/urbincasa.es\/blog\/wp-content\/uploads\/2011\/04\/alborada_1.png\" target=\"_blank\"><img loading=\"lazy\" decoding=\"async\" class=\"alignleft size-medium wp-image-553\" style=\"margin: 5px;\" title=\"Cama Residencial Alborada - Playa San Juan\" alt=\"Cama Residencial Alborada - Playa San Juan\" src=\"https:\/\/urbincasa.es\/blog\/wp-content\/uploads\/2011\/04\/alborada_1-300x199.png\" width=\"240\" height=\"159\" srcset=\"https:\/\/urbincasa.es\/blog\/wp-content\/uploads\/2011\/04\/alborada_1-300x199.png 300w, https:\/\/urbincasa.es\/blog\/wp-content\/uploads\/2011\/04\/alborada_1-451x300.png 451w, https:\/\/urbincasa.es\/blog\/wp-content\/uploads\/2011\/04\/alborada_1.png 539w\" sizes=\"auto, (max-width: 240px) 100vw, 240px\" \/><\/a>Vamos abordar una serie de <a title=\"Ideas para nuestro hogar\" href=\"https:\/\/urbincasa.es\/blog\/\">ideas para decorar <\/a>nuestro dormitorio, hagamos de esta estancia en la cual pasamos m\u00e1s de un tercio de nuestra vida un lugar con personalidad y estilo. <strong>Intentemos que el lugar de nuestros sue\u00f1os se convierta en un espacio lleno de armon\u00eda y de buen gusto.<\/strong><\/p>\n<p><strong>Intentemos <a title=\"C\u00f3mo usar los colores en decoraci\u00f3n\" href=\"https:\/\/urbincasa.es\/blog\/2011\/03\/el-color-de-nuestro-hogar\/\">combinar los colores<\/a> de nuestro dormitorio: las paredes, la ropa de la cama o el color de las cortinas<\/strong> para crear un ambiente acogedor, armonioso y f\u00e1cilmente cambiable, a bajo coste.<\/p>\n<p>Debemos <strong>elegir colores de fondos neutros que con el paso del tiempo no nos cansen<\/strong>, o pasen de moda con rapidez, <strong>dando color a la habitaci\u00f3n con aquellos objetos de sencilla sustituci\u00f3n: cojines, plaids (mantitas de pie de cama), incluso cortinas o s\u00e1banas, colchas y fundas n\u00f3rdicas.<\/strong><\/p>\n<h2><span style=\"text-decoration: underline;\">LA PINTURA DEL DORMITORIO<\/span><\/h2>\n<p>La paredes del dormitorio: <strong>debemos elegir un color neutro y suave, para que no sea muy dif\u00edcil combinar con el color de las cortinas o de la ropa de la cama<\/strong>: blanco, beig, crema o gris perla. <strong>Jugando si nos atrevemos con la pared donde est\u00e1 el cabecero de la cama<\/strong>, tanto si tenemos una cama con cabecero como si no, podemos optar por pintar esa pared de un color mas subido que resalte sobre el resto del dormitorio, <strong>hay opciones con la pintura cuyo resultado es espectacular<\/strong>, pinturas metalizadas como gris plata pintado a rayasdan un aspecto elegante y sofisticado \u00a1\u00e9chale imaginaci\u00f3n!, otra opci\u00f3n muy recurrida por los decoradores en los \u00faltimos tiempos es vestir la pared con vinilos adhesivos, existen infinidad de motivos. Tambi\u00e9n podemos empapelar: <strong>las rayas horizontales son una soluci\u00f3n fant\u00e1stica, crean un ambiente muy elegante.<\/strong><\/p>\n<h2><span style=\"text-decoration: underline;\">CABECEROS DE CAMA<\/span><\/h2>\n<p><a href=\"https:\/\/urbincasa.es\/blog\/wp-content\/uploads\/2011\/04\/cabeceros_1_atalaya_31.png\"><img loading=\"lazy\" decoding=\"async\" class=\"alignright size-thumbnail wp-image-560\" title=\"Decoraci\u00f3n Cama Residencial Atalaya\" alt=\"Decoraci\u00f3n Cama Residencial Atalaya - Urbincasa\" src=\"https:\/\/urbincasa.es\/blog\/wp-content\/uploads\/2011\/04\/cabeceros_1_atalaya_31-150x150.png\" width=\"150\" height=\"150\" \/><\/a>Con creatividad e imaginaci\u00f3n podemos<strong> decorar <\/strong>el <strong>cabecero de la cama<\/strong>, pieza clave en el dormitorio.<\/p>\n<p>Se puede optar, actualmente muy usado en decoraci\u00f3n, por <strong>tener una cama sin cabecero<\/strong>, las alternativas son m\u00faltiples: Colocar una barra igual de larga o m\u00e1s que el ancho de la cama colgada horizontalmente en la pared desde donde cuelguen telas acolchadas o cojines, colgar un cuadro grande o tapiz, o colgar una madera de ancho igual al de la cama y alto entre 60 y 80 cm, a poco mas de 40 cm. sobre el colch\u00f3n, del color que queremos que predomine en nuestro dormitorio.<\/p>\n<p><strong>Es importante que estas camas sin cabeceros, cuenten con un conjunto de cojines.<\/strong><\/p>\n<h2><span style=\"text-decoration: underline;\">CORTINAS, ESTORES<\/span><\/h2>\n<p><a href=\"https:\/\/urbincasa.es\/blog\/wp-content\/uploads\/2011\/04\/cortinas_estores_narval_5.png\" target=\"_blank\"><img loading=\"lazy\" decoding=\"async\" class=\"alignleft size-thumbnail wp-image-556\" style=\"margin: 5px;\" title=\"Como utilizar estores - Residencial Narval .\" alt=\"Como utilizar estores - Residencial Narval .\" src=\"https:\/\/urbincasa.es\/blog\/wp-content\/uploads\/2011\/04\/cortinas_estores_narval_5-150x150.png\" width=\"150\" height=\"150\" \/><\/a>Preferiblemente, <strong>optar por unas cortinas vaporosas o estores que dejen pasar la luz<\/strong>, siempre en colores neutros que no nos obliguen a decorar la cama de una manera determinada: r<strong>ecordad que las colchas, edredones, plaids y cojines son f\u00e1cilmente cambiables y nos permiten dar toques diferentes seg\u00fan nos apetezca o seg\u00fan la \u00e9poca del a\u00f1o en la que nos encontremos.<\/strong><\/p>\n<h2><span style=\"text-decoration: underline;\">ROPA DE CAMA<\/span><\/h2>\n<p><strong>Cubrecanap\u00e9: es la base de la elegancia de la cama<\/strong>, pudiendo pasar desapercibido si optamos por un color suave y claro (blanco o beig) o puede por el contrario transmitir un impacto visual importante si optamos por un color vivo igual al que predomine en la decoraci\u00f3n, \u00e9ste nos obligar\u00e1 a elegir el resto de la ropa para la cama acorde a este color.<\/p>\n<p><strong>Colchas, n\u00f3rdicos, s\u00e1banas:<\/strong> con estas piezas puedes optar por dar el toque definitivo de color a tu dormitorio o hacerlo con los plaids y cojines; <strong>lleg\u00f3 el momento de dar el toque de explosi\u00f3n de color sin mucho riesgo a equivocarnos<\/strong>: rayas, flores (combinaciones de ambos), colores seg\u00fan nos apetezca. En oto\u00f1o e invierno los tonos m\u00e1s utilizados son tonos tierra, ocres, verdes musgo; en primavera y verano quiz\u00e1s nos apetezca m\u00e1s utilizar colores claros, pasteles que iluminan el ambiente o, por el contrario, colores vibrantes, o utilizar las flores.<\/p>\n<p><strong>No olvides que tu dormitorio es tu espacio \u00edntimo<\/strong>, seg\u00fan los colores que utilices conseguir\u00e1s crear un ambiente equilibrado (blanco), relajado (azul, verde), sexy o atrevido (rojo, naranja), sofisticado (amarillo suave), elegancia (negro, gris), un toque dulce o rom\u00e1ntico (rosa palo).\u00a1T\u00fa decides!<\/p>\n<p style=\"text-align: center;\"><strong><a href=\"http:\/\/www.urbincasa.es\/blog\/category\/decoracion\"><img loading=\"lazy\" decoding=\"async\" class=\"aligncenter  wp-image-2762\" alt=\"Seccion Decoraci\u00f3n\" src=\"https:\/\/urbincasa.es\/blog\/wp-content\/uploads\/2013\/08\/Secci\u00f3nDecoraci\u00f3n-300x150.png\" width=\"240\" height=\"120\" srcset=\"https:\/\/urbincasa.es\/blog\/wp-content\/uploads\/2013\/08\/Secci\u00f3nDecoraci\u00f3n-300x150.png 300w, https:\/\/urbincasa.es\/blog\/wp-content\/uploads\/2013\/08\/Secci\u00f3nDecoraci\u00f3n.png 320w\" sizes=\"auto, (max-width: 240px) 100vw, 240px\" \/><\/a><\/strong><\/p>\n","protected":false},"excerpt":{"rendered":"<p>Vamos abordar una serie de ideas para decorar nuestro dormitorio, hagamos de esta estancia en la cual pasamos m\u00e1s de un tercio de nuestra vida un lugar con personalidad y estilo. Intentemos que el lugar de nuestros sue\u00f1os se convierta en un espacio lleno de armon\u00eda y de buen gusto. Intentemos combinar los colores de [&hellip;]<\/p>\n","protected":false},"author":3,"featured_media":554,"comment_status":"open","ping_status":"open","sticky":false,"template":"","format":"standard","meta":{"footnotes":""},"categories":[8],"tags":[40,703,46,276,263],"class_list":["post-549","post","type-post","status-publish","format-standard","has-post-thumbnail","hentry","category-decoracion","tag-colores","tag-decoracion","tag-decoracion-hogar","tag-dormitorio","tag-ideas"],"_links":{"self":[{"href":"https:\/\/urbincasa.es\/blog\/wp-json\/wp\/v2\/posts\/549","targetHints":{"allow":["GET"]}}],"collection":[{"href":"https:\/\/urbincasa.es\/blog\/wp-json\/wp\/v2\/posts"}],"about":[{"href":"https:\/\/urbincasa.es\/blog\/wp-json\/wp\/v2\/types\/post"}],"author":[{"embeddable":true,"href":"https:\/\/urbincasa.es\/blog\/wp-json\/wp\/v2\/users\/3"}],"replies":[{"embeddable":true,"href":"https:\/\/urbincasa.es\/blog\/wp-json\/wp\/v2\/comments?post=549"}],"version-history":[{"count":5,"href":"https:\/\/urbincasa.es\/blog\/wp-json\/wp\/v2\/posts\/549\/revisions"}],"predecessor-version":[{"id":3229,"href":"https:\/\/urbincasa.es\/blog\/wp-json\/wp\/v2\/posts\/549\/revisions\/3229"}],"wp:featuredmedia":[{"embeddable":true,"href":"https:\/\/urbincasa.es\/blog\/wp-json\/wp\/v2\/media\/554"}],"wp:attachment":[{"href":"https:\/\/urbincasa.es\/blog\/wp-json\/wp\/v2\/media?parent=549"}],"wp:term":[{"taxonomy":"category","embeddable":true,"href":"https:\/\/urbincasa.es\/blog\/wp-json\/wp\/v2\/categories?post=549"},{"taxonomy":"post_tag","embeddable":true,"href":"https:\/\/urbincasa.es\/blog\/wp-json\/wp\/v2\/tags?post=549"}],"curies":[{"name":"wp","href":"https:\/\/api.w.org\/{rel}","templated":true}]}}