{"id":5498,"date":"2015-09-29T09:43:39","date_gmt":"2015-09-29T07:43:39","guid":{"rendered":"https:\/\/urbincasa.es\/blog\/?p=5498"},"modified":"2016-03-17T17:22:51","modified_gmt":"2016-03-17T15:22:51","slug":"nuestro-equipo-foto-fija-2015","status":"publish","type":"post","link":"https:\/\/urbincasa.es\/blog\/2015\/09\/nuestro-equipo-foto-fija-2015\/","title":{"rendered":"Nuestro equipo: foto fija 2015"},"content":{"rendered":"<div id=\"bsf_rt_marker\"><\/div><p>Hemos pasado la mitad del 2015 y llega el momento de empezar a valorar los cambios que se han producido en la empresa, a comparar con el a\u00f1o o a\u00f1os pasados y empezar tambi\u00e9n a pensar (aunque sea a\u00fan con tranquilidad) en proyectos y mejoras para el 2016.<!--more--><\/p>\n<p>Sab\u00e9is que Urbincasa puso en marcha de manera voluntaria un <strong>plan de igualdad<\/strong> que os estuvimos comentando el a\u00f1o pasado. Somos una empresa concienciada con la sociedad de la que formamos parte y que, dentro de sus posibilidades, intenta <a href=\"https:\/\/urbincasa.es\/inmobiliaria\/es\/comprometidos\/11\" target=\"_blank\">comprometerse<\/a> en diferentes causas.<\/p>\n<p>Hoy nos hemos puesto a escribir en el blog porque hemos mejorado unos datos referentes a los miembros del <a href=\"https:\/\/urbincasa.es\/blog\/category\/urbinequipo\/\" target=\"_blank\">Urbinequipo<\/a> y quer\u00edamos compartirlos con todos vosotros.<\/p>\n<p>Con las \u00faltimas renovaciones que se han hecho en la empresa, el n\u00famero de empleados<strong> indefinidos <\/strong>es el<strong> 85%<\/strong> del total de trabajadores de Urbincasa.<strong>\u00a0<\/strong><\/p>\n<p><a href=\"https:\/\/urbincasa.es\/blog\/wp-content\/uploads\/2015\/09\/mujeres-urbin.jpg\"><img loading=\"lazy\" decoding=\"async\" class=\"alignleft size-medium wp-image-5505\" src=\"https:\/\/urbincasa.es\/blog\/wp-content\/uploads\/2015\/09\/mujeres-urbin-300x167.jpg\" alt=\"mujeres urbin\" width=\"300\" height=\"167\" srcset=\"https:\/\/urbincasa.es\/blog\/wp-content\/uploads\/2015\/09\/mujeres-urbin-300x167.jpg 300w, https:\/\/urbincasa.es\/blog\/wp-content\/uploads\/2015\/09\/mujeres-urbin-500x278.jpg 500w, https:\/\/urbincasa.es\/blog\/wp-content\/uploads\/2015\/09\/mujeres-urbin.jpg 643w\" sizes=\"auto, (max-width: 300px) 100vw, 300px\" \/><\/a>Otro de los aspectos que en los \u00faltimos a\u00f1os ha sido llamativo es el continuo aumento del porcentaje de <strong>mujeres en plantilla. <\/strong><\/p>\n<p>En el 2015, las trabajadoras suponen ya el<strong> 75%<\/strong> del total de la empresa. Para muestra esta fotograf\u00eda tomada una ma\u00f1ana cualquiera en la oficina, Dani representa al 25% de hombres que forman la actual plantilla de Urbincasa.<\/p>\n<p>Adem\u00e1s de que las mujeres son mayor\u00eda en general, tambi\u00e9n lo son en el comit\u00e9 de direcci\u00f3n, exactamente un 75% de los miembros que lo componen.<\/p>\n<p>Seguiremos informando&#8230;<\/p>\n","protected":false},"excerpt":{"rendered":"<p>Hemos pasado la mitad del 2015 y llega el momento de empezar a valorar los cambios que se han producido en la empresa, a comparar con el a\u00f1o o a\u00f1os pasados y empezar tambi\u00e9n a pensar (aunque sea a\u00fan con tranquilidad) en proyectos y mejoras para el 2016.<\/p>\n","protected":false},"author":3,"featured_media":5583,"comment_status":"open","ping_status":"open","sticky":false,"template":"","format":"standard","meta":{"footnotes":""},"categories":[7,281],"tags":[35,268,602,603,131,307],"class_list":["post-5498","post","type-post","status-publish","format-standard","has-post-thumbnail","hentry","category-compromiso-social","category-urbincasashop","tag-cartagena","tag-compromiso","tag-mujeres","tag-plan-de-igualdad","tag-trabajo","tag-urbincasa"],"_links":{"self":[{"href":"https:\/\/urbincasa.es\/blog\/wp-json\/wp\/v2\/posts\/5498","targetHints":{"allow":["GET"]}}],"collection":[{"href":"https:\/\/urbincasa.es\/blog\/wp-json\/wp\/v2\/posts"}],"about":[{"href":"https:\/\/urbincasa.es\/blog\/wp-json\/wp\/v2\/types\/post"}],"author":[{"embeddable":true,"href":"https:\/\/urbincasa.es\/blog\/wp-json\/wp\/v2\/users\/3"}],"replies":[{"embeddable":true,"href":"https:\/\/urbincasa.es\/blog\/wp-json\/wp\/v2\/comments?post=5498"}],"version-history":[{"count":19,"href":"https:\/\/urbincasa.es\/blog\/wp-json\/wp\/v2\/posts\/5498\/revisions"}],"predecessor-version":[{"id":7069,"href":"https:\/\/urbincasa.es\/blog\/wp-json\/wp\/v2\/posts\/5498\/revisions\/7069"}],"wp:featuredmedia":[{"embeddable":true,"href":"https:\/\/urbincasa.es\/blog\/wp-json\/wp\/v2\/media\/5583"}],"wp:attachment":[{"href":"https:\/\/urbincasa.es\/blog\/wp-json\/wp\/v2\/media?parent=5498"}],"wp:term":[{"taxonomy":"category","embeddable":true,"href":"https:\/\/urbincasa.es\/blog\/wp-json\/wp\/v2\/categories?post=5498"},{"taxonomy":"post_tag","embeddable":true,"href":"https:\/\/urbincasa.es\/blog\/wp-json\/wp\/v2\/tags?post=5498"}],"curies":[{"name":"wp","href":"https:\/\/api.w.org\/{rel}","templated":true}]}}