{"id":5512,"date":"2015-09-24T12:30:31","date_gmt":"2015-09-24T10:30:31","guid":{"rendered":"https:\/\/urbincasa.es\/blog\/?p=5512"},"modified":"2015-09-24T13:33:38","modified_gmt":"2015-09-24T11:33:38","slug":"despues-verano-cartagineses-y-romanos","status":"publish","type":"post","link":"https:\/\/urbincasa.es\/blog\/2015\/09\/despues-verano-cartagineses-y-romanos\/","title":{"rendered":"Y despu\u00e9s del verano&#8230; Cartagineses y Romanos"},"content":{"rendered":"<div id=\"bsf_rt_marker\"><\/div><p>Las fiestas de <strong>Cartagineses y Romanos<\/strong> de nuestra ciudad siguen cautivando a extranjeros y nacionales. Ver resurgir en diez d\u00edas la II Guerra P\u00fanica no es algo que se pueda ver todos los d\u00edas y por ello, es considerada <span style=\"text-decoration: underline;\">la Gran Fiesta del Mediterr\u00e1neo<\/span>.<\/p>\n<p><!--more-->Como bien sabemos los cartageneros, \u00abdespu\u00e9s del verano&#8230; llegan las fiestas de Cartagineses y Romanos\u00bb, declaradas de <strong>Inter\u00e9s Tur\u00edstico Nacional y a la <a href=\"http:\/\/7tvregiondemurcia.es\/carthagineses-y-romanos-espera-lograr-la-declaracion-de-interes-turistico-internacional-en-2016\/\">espera de ser declaradas de Inter\u00e9s Tur\u00edstico Internacional<\/a>\u00a0en 2016<\/strong>, a las que nadie, en su sano juicio, puede faltar.<\/p>\n<div><a href=\"https:\/\/urbincasa.es\/blog\/wp-content\/uploads\/2015\/09\/PresentCartelCyR13-Small.jpg\"><img loading=\"lazy\" decoding=\"async\" class=\"alignleft size-medium wp-image-5576\" alt=\"Cartagineses y Romanos\" src=\"https:\/\/urbincasa.es\/blog\/wp-content\/uploads\/2015\/09\/PresentCartelCyR13-Small-217x300.jpg\" width=\"217\" height=\"300\" srcset=\"https:\/\/urbincasa.es\/blog\/wp-content\/uploads\/2015\/09\/PresentCartelCyR13-Small-217x300.jpg 217w, https:\/\/urbincasa.es\/blog\/wp-content\/uploads\/2015\/09\/PresentCartelCyR13-Small.jpg 348w\" sizes=\"auto, (max-width: 217px) 100vw, 217px\" \/><\/a><\/div>\n<div>Son diez d\u00edas llenos de <strong>emociones y pasiones<\/strong>, que se dan lugar en el mejor escenario. Es necesario mucho trabajo para que unas fiestas sean tan bien acogidas por nativos y extranjeros, que se suman a <strong>revivir la historia<\/strong> como uno m\u00e1s de la ciudad. Se favorece la acogida con la compra a precios reducidos de las t\u00fanicas y capas de la \u00e9poca, y la asistencia gratuita a los actos que se realizan a lo largo y ancho de toda la ciudad.<\/div>\n<div><\/div>\n<div>Las <strong>XXVI fiestas de Cartagineses y Romanos<\/strong> no tienen nada que envidiar a las del a\u00f1o anterior en su . La ciudad un a\u00f1o m\u00e1s, se engalona con los trajes t\u00edpicos rememorando la \u00e9poca del 218 a.C. hasta el 201 a.C. cuando An\u00edbal y Escipi\u00f3n acordaron las condiciones de la rendici\u00f3n de Carthago.<\/div>\n<div><\/div>\n<div>El p\u00fablico asistente a las fiestas de Cartagineses y Romanos tiene la oportunidad de <strong>revivir la ca\u00edda de Sagunto<\/strong> a manos de An\u00edbal, la declaraci\u00f3n de <strong>guerra a Carthago<\/strong>, los desembarcos y desfiles de tropas y legiones y la <strong>Gran Batalla<\/strong> que acaba con la <strong>conquista de Qart Hadast<\/strong> a manos de Publio Cornelio Escipi\u00f3n.<\/div>\n<p>Los festeros pertenecientes a las tropas y legiones de Cartagineses y Romanos se preparan durante todo el a\u00f1o para festejar uno de los <strong>eventos hist\u00f3ricos m\u00e1s importantes<\/strong> <strong>de esta ciudad trimilenaria<\/strong>. Hacen que la ciudad luzca de \u00e9poca y rompen el espacio-tiempo hasta introducirnos en el s. III a.C.<\/p>\n<p>Puedes disfrutar de estas fiestas \u00fanicas e introducirte en ellas en los <a href=\"http:\/\/www.cartagenaactualidad.com\/2015\/07\/programa-de-actos-oficiales-de-las-fiestas-de-carthagineses-y-romanos-del-2015\/\">distintos actos<\/a> organizados:<\/p>\n<p><strong>Jueves 24:<\/strong><a href=\"https:\/\/urbincasa.es\/blog\/wp-content\/uploads\/2015\/09\/cache_42109604.png\"><img loading=\"lazy\" decoding=\"async\" class=\"size-medium wp-image-5527 alignright\" alt=\"Cartagineses y Romanos\" src=\"https:\/\/urbincasa.es\/blog\/wp-content\/uploads\/2015\/09\/cache_42109604-136x300.png\" width=\"136\" height=\"300\" srcset=\"https:\/\/urbincasa.es\/blog\/wp-content\/uploads\/2015\/09\/cache_42109604-136x300.png 136w, https:\/\/urbincasa.es\/blog\/wp-content\/uploads\/2015\/09\/cache_42109604.png 210w\" sizes=\"auto, (max-width: 136px) 100vw, 136px\" \/><\/a><br \/>\n&#8211; 20:00 Desembarco de la Armada Cartaginesa y contrataci\u00f3n de mercenarios en el Puerto de Cartagena.<\/p>\n<div><strong>Viernes 25:<\/strong><\/div>\n<div>&#8211; 11:00 Batalla Mar\u00edtima<\/div>\n<div>&#8211; 19:00 Desembarco de la Armada Romana<\/div>\n<div>&#8211; 20:15 Gran Batalla por la Conquista de Qart Hadast<\/div>\n<div>&#8211; 21:30 Gran desfile por la victoria romana<\/div>\n<div><\/div>\n<div><strong>S\u00e1bado 26:<\/strong><\/div>\n<div>&#8211; 19 Gran desfile general de tropas y legiones<\/div>\n<div><\/div>\n<div><strong>Domingo 27:<\/strong><\/div>\n<div>&#8211; 21:00 Apagado del Fuego Sagrado<\/div>\n<div>&#8211; 21:30 Fuegos artificiales<\/div>\n<div><\/div>\n<div><a href=\"https:\/\/urbincasa.es\/blog\/category\/vivir-en-cartagena\/\"><img loading=\"lazy\" decoding=\"async\" class=\"size-full wp-image-5560 aligncenter\" alt=\"Cartagineses y Romanos\" src=\"https:\/\/urbincasa.es\/blog\/wp-content\/uploads\/2015\/09\/VIVIRENCARTAGENA-300x1501.png\" width=\"300\" height=\"150\" \/><\/a><\/div>\n<div><\/div>\n","protected":false},"excerpt":{"rendered":"<p>Las fiestas de Cartagineses y Romanos de nuestra ciudad siguen cautivando a extranjeros y nacionales. Ver resurgir en diez d\u00edas la II Guerra P\u00fanica no es algo que se pueda ver todos los d\u00edas y por ello, es considerada la Gran Fiesta del Mediterr\u00e1neo.<\/p>\n","protected":false},"author":3,"featured_media":5576,"comment_status":"open","ping_status":"open","sticky":false,"template":"","format":"standard","meta":{"footnotes":""},"categories":[247],"tags":[35,529,392,606],"class_list":["post-5512","post","type-post","status-publish","format-standard","has-post-thumbnail","hentry","category-vivir-en-cartagena","tag-cartagena","tag-cartagineses-y-romanos","tag-fiestas","tag-vivir-en-cartagena-2"],"_links":{"self":[{"href":"https:\/\/urbincasa.es\/blog\/wp-json\/wp\/v2\/posts\/5512","targetHints":{"allow":["GET"]}}],"collection":[{"href":"https:\/\/urbincasa.es\/blog\/wp-json\/wp\/v2\/posts"}],"about":[{"href":"https:\/\/urbincasa.es\/blog\/wp-json\/wp\/v2\/types\/post"}],"author":[{"embeddable":true,"href":"https:\/\/urbincasa.es\/blog\/wp-json\/wp\/v2\/users\/3"}],"replies":[{"embeddable":true,"href":"https:\/\/urbincasa.es\/blog\/wp-json\/wp\/v2\/comments?post=5512"}],"version-history":[{"count":46,"href":"https:\/\/urbincasa.es\/blog\/wp-json\/wp\/v2\/posts\/5512\/revisions"}],"predecessor-version":[{"id":5554,"href":"https:\/\/urbincasa.es\/blog\/wp-json\/wp\/v2\/posts\/5512\/revisions\/5554"}],"wp:featuredmedia":[{"embeddable":true,"href":"https:\/\/urbincasa.es\/blog\/wp-json\/wp\/v2\/media\/5576"}],"wp:attachment":[{"href":"https:\/\/urbincasa.es\/blog\/wp-json\/wp\/v2\/media?parent=5512"}],"wp:term":[{"taxonomy":"category","embeddable":true,"href":"https:\/\/urbincasa.es\/blog\/wp-json\/wp\/v2\/categories?post=5512"},{"taxonomy":"post_tag","embeddable":true,"href":"https:\/\/urbincasa.es\/blog\/wp-json\/wp\/v2\/tags?post=5512"}],"curies":[{"name":"wp","href":"https:\/\/api.w.org\/{rel}","templated":true}]}}