{"id":591,"date":"2011-05-12T12:42:42","date_gmt":"2011-05-12T10:42:42","guid":{"rendered":"https:\/\/urbincasa.es\/blog\/?p=591"},"modified":"2011-05-12T12:42:42","modified_gmt":"2011-05-12T10:42:42","slug":"silencio-por-lorca","status":"publish","type":"post","link":"https:\/\/urbincasa.es\/blog\/2011\/05\/silencio-por-lorca\/","title":{"rendered":"Silencio por Lorca."},"content":{"rendered":"<div id=\"bsf_rt_marker\"><\/div><p><img loading=\"lazy\" decoding=\"async\" class=\"size-full wp-image-592 alignleft\" style=\"margin: 5px;\" title=\"Silencio por Lorca\" src=\"https:\/\/urbincasa.es\/blog\/wp-content\/uploads\/2011\/05\/silencio1Z-300x300.jpg\" alt=\"\" width=\"210\" height=\"210\" srcset=\"https:\/\/urbincasa.es\/blog\/wp-content\/uploads\/2011\/05\/silencio1Z-300x300.jpg 300w, https:\/\/urbincasa.es\/blog\/wp-content\/uploads\/2011\/05\/silencio1Z-300x300-150x150.jpg 150w\" sizes=\"auto, (max-width: 210px) 100vw, 210px\" \/> Poco m\u00e1s tenemos que decir. Como empresa murciana nos sentimos muy orgullos de serlo, le damos todo nuestro apoyo y energ\u00eda a victimas, voluntarios, fuerzas del estado, equipos sanitarios es decir a todos las personas que est\u00e1n demostrando que que somos capaces de sobreponernos a los golpes que nos da la vida.<\/p>\n<p>Estamos convencidos de que Lorca se levantar\u00e1 de este duro golpe con mas fuerza, por eso es \u00abLa ciudad del Sol\u00bb<\/p>\n<p>Todo el equipo esta con LORCA.<\/p>\n","protected":false},"excerpt":{"rendered":"<p>Poco m\u00e1s tenemos que decir. Como empresa murciana nos sentimos muy orgullos de serlo, le damos todo nuestro apoyo y energ\u00eda a victimas, voluntarios, fuerzas del estado, equipos sanitarios es decir a todos las personas que est\u00e1n demostrando que que somos capaces de sobreponernos a los golpes que nos da la vida. Estamos convencidos de [&hellip;]<\/p>\n","protected":false},"author":3,"featured_media":592,"comment_status":"open","ping_status":"open","sticky":false,"template":"","format":"standard","meta":{"footnotes":""},"categories":[7],"tags":[127,130],"class_list":["post-591","post","type-post","status-publish","format-standard","has-post-thumbnail","hentry","category-compromiso-social","tag-silencio-por-lorca","tag-terremoto-lorca"],"_links":{"self":[{"href":"https:\/\/urbincasa.es\/blog\/wp-json\/wp\/v2\/posts\/591","targetHints":{"allow":["GET"]}}],"collection":[{"href":"https:\/\/urbincasa.es\/blog\/wp-json\/wp\/v2\/posts"}],"about":[{"href":"https:\/\/urbincasa.es\/blog\/wp-json\/wp\/v2\/types\/post"}],"author":[{"embeddable":true,"href":"https:\/\/urbincasa.es\/blog\/wp-json\/wp\/v2\/users\/3"}],"replies":[{"embeddable":true,"href":"https:\/\/urbincasa.es\/blog\/wp-json\/wp\/v2\/comments?post=591"}],"version-history":[{"count":0,"href":"https:\/\/urbincasa.es\/blog\/wp-json\/wp\/v2\/posts\/591\/revisions"}],"wp:featuredmedia":[{"embeddable":true,"href":"https:\/\/urbincasa.es\/blog\/wp-json\/wp\/v2\/media\/592"}],"wp:attachment":[{"href":"https:\/\/urbincasa.es\/blog\/wp-json\/wp\/v2\/media?parent=591"}],"wp:term":[{"taxonomy":"category","embeddable":true,"href":"https:\/\/urbincasa.es\/blog\/wp-json\/wp\/v2\/categories?post=591"},{"taxonomy":"post_tag","embeddable":true,"href":"https:\/\/urbincasa.es\/blog\/wp-json\/wp\/v2\/tags?post=591"}],"curies":[{"name":"wp","href":"https:\/\/api.w.org\/{rel}","templated":true}]}}