{"id":595,"date":"2011-05-17T17:41:47","date_gmt":"2011-05-17T15:41:47","guid":{"rendered":"https:\/\/urbincasa.es\/blog\/?p=595"},"modified":"2013-04-29T17:21:57","modified_gmt":"2013-04-29T15:21:57","slug":"un-valor-real-prevencion-de-riesgos-laborales","status":"publish","type":"post","link":"https:\/\/urbincasa.es\/blog\/2011\/05\/un-valor-real-prevencion-de-riesgos-laborales\/","title":{"rendered":"Un valor real: Prevenci\u00f3n de Riesgos Laborales"},"content":{"rendered":"<div id=\"bsf_rt_marker\"><\/div><p><a title=\"Sin t\u00edtulo por St\u00e9fano Obreg\u00f3n, en Flickr\" href=\"http:\/\/www.flickr.com\/photos\/stefanobregon\/5201748598\/\" target=\"_blank\"><img loading=\"lazy\" decoding=\"async\" class=\"alignleft\" style=\"margin: 5px;\" src=\"http:\/\/farm6.static.flickr.com\/5170\/5201748598_743361b4fb.jpg\" alt=\"\" width=\"300\" height=\"232\" \/><\/a><br \/>\nHoy hemos\u00a0le\u00eddo\u00a0un art\u00edculo muy interesante sobre Prevenci\u00f3n de Riesgos Laborales, en \u00e9l podemos leer que el<a title=\"Asignatura PRL\" href=\"http:\/\/www.expansion.com\/agencia\/efe\/2011\/05\/05\/16116697.html\"> Gobierno la implantar\u00e1 como asignatura obligatoria en carreras universitarias t\u00e9cnicas.<\/a><\/p>\n<p>Aparte de su obligatoriedad legal, la consideramos una asignatura o valor necesario, \u00a0<strong>para ello hace a\u00f1os que \u00a0la hemos integrado como parte del sistema general de la empresa<\/strong>, afectando directamente tanto a \u00a0las actividades que realizamos como dentro de nuestra jerarqu\u00eda con <strong>la creaci\u00f3n de un departamento dedicado a ello<\/strong>.<\/p>\n<p><strong>La implantaci\u00f3n y aplicaci\u00f3n de un plan de prevenci\u00f3n de riesgos laborales no es un valor si no una necesidad real para dar seguridad al mayor potencial que tenemos: Las personas como t\u00fa.<\/strong><\/p>\n<p><strong>Cuidamos con detalle que se cumplan las normas<\/strong><\/p>\n<p>As\u00ed mismo se\u00a0<strong>ha desarrollado una sistem\u00e1tica de trabajo para la comprobaci\u00f3n y mejora del grado de cumplimiento de las normas de Seguridad y Salud <\/strong>en el \u00e1mbito de las obras de construcci\u00f3n con el que hemos conseguido \u00a0la obtenci\u00f3n del Certificado Internacional de cumplimiento de las normas de seguridad OHSAS 18001:2007.<\/p>\n<p>Y no solo eso si no que, como creemos que lo estamos haciendo bi\u00e9n, nos hemos presentado al <a title=\"Premio PRL\" href=\"http:\/\/www.carm.es\/web\/pagina?IDCONTENIDO=28820&amp;IDTIPO=100&amp;RASTRO=c725$m\" target=\"_blank\">premio\u00a0\u201cAntonio Ruiz Gimenez\u201d<\/a>, que otorga el <a title=\"Instituto de Seguridad y Salud Laboral\" href=\"http:\/\/www.carm.es\/web\/pagina?IDCONTENIDO=160&amp;IDTIPO=140&amp;RASTRO=c$m120,128\" target=\"_blank\">Instituto de Seguridad y Salud Laboral de la Regi\u00f3n de Murcia<\/a>,\u00a0 en la categor\u00eda <strong>\u201cbuenas pr\u00e1cticas en prevenci\u00f3n de riesgos laborales\u201d<\/strong>, \u00a0por las actuaciones que se realizan en\u00a0 nuestra empresa en materia de Integraci\u00f3n, Seguridad Vial, Protecci\u00f3n Colectiva, Coordinaci\u00f3n, Conciliaci\u00f3n Laboral y Personal, \u00cdndices de siniestralidad,\u2026.<\/p>\n<p>Y, el premio <a title=\"Premio Cadena Sostenible de la Fundaci\u00f3n Cemex\" href=\"http:\/\/www.premiocadenasostenible.es\/premio-fundacion-cemex-cadena-sostenible.html\" target=\"_blank\">Cadena Sostenible de la \u201cFundaci\u00f3n CEMEX\u201d<\/a>, por la defensa del medio y la difusi\u00f3n del desarrollo sostenible.<\/p>\n<p>Como ver\u00e9is no paramos.<\/p>\n","protected":false},"excerpt":{"rendered":"<p>Hoy hemos\u00a0le\u00eddo\u00a0un art\u00edculo muy interesante sobre Prevenci\u00f3n de Riesgos Laborales, en \u00e9l podemos leer que el Gobierno la implantar\u00e1 como asignatura obligatoria en carreras universitarias t\u00e9cnicas. Aparte de su obligatoriedad legal, la consideramos una asignatura o valor necesario, \u00a0para ello hace a\u00f1os que \u00a0la hemos integrado como parte del sistema general de la empresa, afectando [&hellip;]<\/p>\n","protected":false},"author":3,"featured_media":596,"comment_status":"open","ping_status":"open","sticky":false,"template":"","format":"standard","meta":{"footnotes":""},"categories":[7,11],"tags":[39,702,44,112,113],"class_list":["post-595","post","type-post","status-publish","format-standard","has-post-thumbnail","hentry","category-compromiso-social","category-informacion","tag-clima-laboral","tag-compromiso-social","tag-construccion","tag-prevencion-riesgos-laborales","tag-prl"],"_links":{"self":[{"href":"https:\/\/urbincasa.es\/blog\/wp-json\/wp\/v2\/posts\/595","targetHints":{"allow":["GET"]}}],"collection":[{"href":"https:\/\/urbincasa.es\/blog\/wp-json\/wp\/v2\/posts"}],"about":[{"href":"https:\/\/urbincasa.es\/blog\/wp-json\/wp\/v2\/types\/post"}],"author":[{"embeddable":true,"href":"https:\/\/urbincasa.es\/blog\/wp-json\/wp\/v2\/users\/3"}],"replies":[{"embeddable":true,"href":"https:\/\/urbincasa.es\/blog\/wp-json\/wp\/v2\/comments?post=595"}],"version-history":[{"count":2,"href":"https:\/\/urbincasa.es\/blog\/wp-json\/wp\/v2\/posts\/595\/revisions"}],"predecessor-version":[{"id":1665,"href":"https:\/\/urbincasa.es\/blog\/wp-json\/wp\/v2\/posts\/595\/revisions\/1665"}],"wp:featuredmedia":[{"embeddable":true,"href":"https:\/\/urbincasa.es\/blog\/wp-json\/wp\/v2\/media\/596"}],"wp:attachment":[{"href":"https:\/\/urbincasa.es\/blog\/wp-json\/wp\/v2\/media?parent=595"}],"wp:term":[{"taxonomy":"category","embeddable":true,"href":"https:\/\/urbincasa.es\/blog\/wp-json\/wp\/v2\/categories?post=595"},{"taxonomy":"post_tag","embeddable":true,"href":"https:\/\/urbincasa.es\/blog\/wp-json\/wp\/v2\/tags?post=595"}],"curies":[{"name":"wp","href":"https:\/\/api.w.org\/{rel}","templated":true}]}}