{"id":5995,"date":"2015-10-26T19:10:49","date_gmt":"2015-10-26T17:10:49","guid":{"rendered":"https:\/\/urbincasa.es\/blog\/?p=5995"},"modified":"2016-01-25T12:54:36","modified_gmt":"2016-01-25T10:54:36","slug":"proyecto-restitucion-jardin-botanico-de-cartagena","status":"publish","type":"post","link":"https:\/\/urbincasa.es\/blog\/2015\/10\/proyecto-restitucion-jardin-botanico-de-cartagena\/","title":{"rendered":"Proyecto de restituci\u00f3n del Real jard\u00edn bot\u00e1nico de Cartagena"},"content":{"rendered":"<div id=\"bsf_rt_marker\"><\/div><p>Nos hemos unido a un nuevo proyecto que ha puesto en marcha la asociaci\u00f3n CreeCT y que, entre otras cuestiones, va a luchar por la <strong>Restituci\u00f3n del Real Jard\u00edn Bot\u00e1nico de Cartagena.\u00a0<\/strong><\/p>\n<p><!--more--><\/p>\n<h1><strong>Proyecto de Restituci\u00f3n del Real Jard\u00edn Bot\u00e1nico de Cartagena y valores medioambientales<\/strong><\/h1>\n<p>El proyecto al que Urbincasa se ha unido lucha por recuperar la ubicaci\u00f3n del Real Jard\u00edn Bot\u00e1nico de Cartagena en su antiguo emplazamiento:\u00a0<strong>el Paseo de las Delicias de Santa Luc\u00eda<\/strong>. De esta manera, Cartagena recuperar\u00e1 una parte importante de su historia que se unir\u00e1 a la oferta tur\u00edstica para los visitantes pero tambi\u00e9n riqueza y conciencia medioambiental para los propios cartageneros.<\/p>\n<p>El <span style=\"text-decoration: underline;\">Jard\u00edn Bot\u00e1nico de Cartagena<\/span>, datado del siglo XVIII, fue pionero en la difusi\u00f3n bot\u00e1nica en Espa\u00f1a y apoyo de otras ramas de la ciencia como la medicina o la ingenier\u00eda.<\/p>\n<p>La idea es que el lugar que ocupar\u00e1 el nuevo jard\u00edn bot\u00e1nico quede limitado por la ladera del Cerro de los Moros y el BIC que lo corona creando as\u00ed un espacio perfecto para visitas guiadas y diferentes actividades para toda la familia.<\/p>\n<h2><strong style=\"color: #000000;\">Asociaci\u00f3n CreeCT y Urbincasa<\/strong><\/h2>\n<p>La asociaci\u00f3n <a href=\"http:\/\/creatuciudad.com\/\">CreeCT<\/a>\u00a0<strong>desarrolla iniciativas sociales<\/strong> que sirven para fomentar un cambio de mentalidad necesario a favor del medio natural. Su objetivo es la transformaci\u00f3n de la sociedad mediante la creaci\u00f3n de un mundo donde se elogie la naturaleza y la ciencia.<\/p>\n<p>Con este objetivo se realiza el proyecto de <strong>reconstrucci\u00f3n del desaparecido Real Jard\u00edn Bot\u00e1nico de Cartagena<\/strong>\u00a0en donde Urbincasa ha querido colaborar.<\/p>\n<p><a style=\"font-style: normal; font-weight: 300; line-height: 24.375px; text-decoration: underline;\" href=\"https:\/\/urbincasa.es\/blog\/wp-content\/uploads\/2015\/10\/Dibujo1-Medium.bmp\"><img decoding=\"async\" class=\"aligncenter size-medium wp-image-6002\" style=\"border-color: #bbbbbb; margin-top: 0.4em; background: #eeeeee;\" alt=\"jard\u00edn bot\u00e1nico de Cartagena\" src=\"https:\/\/urbincasa.es\/blog\/wp-content\/uploads\/2015\/10\/Dibujo1-Medium.bmp\" \/><\/a><\/p>\n<h2><iframe loading=\"lazy\" style=\"font-weight: 300;\" src=\"https:\/\/www.youtube.com\/embed\/qdmHVHm3-vY\" height=\"315\" width=\"560\" allowfullscreen=\"\" frameborder=\"0\"><\/iframe><\/h2>\n<h2><strong>Jornada de Lanzamiento del Proyecto de Restituci\u00f3n del Real Jard\u00edn Bot\u00e1nico de Cartagena<\/strong><\/h2>\n<p>Este jueves 29 de octubre a las 17:30 en el Sal\u00f3n de Actos de la Facultad de Ciencias de la Empresa de la UPCT (antiguo CIM) da lugar la jornada de lanzamiento del proyecto de Restituci\u00f3n del Real Jard\u00edn Bot\u00e1nico de Cartagena.<\/p>\n<p>En estas jornadas podr\u00e1s conocer todos los detalles del proyecto a trav\u00e9s de las distintas ponencias que dar\u00e1n\u00a0<strong>Carlos Ferr\u00e1ndiz de Araujo,\u00a0<strong>Jos\u00e9 Manuel Chac\u00f3n,\u00a0Pedro Alfonso Ranea Munill,\u00a0<strong>Mar\u00eda Bellet Serrano y el propio presidente de CreeCT,\u00a0<strong>Santiago del \u00c1lamo.<\/strong><\/strong><\/strong><\/strong><\/p>\n<p><a href=\"https:\/\/urbincasa.es\/blog\/wp-content\/uploads\/2015\/10\/cartel-evento-29-octubre.jpg\"><img loading=\"lazy\" decoding=\"async\" class=\"aligncenter size-full wp-image-6018\" alt=\"jard\u00edn bot\u00e1nico de Cartagena\" src=\"https:\/\/urbincasa.es\/blog\/wp-content\/uploads\/2015\/10\/cartel-evento-29-octubre.jpg\" width=\"212\" height=\"300\" \/><\/a><\/p>\n","protected":false},"excerpt":{"rendered":"<p>Nos hemos unido a un nuevo proyecto que ha puesto en marcha la asociaci\u00f3n CreeCT y que, entre otras cuestiones, va a luchar por la Restituci\u00f3n del Real Jard\u00edn Bot\u00e1nico de Cartagena.\u00a0<\/p>\n","protected":false},"author":3,"featured_media":6018,"comment_status":"open","ping_status":"open","sticky":false,"template":"","format":"standard","meta":{"footnotes":""},"categories":[7,12],"tags":[35,621,619,620],"class_list":["post-5995","post","type-post","status-publish","format-standard","has-post-thumbnail","hentry","category-compromiso-social","category-medioambiente","tag-cartagena","tag-compromiso-medioambiental","tag-jardin-botanico","tag-proyecto-jardin-botanico"],"_links":{"self":[{"href":"https:\/\/urbincasa.es\/blog\/wp-json\/wp\/v2\/posts\/5995","targetHints":{"allow":["GET"]}}],"collection":[{"href":"https:\/\/urbincasa.es\/blog\/wp-json\/wp\/v2\/posts"}],"about":[{"href":"https:\/\/urbincasa.es\/blog\/wp-json\/wp\/v2\/types\/post"}],"author":[{"embeddable":true,"href":"https:\/\/urbincasa.es\/blog\/wp-json\/wp\/v2\/users\/3"}],"replies":[{"embeddable":true,"href":"https:\/\/urbincasa.es\/blog\/wp-json\/wp\/v2\/comments?post=5995"}],"version-history":[{"count":28,"href":"https:\/\/urbincasa.es\/blog\/wp-json\/wp\/v2\/posts\/5995\/revisions"}],"predecessor-version":[{"id":6025,"href":"https:\/\/urbincasa.es\/blog\/wp-json\/wp\/v2\/posts\/5995\/revisions\/6025"}],"wp:featuredmedia":[{"embeddable":true,"href":"https:\/\/urbincasa.es\/blog\/wp-json\/wp\/v2\/media\/6018"}],"wp:attachment":[{"href":"https:\/\/urbincasa.es\/blog\/wp-json\/wp\/v2\/media?parent=5995"}],"wp:term":[{"taxonomy":"category","embeddable":true,"href":"https:\/\/urbincasa.es\/blog\/wp-json\/wp\/v2\/categories?post=5995"},{"taxonomy":"post_tag","embeddable":true,"href":"https:\/\/urbincasa.es\/blog\/wp-json\/wp\/v2\/tags?post=5995"}],"curies":[{"name":"wp","href":"https:\/\/api.w.org\/{rel}","templated":true}]}}