{"id":609,"date":"2011-05-26T12:36:45","date_gmt":"2011-05-26T10:36:45","guid":{"rendered":"https:\/\/urbincasa.es\/blog\/?p=609"},"modified":"2013-04-17T13:00:06","modified_gmt":"2013-04-17T11:00:06","slug":"raul-garcia-nuestro-friki-particular","status":"publish","type":"post","link":"https:\/\/urbincasa.es\/blog\/2011\/05\/raul-garcia-nuestro-friki-particular\/","title":{"rendered":"Raul Garcia, nuestro friki particular"},"content":{"rendered":"<div id=\"bsf_rt_marker\"><\/div><p><a title=\"Urbincasa - Raul Garcia - Responsable TI -  por urbincasa, en Flickr\" href=\"http:\/\/www.flickr.com\/photos\/urbincasa\/5761493162\/\" target=\"_blank\"><img loading=\"lazy\" decoding=\"async\" class=\"alignleft\" style=\"margin: 5px;\" src=\"http:\/\/farm3.static.flickr.com\/2543\/5761493162_8a0c2ba135_m.jpg\" alt=\"Urbincasa - Raul Garcia - Responsable TI - \" width=\"240\" height=\"235\" \/><\/a><br \/>\nY seguimos desvelando quien est\u00e1 detr\u00e1s de nuestro logo, hoy \u00a0nos toca una persona peculiar, Raul Garcia es nuestro Responsable del Departamento de Tecnolog\u00edas de la Informaci\u00f3n, aunque se le conoce mas com\u00fanmente como \u201cEl Inform\u00e1tico\u201d alias \u201cFriki\u201d.<\/p>\n<h2><strong> A ver Ra\u00fal, t\u00fa adem\u00e1s de estar sentado todo el d\u00eda sin hacer nada. \u00bfQu\u00e9 haces?<\/strong><\/h2>\n<p>(Risas)Oye mal empezamos. Eso es una leyenda urbana, los inform\u00e1ticos dominaremos el mundo. Nuestra funci\u00f3n es la de proveer de servicios tecnol\u00f3gicos al resto de usuarios: M\u00f3vil, tel\u00e9fono, Red, seguridad, vamos que est\u00e9n \u201ccontentos\u201d, nuestra web\u2026 etc. (Risas) Ah! Y \u00a0desde hace un tiempo somos los responsables de controlaros, a vosotros los de las Redes Sociales. (Nos mira raro)<\/p>\n<h2><strong>Vale! Vale! Tu trabajo es una evoluci\u00f3n constante, todo cambia r\u00e1pido, tanto dentro como \u00a0fuera.<\/strong><\/h2>\n<p>Claro!, e<strong>n esta empresa la formaci\u00f3n es uno de los pilares fundamentales<\/strong>, siempre se ha entendido como as\u00ed y eso marca la diferencia. Aunque estar al d\u00eda requiere de mucho esfuerzo, horas de sue\u00f1o, perder los amigos, y en algunos casos hasta la mujer (risas)<\/p>\n<h2><strong>Y dentro de la empresa? <\/strong><\/h2>\n<p>Dentro de la empresa el cambio no es fundamental, es necesario. Me pongo en modo pelota (risas). <strong>Poco a poco somos m\u00e1s transversales, interdepartamentales, nos aportamos ideas (a veces de lo m\u00e1s locas) y conocimientos entre todos, y sinceramente, creo que es el camino correcto.<\/strong><\/p>\n<h2>Y <strong>la relaci\u00f3n Usuarios \u2013 Inform\u00e1ticos en la empresa?<\/strong><\/h2>\n<p>(Risas) Pues ya sabes, amor \u2013 odio, ni contigo ni sin ti, (risas),\u00a0 Que va! Yo me lo paso muy bien trabajando, para mi tiene que ser as\u00ed, por eso me llevo bien con <del>casi<\/del> todos. <strong>Eso no quita que en el d\u00eda a d\u00eda tengamos nuestros diferencias en las que por supuesto siempre tengo raz\u00f3n (<\/strong>risas)<\/p>\n<p>Y por \u00faltimo las tres preguntas sobre tu casa.<\/p>\n<blockquote>\n<ul>\n<li><strong>En tu hogar debe sonar:<\/strong> Rock!, Heavy!! No hay nada como cantar con el palo de la escoba.<\/li>\n<li><strong>Tu casa huele a :<\/strong> A ni\u00f1as, tengo 2 ( sonr\u00ede)<\/li>\n<li><strong> En tu casa nunca falta:<\/strong><strong> Un juego de mesa, me pirran, tengo un mont\u00f3n, Los colonos de Catan mi preferido<\/strong><\/li>\n<\/ul>\n<\/blockquote>\n<p>&nbsp;<\/p>\n<p>Ahora os pregunto yo. \u00bfEn qu\u00e9 tele dices que sale esto? \ud83d\ude09<\/p>\n<p>&nbsp;<\/p>\n","protected":false},"excerpt":{"rendered":"<p>Y seguimos desvelando quien est\u00e1 detr\u00e1s de nuestro logo, hoy \u00a0nos toca una persona peculiar, Raul Garcia es nuestro Responsable del Departamento de Tecnolog\u00edas de la Informaci\u00f3n, aunque se le conoce mas com\u00fanmente como \u201cEl Inform\u00e1tico\u201d alias \u201cFriki\u201d. A ver Ra\u00fal, t\u00fa adem\u00e1s de estar sentado todo el d\u00eda sin hacer nada. \u00bfQu\u00e9 haces? (Risas)Oye [&hellip;]<\/p>\n","protected":false},"author":3,"featured_media":610,"comment_status":"open","ping_status":"open","sticky":false,"template":"","format":"standard","meta":{"footnotes":""},"categories":[1],"tags":[39,41,136],"class_list":["post-609","post","type-post","status-publish","format-standard","has-post-thumbnail","hentry","category-sin-categoria","tag-clima-laboral","tag-companeros","tag-urbinequipo-2"],"_links":{"self":[{"href":"https:\/\/urbincasa.es\/blog\/wp-json\/wp\/v2\/posts\/609","targetHints":{"allow":["GET"]}}],"collection":[{"href":"https:\/\/urbincasa.es\/blog\/wp-json\/wp\/v2\/posts"}],"about":[{"href":"https:\/\/urbincasa.es\/blog\/wp-json\/wp\/v2\/types\/post"}],"author":[{"embeddable":true,"href":"https:\/\/urbincasa.es\/blog\/wp-json\/wp\/v2\/users\/3"}],"replies":[{"embeddable":true,"href":"https:\/\/urbincasa.es\/blog\/wp-json\/wp\/v2\/comments?post=609"}],"version-history":[{"count":1,"href":"https:\/\/urbincasa.es\/blog\/wp-json\/wp\/v2\/posts\/609\/revisions"}],"predecessor-version":[{"id":1563,"href":"https:\/\/urbincasa.es\/blog\/wp-json\/wp\/v2\/posts\/609\/revisions\/1563"}],"wp:featuredmedia":[{"embeddable":true,"href":"https:\/\/urbincasa.es\/blog\/wp-json\/wp\/v2\/media\/610"}],"wp:attachment":[{"href":"https:\/\/urbincasa.es\/blog\/wp-json\/wp\/v2\/media?parent=609"}],"wp:term":[{"taxonomy":"category","embeddable":true,"href":"https:\/\/urbincasa.es\/blog\/wp-json\/wp\/v2\/categories?post=609"},{"taxonomy":"post_tag","embeddable":true,"href":"https:\/\/urbincasa.es\/blog\/wp-json\/wp\/v2\/tags?post=609"}],"curies":[{"name":"wp","href":"https:\/\/api.w.org\/{rel}","templated":true}]}}