{"id":617,"date":"2011-06-07T16:53:33","date_gmt":"2011-06-07T14:53:33","guid":{"rendered":"https:\/\/urbincasa.es\/blog\/?p=617"},"modified":"2011-06-07T16:53:33","modified_gmt":"2011-06-07T14:53:33","slug":"manos-a-la-obra-lorca","status":"publish","type":"post","link":"https:\/\/urbincasa.es\/blog\/2011\/06\/manos-a-la-obra-lorca\/","title":{"rendered":"Manos a la Obra, Lorca"},"content":{"rendered":"<div id=\"bsf_rt_marker\"><\/div><figure id=\"attachment_627\" aria-describedby=\"caption-attachment-627\" style=\"width: 195px\" class=\"wp-caption alignleft\"><a href=\"https:\/\/urbincasa.es\/blog\/wp-content\/uploads\/2011\/06\/cristina.jpg\"><img loading=\"lazy\" decoding=\"async\" class=\"size-medium wp-image-627 \" style=\"margin: 5px;\" title=\"Cristina\" src=\"https:\/\/urbincasa.es\/blog\/wp-content\/uploads\/2011\/06\/cristina-195x300.jpg\" alt=\"\" width=\"195\" height=\"300\" srcset=\"https:\/\/urbincasa.es\/blog\/wp-content\/uploads\/2011\/06\/cristina-195x300.jpg 195w, https:\/\/urbincasa.es\/blog\/wp-content\/uploads\/2011\/06\/cristina.jpg 500w\" sizes=\"auto, (max-width: 195px) 100vw, 195px\" \/><\/a><figcaption id=\"caption-attachment-627\" class=\"wp-caption-text\">Nuestra simp\u00e1tica Cristina<\/figcaption><\/figure>\n<p>Ha pasado casi un mes de lo <a title=\"Silencio por Lorca.\" href=\"https:\/\/urbincasa.es\/blog\/2011\/05\/silencio-por-lorca\/\">ocurrido en Lorca<\/a>, una desgracia que nos ha pillado muy cerca y qui\u00e9n m\u00e1s o quien menos tiene un conocido que ha sufrido el azote del terremoto. <strong>Pero Lorca sigue adelante y creemos que podemos aportar<\/strong> nuestro granito de arena a la hora de <strong>reconstruir Lorca y la vida de los lorquinos<\/strong>, pero hemos querido hacerlo f\u00e1cil y bien. Para ello<strong> hemos montado una oficina all\u00ed<\/strong>, en pleno centro de Lorca, donde Cristina una simp\u00e1tica lorquina est\u00e1 dispuesta a <strong>ayudar y atender a todos los ciudadanos que se acerquen<\/strong>, \u00a0nuestro t\u00e9cnicos del departamento de rehabilitaci\u00f3n <strong>visitan, y aconsejan a los ciudadanos afectados.<\/strong><\/p>\n<h3><strong>\u00bfQu\u00e9 \u00a0podemos aportar nosotros a la reconstrucci\u00f3n y rehabilitaci\u00f3n de Lorca?<\/strong><\/h3>\n<h2><strong>Experiencia en la rehabilitaci\u00f3n y la construcci\u00f3n de viviendas<\/strong><\/h2>\n<p><strong>Desde el a\u00f1o 1967 y m\u00e1s de 5.000 \u00a0viviendas construidas<\/strong>.\u00a0Arquitectos, Arquitectos t\u00e9cnicos, Ingenieros, Abogados y Economistas configuran una <strong>plantilla altamente profesionalizada<\/strong> con elevada capacitaci\u00f3n t\u00e9cnica y experta en la <strong>gesti\u00f3n de obra nueva y rehabilitaci\u00f3n.<\/strong><\/p>\n<h2><strong>Te vamos a gestionar todo lo relacionado con ayudas<\/strong><\/h2>\n<p>Todo lo relacionado <strong>con las ayudas estatales, para la rehabilitaci\u00f3n de tu vivienda<\/strong>, incluso los tr\u00e1mites y <strong>papeleos con las aseguradoras<\/strong>. D\u00e9janoslo a nosotros, t\u00fa podr\u00e1s dedicarte a otras cosas.<\/p>\n<h2>Siempre te daremos un presupuesto justo<\/h2>\n<p>As\u00ed de claro.\u00a0Desde el comienzo. <strong>No estamos aqu\u00ed para aprovecharnos de tu situaci\u00f3n<\/strong>.<\/p>\n<p>Nuestro compromiso con Clientes y Proveedores, recogido en nuestro <strong>C\u00f3digo de Conducta <\/strong>de obligado conocimiento y cumplimiento por toda la organizaci\u00f3n, <strong>nos ha granjeado no s\u00f3lo el respeto dentro del sector sino que adem\u00e1s nos ha hecho acreedor de numerosos reconocimientos <\/strong>y premios por la aplicaci\u00f3n de nuestra pol\u00edtica de <strong><a href=\"http:\/\/www.urbincasa.es\/rsc.php\" target=\"_blank\">RESPONSABILIDAD SOCIAL CORPORATIVA.<\/a><\/strong><\/p>\n<h2><strong>Cobraremos cuando cobres t\u00fa<\/strong><\/h2>\n<p><strong>Adem\u00e1s aplazaremos tu pago para darte tiempo a cobrar las indemnizaciones <\/strong>y ayudas que hayas solicitado. \u00bfComo es posible?<\/p>\n<p>Sencillo: disponemos de un <strong>elevado volumen de Fondos Propios<\/strong> y, mejor a\u00fan, de una <strong>sobrada tesorer\u00eda<\/strong> que nos permite acometer proyectos de gran envergadura sin acudir a financiaci\u00f3n ajena.<\/p>\n<h2>Y adem\u00e1s el 5% de beneficio obtenido se destinar\u00e1 a la rehabilitaci\u00f3n del Patrimonio Cultural de Lorca<\/h2>\n<p><img loading=\"lazy\" decoding=\"async\" class=\"aligncenter size-full wp-image-625\" title=\"Rehabilitacion de viviendas en Lorca\" src=\"https:\/\/urbincasa.es\/blog\/wp-content\/uploads\/2011\/06\/manosalaobra01-copia.jpg\" alt=\"Rehabilitacion de viviendas en Lorca\" width=\"520\" height=\"112\" srcset=\"https:\/\/urbincasa.es\/blog\/wp-content\/uploads\/2011\/06\/manosalaobra01-copia.jpg 520w, https:\/\/urbincasa.es\/blog\/wp-content\/uploads\/2011\/06\/manosalaobra01-copia-300x64.jpg 300w, https:\/\/urbincasa.es\/blog\/wp-content\/uploads\/2011\/06\/manosalaobra01-copia-500x107.jpg 500w\" sizes=\"auto, (max-width: 520px) 100vw, 520px\" \/><\/p>\n","protected":false},"excerpt":{"rendered":"<p>Ha pasado casi un mes de lo ocurrido en Lorca, una desgracia que nos ha pillado muy cerca y qui\u00e9n m\u00e1s o quien menos tiene un conocido que ha sufrido el azote del terremoto. Pero Lorca sigue adelante y creemos que podemos aportar nuestro granito de arena a la hora de reconstruir Lorca y la [&hellip;]<\/p>\n","protected":false},"author":3,"featured_media":622,"comment_status":"open","ping_status":"open","sticky":false,"template":"","format":"standard","meta":{"footnotes":""},"categories":[7,11],"tags":[87,118,119,138],"class_list":["post-617","post","type-post","status-publish","format-standard","has-post-thumbnail","hentry","category-compromiso-social","category-informacion","tag-lorca","tag-rehabiiltacion-lorca","tag-rehabilitacion","tag-vivienda"],"_links":{"self":[{"href":"https:\/\/urbincasa.es\/blog\/wp-json\/wp\/v2\/posts\/617","targetHints":{"allow":["GET"]}}],"collection":[{"href":"https:\/\/urbincasa.es\/blog\/wp-json\/wp\/v2\/posts"}],"about":[{"href":"https:\/\/urbincasa.es\/blog\/wp-json\/wp\/v2\/types\/post"}],"author":[{"embeddable":true,"href":"https:\/\/urbincasa.es\/blog\/wp-json\/wp\/v2\/users\/3"}],"replies":[{"embeddable":true,"href":"https:\/\/urbincasa.es\/blog\/wp-json\/wp\/v2\/comments?post=617"}],"version-history":[{"count":0,"href":"https:\/\/urbincasa.es\/blog\/wp-json\/wp\/v2\/posts\/617\/revisions"}],"wp:featuredmedia":[{"embeddable":true,"href":"https:\/\/urbincasa.es\/blog\/wp-json\/wp\/v2\/media\/622"}],"wp:attachment":[{"href":"https:\/\/urbincasa.es\/blog\/wp-json\/wp\/v2\/media?parent=617"}],"wp:term":[{"taxonomy":"category","embeddable":true,"href":"https:\/\/urbincasa.es\/blog\/wp-json\/wp\/v2\/categories?post=617"},{"taxonomy":"post_tag","embeddable":true,"href":"https:\/\/urbincasa.es\/blog\/wp-json\/wp\/v2\/tags?post=617"}],"curies":[{"name":"wp","href":"https:\/\/api.w.org\/{rel}","templated":true}]}}