{"id":651,"date":"2011-06-22T14:14:42","date_gmt":"2011-06-22T12:14:42","guid":{"rendered":"https:\/\/urbincasa.es\/blog\/?p=651"},"modified":"2015-06-25T17:45:43","modified_gmt":"2015-06-25T15:45:43","slug":"residencial-magnolia-algo-mas-que-duplex-en-cartagena","status":"publish","type":"post","link":"https:\/\/urbincasa.es\/blog\/2011\/06\/residencial-magnolia-algo-mas-que-duplex-en-cartagena\/","title":{"rendered":"Residencial Magnolia, algo m\u00e1s que duplex en Cartagena"},"content":{"rendered":"<div id=\"bsf_rt_marker\"><\/div><p><img loading=\"lazy\" decoding=\"async\" class=\"alignright size-medium wp-image-658\" style=\"margin: 5px;\" title=\"Vista Exterior\" alt=\"\" src=\"https:\/\/urbincasa.es\/blog\/wp-content\/uploads\/2011\/06\/5838883660_9771e7015c-300x199.jpg\" width=\"300\" height=\"199\" srcset=\"https:\/\/urbincasa.es\/blog\/wp-content\/uploads\/2011\/06\/5838883660_9771e7015c-300x199.jpg 300w, https:\/\/urbincasa.es\/blog\/wp-content\/uploads\/2011\/06\/5838883660_9771e7015c-450x300.jpg 450w, https:\/\/urbincasa.es\/blog\/wp-content\/uploads\/2011\/06\/5838883660_9771e7015c.jpg 500w\" sizes=\"auto, (max-width: 300px) 100vw, 300px\" \/>El pasado d\u00eda 16 presentamos a <strong>Cartagena nuestra \u00faltima y m\u00e1s moderna promoci\u00f3n de viviendas: <a title=\"D\u00faplex en Cartagena\" href=\"https:\/\/urbincasa.es\/inmobiliaria\/es\/promociones\/3\/cartagena\/residencial-magnolia\/6\/?fuente=CDblog\">Residencial Magnolia<\/a><\/strong>.<\/p>\n<p>Con m\u00e1s nervios de lo habituales debido a la masiva respuesta que tuvimos por parte de todos vosotros. Expectaci\u00f3n y una propuesta informativa \u00e1gil y muy divertida en ciertos momentos. Gracias por vuestra asistencia.<\/p>\n<p>A los que no fueron y mientras preparamos toda lo documentaci\u00f3n os damos una pinceladas de lo que es Residencial Magnolia en Los Dolores &#8211; Cartagena &#8211;<\/p>\n<p><strong>20 viviendas unifamiliares que pueden disponer de patio, garaje en s\u00f3tano para poder aparcar varios veh\u00edculos, jard\u00edn o terraza&#8230; M\u00e1s que un d\u00faplex en Cartagena<\/strong><\/p>\n<p><a href=\"https:\/\/urbincasa.es\/inmobiliaria\/es\/comprometidos\/11\/medio-ambiente\/18\">Comprometi\u00e9ndonos con el medio ambiente <\/a>y siguiendo nuestra l\u00ednea de \u00abGesti\u00f3n medioambiental en las obras de construcci\u00f3n\u00bb ofrecemos hogares ecoeficientes.<\/p>\n<p>Destacamos alguno de los beneficios<\/p>\n<div>\n<div>\u2022<strong>Menor coste econ\u00f3mico<\/strong> asociado a la climatizaci\u00f3n<\/div>\n<div>\u2022Mejora ac\u00fastica en el interior de la vivienda<\/div>\n<div>\u2022Mayor barrera t\u00e9rmica en la climatizaci\u00f3n de la vivienda<\/div>\n<\/div>\n<div>\u2022Menor <strong>gasto de la factura de agua, de hasta un 40%.<\/strong><\/div>\n<div>\u2022Menor gasto de energ\u00eda al emplear la mitad de agua caliente.<\/div>\n<div>\u2022Mejor <strong>disponibilidad de agua fr\u00eda o mezclada, al no descender el caudal<\/strong> debido al elevado consumo de otras habitaciones situadas en la misma canalizaci\u00f3n de suministro.<\/div>\n<div><\/div>\n<div>Y much\u00ed\u00ed\u00ed\u00ed\u00edsimas m\u00e1s mejoras que nos dejamos en el tintero. Pronto estar\u00e1 todo en <a href=\"http:\/\/www.urbincasa.es\">nuestra web<\/a>. \u00a0\u00a1Ah! Por cierto, estamos preparando los Grupo Coocreativos, queremos que form\u00e9is parte del proyecto con nosotros desde el principio al final.<\/div>\n<div><\/div>\n<div>Alguien lo dijo en la presentaci\u00f3n : <strong>\u00abYa no vendemos casas, vendemos hogares\u00bb<\/strong><\/div>\n<div><strong><br \/>\n<\/strong><\/div>\n<div>Os dejamos el cat\u00e1logo y las fotos de la presentaci\u00f3n.<\/div>\n<div id=\"__ss_8388364\" style=\"width: 425px; text-align: center;\">\n<p><strong style=\"display: block; margin: 12px 0 4px;\"><a title=\"Residencial Magnolia, viviendas en Cartagena\" href=\"http:\/\/www.slideshare.net\/urbincasa\/residencial-magnolia-viviendas-en-cartagena\">Residencial Magnolia, viviendas en Cartagena<\/a><\/strong><object id=\"__sse8388364\" width=\"425\" height=\"355\" classid=\"clsid:d27cdb6e-ae6d-11cf-96b8-444553540000\" codebase=\"http:\/\/download.macromedia.com\/pub\/shockwave\/cabs\/flash\/swflash.cab#version=6,0,40,0\"><param name=\"allowFullScreen\" value=\"true\" \/><param name=\"allowScriptAccess\" value=\"always\" \/><param name=\"src\" value=\"http:\/\/static.slidesharecdn.com\/swf\/ssplayer2.swf?doc=catalogomagnolia-110622070421-phpapp01&amp;stripped_title=residencial-magnolia-viviendas-en-cartagena&amp;userName=urbincasa\" \/><param name=\"allowscriptaccess\" value=\"always\" \/><param name=\"allowfullscreen\" value=\"true\" \/><embed id=\"__sse8388364\" width=\"425\" height=\"355\" type=\"application\/x-shockwave-flash\" src=\"http:\/\/static.slidesharecdn.com\/swf\/ssplayer2.swf?doc=catalogomagnolia-110622070421-phpapp01&amp;stripped_title=residencial-magnolia-viviendas-en-cartagena&amp;userName=urbincasa\" allowFullScreen=\"true\" allowScriptAccess=\"always\" allowscriptaccess=\"always\" allowfullscreen=\"true\" \/><\/object><\/p>\n<div style=\"padding: 5px 0 12px;\">View more <a href=\"http:\/\/www.slideshare.net\/\">presentations<\/a> from <a href=\"http:\/\/www.slideshare.net\/urbincasa\">urbincasa<\/a>.<\/div>\n<\/div>\n<div><strong>[AFG_gallery id=&#8217;1&#8242;]<br \/>\n<\/strong><\/div>\n<p><a title=\"Inmobiliaria cartagena\" href=\"https:\/\/urbincasa.es\/inmobiliaria\/es\/viviendas\/4\"><img loading=\"lazy\" decoding=\"async\" class=\"aligncenter size-full wp-image-1609\" title=\"inmobiliaria cartagena\" alt=\"alquilar en cartagena\" src=\"https:\/\/urbincasa.es\/blog\/wp-content\/uploads\/2013\/04\/alquiler.png\" width=\"262\" height=\"89\" \/><\/a><br \/>\n<iframe loading=\"lazy\" src=\"https:\/\/www.youtube.com\/embed\/9dx4o6AxnTc?rel=0\" height=\"315\" width=\"560\" allowfullscreen=\"\" frameborder=\"0\"><\/iframe><\/p>\n","protected":false},"excerpt":{"rendered":"<p>El pasado d\u00eda 16 presentamos a Cartagena nuestra \u00faltima y m\u00e1s moderna promoci\u00f3n de viviendas: Residencial Magnolia. Con m\u00e1s nervios de lo habituales debido a la masiva respuesta que tuvimos por parte de todos vosotros. Expectaci\u00f3n y una propuesta informativa \u00e1gil y muy divertida en ciertos momentos. Gracias por vuestra asistencia. A los que no [&hellip;]<\/p>\n","protected":false},"author":3,"featured_media":658,"comment_status":"open","ping_status":"open","sticky":false,"template":"","format":"standard","meta":{"footnotes":""},"categories":[12,281,23],"tags":[35,314,52,294,193,120,138,139],"class_list":["post-651","post","type-post","status-publish","format-standard","has-post-thumbnail","hentry","category-medioambiente","category-urbincasashop","category-viviendas-cartagena","tag-cartagena","tag-comprar-casa","tag-duplex","tag-inmobiliaria","tag-obra-nueva","tag-residencial-magnolia","tag-vivienda","tag-vivienda-cartagena"],"_links":{"self":[{"href":"https:\/\/urbincasa.es\/blog\/wp-json\/wp\/v2\/posts\/651","targetHints":{"allow":["GET"]}}],"collection":[{"href":"https:\/\/urbincasa.es\/blog\/wp-json\/wp\/v2\/posts"}],"about":[{"href":"https:\/\/urbincasa.es\/blog\/wp-json\/wp\/v2\/types\/post"}],"author":[{"embeddable":true,"href":"https:\/\/urbincasa.es\/blog\/wp-json\/wp\/v2\/users\/3"}],"replies":[{"embeddable":true,"href":"https:\/\/urbincasa.es\/blog\/wp-json\/wp\/v2\/comments?post=651"}],"version-history":[{"count":8,"href":"https:\/\/urbincasa.es\/blog\/wp-json\/wp\/v2\/posts\/651\/revisions"}],"predecessor-version":[{"id":1558,"href":"https:\/\/urbincasa.es\/blog\/wp-json\/wp\/v2\/posts\/651\/revisions\/1558"}],"wp:featuredmedia":[{"embeddable":true,"href":"https:\/\/urbincasa.es\/blog\/wp-json\/wp\/v2\/media\/658"}],"wp:attachment":[{"href":"https:\/\/urbincasa.es\/blog\/wp-json\/wp\/v2\/media?parent=651"}],"wp:term":[{"taxonomy":"category","embeddable":true,"href":"https:\/\/urbincasa.es\/blog\/wp-json\/wp\/v2\/categories?post=651"},{"taxonomy":"post_tag","embeddable":true,"href":"https:\/\/urbincasa.es\/blog\/wp-json\/wp\/v2\/tags?post=651"}],"curies":[{"name":"wp","href":"https:\/\/api.w.org\/{rel}","templated":true}]}}