{"id":668,"date":"2011-07-12T17:06:56","date_gmt":"2011-07-12T15:06:56","guid":{"rendered":"https:\/\/urbincasa.es\/blog\/?p=668"},"modified":"2013-04-29T17:26:16","modified_gmt":"2013-04-29T15:26:16","slug":"el-aire-interior-en-las-viviendas-vivir-mejor","status":"publish","type":"post","link":"https:\/\/urbincasa.es\/blog\/2011\/07\/el-aire-interior-en-las-viviendas-vivir-mejor\/","title":{"rendered":"El Aire Interior en las viviendas, vivir mejor"},"content":{"rendered":"<div id=\"bsf_rt_marker\"><\/div><p><a href=\"https:\/\/urbincasa.es\/blog\/wp-content\/uploads\/2011\/07\/aire_limpio.png\" target=\"_blank\"><img loading=\"lazy\" decoding=\"async\" class=\"alignleft size-medium wp-image-670\" style=\"margin: 5px;\" title=\"aire_limpio\" src=\"https:\/\/urbincasa.es\/blog\/wp-content\/uploads\/2011\/07\/aire_limpio-132x300.png\" alt=\"Esquema Aire Limpio - Vivienda sana \" width=\"132\" height=\"300\" \/><\/a>La tendencia est\u00e1 clara, <strong>la mayor\u00eda de las \u00a0personas tendemos a buscar una mejor calidad de vida<\/strong>, \u00a0sin estress , si prisas, sin agobios, para ello nos preocupamos en por nuestros<a title=\"habitos vitales en casa\" href=\"http:\/\/www.vivirsalud.com\/2011\/07\/10\/la-importancia-de-tomar-vacaciones\" target=\"_blank\"> h\u00e1bitos de saludables<\/a> en el d\u00eda a d\u00eda, haciendo deporte,\u00a0<a title=\"Habitos saludables en la alimentaci\u00f3n\" href=\"http:\/\/www.vida-saludable.net\/la-alimentacion-de-los-ninos-en-verano\/\" target=\"_blank\">en la alimentaci\u00f3n<\/a> comiendo lo justo y necesario \ud83d\ude42\u00a0, <a title=\"Habitos en la educaci\u00f3n \" href=\"http:\/\/www.cosasdeeducacion.es\/\" target=\"_blank\">en la educaci\u00f3n<\/a> dando todo lo mejor a nuestros peque\u00f1os, <strong>en definitiva queremos vivir mejor. <\/strong><\/p>\n<p>Para ello es importante tener claro <strong>que donde vivimos es un hogar sano, limpio, con mucha energ\u00eda<\/strong>. Nosotros, en nuestros proyectos tenemos en cuenta muchos factores para que sea un lugar que cree bienestar en las personas que lo habitan.<\/p>\n<p><strong>Uno de los puntos en los que nos fijamos es en el aire interior, vital para una vivienda sana, tiene que ser continuo y renovado&#8230;<\/strong><\/p>\n<p><strong>La calidad del aire interior est\u00e1 garantizada <\/strong>y controlada gracias al aire que entra por unas aberturas s de admisi\u00f3n en las zonas secas de tu vivienda (dormitorios y salas)\u00a0y circulando \u00a0a trav\u00e9s de las aberturas de paso por toda la vivienda hasta las aberturas de extracci\u00f3n ubicadas en las zonas h\u00famedos (cocinas, aseos yba\u00f1os).Desde de donde se expulsar\u00e1 a trav\u00e9s del conducto de extracci\u00f3n hacia la calle.<\/p>\n<p>Los beneficios de este sistema son m\u00faltiples: <strong>se eliminan las sustancias contaminantes<\/strong>, mejorando la calidad del aire y <strong>reduciendo el riesgo de alergias<\/strong>, a la vez que <strong>se evacua el vapor de agua procedente de duchas y cocciones<\/strong>, lo que evita las humedades por condensaci\u00f3n.<\/p>\n<p>Como ver\u00e1s una vivienda es m\u00e1s que poner ladrillos y desde el momento de crear un hogar, pensamos en la saludo y bienestar de qui\u00e9n va a vivir. La energ\u00eda la pones t\u00fa \ud83d\ude42<\/p>\n","protected":false},"excerpt":{"rendered":"<p>La tendencia est\u00e1 clara, la mayor\u00eda de las \u00a0personas tendemos a buscar una mejor calidad de vida, \u00a0sin estress , si prisas, sin agobios, para ello nos preocupamos en por nuestros h\u00e1bitos de saludables en el d\u00eda a d\u00eda, haciendo deporte,\u00a0en la alimentaci\u00f3n comiendo lo justo y necesario \ud83d\ude42\u00a0, en la educaci\u00f3n dando todo lo [&hellip;]<\/p>\n","protected":false},"author":3,"featured_media":669,"comment_status":"open","ping_status":"open","sticky":false,"template":"","format":"standard","meta":{"footnotes":""},"categories":[11,12],"tags":[31,78,138,139,140],"class_list":["post-668","post","type-post","status-publish","format-standard","has-post-thumbnail","hentry","category-informacion","category-medioambiente","tag-beneficios","tag-hogar","tag-vivienda","tag-vivienda-cartagena","tag-vivienda-ecoeficiente"],"_links":{"self":[{"href":"https:\/\/urbincasa.es\/blog\/wp-json\/wp\/v2\/posts\/668","targetHints":{"allow":["GET"]}}],"collection":[{"href":"https:\/\/urbincasa.es\/blog\/wp-json\/wp\/v2\/posts"}],"about":[{"href":"https:\/\/urbincasa.es\/blog\/wp-json\/wp\/v2\/types\/post"}],"author":[{"embeddable":true,"href":"https:\/\/urbincasa.es\/blog\/wp-json\/wp\/v2\/users\/3"}],"replies":[{"embeddable":true,"href":"https:\/\/urbincasa.es\/blog\/wp-json\/wp\/v2\/comments?post=668"}],"version-history":[{"count":2,"href":"https:\/\/urbincasa.es\/blog\/wp-json\/wp\/v2\/posts\/668\/revisions"}],"predecessor-version":[{"id":1663,"href":"https:\/\/urbincasa.es\/blog\/wp-json\/wp\/v2\/posts\/668\/revisions\/1663"}],"wp:featuredmedia":[{"embeddable":true,"href":"https:\/\/urbincasa.es\/blog\/wp-json\/wp\/v2\/media\/669"}],"wp:attachment":[{"href":"https:\/\/urbincasa.es\/blog\/wp-json\/wp\/v2\/media?parent=668"}],"wp:term":[{"taxonomy":"category","embeddable":true,"href":"https:\/\/urbincasa.es\/blog\/wp-json\/wp\/v2\/categories?post=668"},{"taxonomy":"post_tag","embeddable":true,"href":"https:\/\/urbincasa.es\/blog\/wp-json\/wp\/v2\/tags?post=668"}],"curies":[{"name":"wp","href":"https:\/\/api.w.org\/{rel}","templated":true}]}}