{"id":6773,"date":"2016-01-25T13:45:10","date_gmt":"2016-01-25T11:45:10","guid":{"rendered":"https:\/\/urbincasa.es\/blog\/?p=6773"},"modified":"2016-01-27T19:53:34","modified_gmt":"2016-01-27T17:53:34","slug":"ano-del-modernismo-libro-colaboracion-urbincasa","status":"publish","type":"post","link":"https:\/\/urbincasa.es\/blog\/2016\/01\/ano-del-modernismo-libro-colaboracion-urbincasa\/","title":{"rendered":"Comienza el a\u00f1o del modernismo con la colaboraci\u00f3n de Urbincasa"},"content":{"rendered":"<div id=\"bsf_rt_marker\"><\/div><p>El a\u00f1o del Modernismo en Cartagena se inaugur\u00f3 con la presentaci\u00f3n del libro y la exposici\u00f3n<strong><i> Celestino Mart\u00ednez y el Gran Hotel<\/i><\/strong>, un proyecto del que Urbincasa es patrocinador. <!--more--><\/p>\n<p><img loading=\"lazy\" decoding=\"async\" class=\"aligncenter size-medium wp-image-6792\" alt=\"celestino y el gran hotel\" src=\"https:\/\/urbincasa.es\/blog\/wp-content\/uploads\/2016\/01\/celestinoyelgranhotel-300x184.jpg\" width=\"300\" height=\"184\" srcset=\"https:\/\/urbincasa.es\/blog\/wp-content\/uploads\/2016\/01\/celestinoyelgranhotel-300x184.jpg 300w, https:\/\/urbincasa.es\/blog\/wp-content\/uploads\/2016\/01\/celestinoyelgranhotel-487x300.jpg 487w, https:\/\/urbincasa.es\/blog\/wp-content\/uploads\/2016\/01\/celestinoyelgranhotel.jpg 807w\" sizes=\"auto, (max-width: 300px) 100vw, 300px\" \/><\/p>\n<p>El hall del Palacio Consistorial se llen\u00f3 de p\u00fablico para asistir al comienzo del a\u00f1o del modernismo en Cartagena, el honor del pistoletazo de salida cay\u00f3 en la presentaci\u00f3n de la exposici\u00f3n y el libro <i>Celestino Mart\u00ednez y el Gran Hotel \u00a0<\/i>que coordin\u00f3\u00a0el\u00a0escritor Jos\u00e9 Manuel Chac\u00f3n y que <a href=\"http:\/\/www.urbincasa.es\" target=\"_blank\">Urbincasa<\/a>\u00a0patrocina.<\/p>\n<p><span style=\"font-weight: 300;\">En la\u00a0exposici\u00f3n fotogr\u00e1fica se encuentran obras de Miguel Mart\u00ednez, hijo de Celestino, donde se muestra su legado con\u00a0im\u00e1genes in\u00e9ditas; y de una decena de artistas cartageneros con sus interpretaciones art\u00edsticas.<\/span><\/p>\n<p><a style=\"font-style: normal; font-weight: 300; line-height: 24.375px; text-decoration: underline;\" href=\"https:\/\/urbincasa.es\/blog\/wp-content\/uploads\/2016\/01\/Anodelmodernismo.jpg\"><img loading=\"lazy\" decoding=\"async\" class=\"size-medium wp-image-6788 alignleft\" style=\"border-color: #bbbbbb; margin-top: 0.4em; background: #eeeeee;\" alt=\"Ano del modernismo\" src=\"https:\/\/urbincasa.es\/blog\/wp-content\/uploads\/2016\/01\/Anodelmodernismo-300x199.jpg\" width=\"300\" height=\"199\" srcset=\"https:\/\/urbincasa.es\/blog\/wp-content\/uploads\/2016\/01\/Anodelmodernismo-300x199.jpg 300w, https:\/\/urbincasa.es\/blog\/wp-content\/uploads\/2016\/01\/Anodelmodernismo-1024x679.jpg 1024w, https:\/\/urbincasa.es\/blog\/wp-content\/uploads\/2016\/01\/Anodelmodernismo-452x300.jpg 452w, https:\/\/urbincasa.es\/blog\/wp-content\/uploads\/2016\/01\/Anodelmodernismo-900x597.jpg 900w, https:\/\/urbincasa.es\/blog\/wp-content\/uploads\/2016\/01\/Anodelmodernismo.jpg 1200w\" sizes=\"auto, (max-width: 300px) 100vw, 300px\" \/><\/a><\/p>\n<p><span style=\"font-weight: 300;\">En la inauguraci\u00f3n los centenares de asistentes disfrutaron de la ambientaci\u00f3n dramatizada con personajes de la \u00e9poca, como el torero Gavira o la soprano\u00a0Conchita Vel\u00e1zquez.<\/span><\/p>\n<p><span style=\"font-weight: 300;\">El\u00a0A\u00f1o del Modernismo supondr\u00e1 la organizaci\u00f3n de diversas actividades con el objetivo de poner de manifiesto la singularidad del Modernismo en Cartagena y de la sociedad de aquella \u00e9poca, que abarca desde finales del siglo XIX a principios del XX, un espacio temporal que acabar\u00eda marcando el desarrollo contempor\u00e1neo del municipio.<\/span><\/p>\n<p><iframe loading=\"lazy\" src=\"https:\/\/www.youtube.com\/embed\/tkZSS69b4Mw\" height=\"315\" width=\"560\" allowfullscreen=\"\" frameborder=\"0\"><\/iframe><\/p>\n<p><strong>El centenario del Gran Hotel ha sido el evento que ha propiciado la idea de celebrar el a\u00f1o del modernismo y en Urbincasa no quisimos quedarnos fuera de esta celebraci\u00f3n tan importante para Cartagena, sobre todo qued\u00e1ndonos el m\u00edtico edificio tan cerca&#8230;<\/strong><\/p>\n<p><a href=\"https:\/\/urbincasa.es\/blog\/wp-content\/uploads\/2016\/01\/DSC_0007.jpg\"><img loading=\"lazy\" decoding=\"async\" class=\"aligncenter size-medium wp-image-6787\" alt=\"Gran Hotel a\u00f1o del modernismo\" src=\"https:\/\/urbincasa.es\/blog\/wp-content\/uploads\/2016\/01\/DSC_0007-300x168.jpg\" width=\"300\" height=\"168\" srcset=\"https:\/\/urbincasa.es\/blog\/wp-content\/uploads\/2016\/01\/DSC_0007-300x168.jpg 300w, https:\/\/urbincasa.es\/blog\/wp-content\/uploads\/2016\/01\/DSC_0007-1024x576.jpg 1024w, https:\/\/urbincasa.es\/blog\/wp-content\/uploads\/2016\/01\/DSC_0007-500x281.jpg 500w, https:\/\/urbincasa.es\/blog\/wp-content\/uploads\/2016\/01\/DSC_0007-900x506.jpg 900w\" sizes=\"auto, (max-width: 300px) 100vw, 300px\" \/><\/a><\/p>\n","protected":false},"excerpt":{"rendered":"<p>El a\u00f1o del Modernismo en Cartagena se inaugur\u00f3 con la presentaci\u00f3n del libro y la exposici\u00f3n Celestino Mart\u00ednez y el Gran Hotel, un proyecto del que Urbincasa es patrocinador.<\/p>\n","protected":false},"author":3,"featured_media":6787,"comment_status":"open","ping_status":"open","sticky":false,"template":"","format":"standard","meta":{"footnotes":""},"categories":[7,247],"tags":[35,84,683,307],"class_list":["post-6773","post","type-post","status-publish","format-standard","has-post-thumbnail","hentry","category-compromiso-social","category-vivir-en-cartagena","tag-cartagena","tag-libro","tag-modernismo","tag-urbincasa"],"_links":{"self":[{"href":"https:\/\/urbincasa.es\/blog\/wp-json\/wp\/v2\/posts\/6773","targetHints":{"allow":["GET"]}}],"collection":[{"href":"https:\/\/urbincasa.es\/blog\/wp-json\/wp\/v2\/posts"}],"about":[{"href":"https:\/\/urbincasa.es\/blog\/wp-json\/wp\/v2\/types\/post"}],"author":[{"embeddable":true,"href":"https:\/\/urbincasa.es\/blog\/wp-json\/wp\/v2\/users\/3"}],"replies":[{"embeddable":true,"href":"https:\/\/urbincasa.es\/blog\/wp-json\/wp\/v2\/comments?post=6773"}],"version-history":[{"count":12,"href":"https:\/\/urbincasa.es\/blog\/wp-json\/wp\/v2\/posts\/6773\/revisions"}],"predecessor-version":[{"id":6825,"href":"https:\/\/urbincasa.es\/blog\/wp-json\/wp\/v2\/posts\/6773\/revisions\/6825"}],"wp:featuredmedia":[{"embeddable":true,"href":"https:\/\/urbincasa.es\/blog\/wp-json\/wp\/v2\/media\/6787"}],"wp:attachment":[{"href":"https:\/\/urbincasa.es\/blog\/wp-json\/wp\/v2\/media?parent=6773"}],"wp:term":[{"taxonomy":"category","embeddable":true,"href":"https:\/\/urbincasa.es\/blog\/wp-json\/wp\/v2\/categories?post=6773"},{"taxonomy":"post_tag","embeddable":true,"href":"https:\/\/urbincasa.es\/blog\/wp-json\/wp\/v2\/tags?post=6773"}],"curies":[{"name":"wp","href":"https:\/\/api.w.org\/{rel}","templated":true}]}}