{"id":680,"date":"2011-07-27T14:25:47","date_gmt":"2011-07-27T12:25:47","guid":{"rendered":"https:\/\/urbincasa.es\/blog\/?p=680"},"modified":"2011-07-27T14:25:47","modified_gmt":"2011-07-27T12:25:47","slug":"residencial-zarzuela-entrega-de-ilusiones-y-de-llaves","status":"publish","type":"post","link":"https:\/\/urbincasa.es\/blog\/2011\/07\/residencial-zarzuela-entrega-de-ilusiones-y-de-llaves\/","title":{"rendered":"Residencial Zarzuela, entrega de ilusiones y de llaves :)"},"content":{"rendered":"<div id=\"bsf_rt_marker\"><\/div><p><a title=\"en la uni\u00f3n est\u00e1 la fuerza y la esperanza por ruurmo, en Flickr\" href=\"http:\/\/www.flickr.com\/photos\/rufino_uribe\/61706538\/\"><img loading=\"lazy\" decoding=\"async\" class=\"alignleft\" style=\"margin: 5px;\" src=\"http:\/\/farm1.static.flickr.com\/29\/61706538_81b3b15b03_m.jpg\" alt=\"en la uni\u00f3n est\u00e1 la fuerza y la esperanza\" width=\"240\" height=\"180\" \/><\/a><br \/>\nHace exactamente 30 meses  que se present\u00f3 el proyecto Residencial Zarzuela en un <strong>evento al que asistist\u00e9is un importante n\u00famero de interesados<\/strong>;  y 24 meses desde que se adjudicaron las obras de construcci\u00f3n del primer edificio del C<a title=\"Informaci\u00f3n Residencial Zarzuela\" href=\"http:\/\/www.urbincasa.es\/lavivienda.php?ele=35\" target=\"_blank\">onjunto Residencial Zarzuela.<\/a><\/p>\n<p>Llenos de ilusi\u00f3n hab\u00e9is \u00a0seguido paso a paso su ejecuci\u00f3n<strong>, participando activamente en cada uno de los momentos que\u00a0hemos preparados para vosotros,  incluso  antes de decidiros por una de nuestras viviendas<\/strong>.<\/p>\n<p>Desde el acto de presentaci\u00f3n de la promoci\u00f3n; pasando<a title=\"Momento Capsula del Tiempo en Residencial Zarzuela\" href=\"https:\/\/urbincasa.es\/blog\/2010\/04\/residencial-zarzuela-primera-piedra\/\" target=\"_blank\"> <strong>por el primer emotivo encuentro de todos los propietarios en el acto de puesta de la primera piedra<\/strong><\/a>, momento en el que cada uno <strong>dejast\u00e9is vuestra c\u00e1psula del tiempo<\/strong>, llena de recuerdos personales.<\/p>\n<p><img loading=\"lazy\" decoding=\"async\" class=\"alignright size-medium wp-image-682\" title=\"Pisos en Cartagena - Zarzuela Bloque 1\" src=\"https:\/\/urbincasa.es\/blog\/wp-content\/uploads\/2011\/07\/ZARZUELA-30-200x300.jpg\" alt=\"\" width=\"200\" height=\"300\" srcset=\"https:\/\/urbincasa.es\/blog\/wp-content\/uploads\/2011\/07\/ZARZUELA-30-200x300.jpg 200w, https:\/\/urbincasa.es\/blog\/wp-content\/uploads\/2011\/07\/ZARZUELA-30.jpg 648w\" sizes=\"auto, (max-width: 200px) 100vw, 200px\" \/><\/p>\n<p><strong>Lleg\u00f3 la hora de firmar  los contratos de compraventa y acto seguido la de elegir los materiales que har\u00edan \u00fanicos vuestros hogares<\/strong> , las posibles opciones de mejoras&#8230; y casi sin darnos cuenta est\u00e1bamos realizando las visitas de cortes\u00eda.<\/p>\n<p>A todo esto recibimos las licencias de primera ocupaci\u00f3n  y nos pusimos en contacto con vosotros comunicaros \u00a0que<strong> est\u00e1bamos en disposici\u00f3n de entregaros las llaves de vuestra nueva casa.<\/strong><\/p>\n<p><strong>Dicho y hecho, en menos de dos  semanas llevamos m\u00e1s del 50 % de las viviendas<\/strong><\/p>\n<p><strong> escrituradas y el 50 % restante programadas para escriturar en los pr\u00f3ximos d\u00edas.<\/strong><\/p>\n<p>Nos ha dicho un pajarito <strong>que algunos de los \u00a0que hab\u00e9is recogido las llaves lo primero que hicist\u00e9is \u00a0fue ir a ba\u00f1arse <\/strong>y disfrutar un ratito de su nueva y reci\u00e9n estrenada piscina para festejar esta nueva etapa en la vida.<\/p>\n<p><strong>Desde luego que queremos tener siempre clientes as\u00ed, nos hac\u00e9is las cosas f\u00e1ciles.<\/strong><\/p>\n<p>Hemos tenido alg\u00fan problemilla, pero que se han subsanado con \u00a0prontitud posible, <strong>somos humanos y este tipo de proyectos requiere de alg\u00fan ajuste final.<\/strong> As\u00ed que gracias por vuestra comprensi\u00f3n y esperamos que disfrut\u00e9s de vuestro nuevo hogar!<\/p>\n<p>Y a los que forman el UrbinEquipo, desde aqu\u00ed felicitaros por vuestro trabajo, serio y responsable. Muchas manos que hacen lo dif\u00edcil sea simple.<\/p>\n<p>Ahora a por la Torre 2!!!<\/p>\n<p>&nbsp;<\/p>\n","protected":false},"excerpt":{"rendered":"<p>Hace exactamente 30 meses que se present\u00f3 el proyecto Residencial Zarzuela en un evento al que asistist\u00e9is un importante n\u00famero de interesados; y 24 meses desde que se adjudicaron las obras de construcci\u00f3n del primer edificio del Conjunto Residencial Zarzuela. Llenos de ilusi\u00f3n hab\u00e9is \u00a0seguido paso a paso su ejecuci\u00f3n, participando activamente en cada uno [&hellip;]<\/p>\n","protected":false},"author":3,"featured_media":683,"comment_status":"open","ping_status":"open","sticky":false,"template":"","format":"standard","meta":{"footnotes":""},"categories":[23],"tags":[38,104,121,139],"class_list":["post-680","post","type-post","status-publish","format-standard","has-post-thumbnail","hentry","category-viviendas-cartagena","tag-clientes","tag-pisos-cartagena","tag-residencial-zarzuela","tag-vivienda-cartagena"],"_links":{"self":[{"href":"https:\/\/urbincasa.es\/blog\/wp-json\/wp\/v2\/posts\/680","targetHints":{"allow":["GET"]}}],"collection":[{"href":"https:\/\/urbincasa.es\/blog\/wp-json\/wp\/v2\/posts"}],"about":[{"href":"https:\/\/urbincasa.es\/blog\/wp-json\/wp\/v2\/types\/post"}],"author":[{"embeddable":true,"href":"https:\/\/urbincasa.es\/blog\/wp-json\/wp\/v2\/users\/3"}],"replies":[{"embeddable":true,"href":"https:\/\/urbincasa.es\/blog\/wp-json\/wp\/v2\/comments?post=680"}],"version-history":[{"count":0,"href":"https:\/\/urbincasa.es\/blog\/wp-json\/wp\/v2\/posts\/680\/revisions"}],"wp:featuredmedia":[{"embeddable":true,"href":"https:\/\/urbincasa.es\/blog\/wp-json\/wp\/v2\/media\/683"}],"wp:attachment":[{"href":"https:\/\/urbincasa.es\/blog\/wp-json\/wp\/v2\/media?parent=680"}],"wp:term":[{"taxonomy":"category","embeddable":true,"href":"https:\/\/urbincasa.es\/blog\/wp-json\/wp\/v2\/categories?post=680"},{"taxonomy":"post_tag","embeddable":true,"href":"https:\/\/urbincasa.es\/blog\/wp-json\/wp\/v2\/tags?post=680"}],"curies":[{"name":"wp","href":"https:\/\/api.w.org\/{rel}","templated":true}]}}