{"id":7127,"date":"2016-04-15T09:04:39","date_gmt":"2016-04-15T07:04:39","guid":{"rendered":"https:\/\/urbincasa.es\/blog\/?p=7127"},"modified":"2016-04-13T08:49:36","modified_gmt":"2016-04-13T06:49:36","slug":"continua-recuperacion-compraventa-de-viviendas-febrero-2016","status":"publish","type":"post","link":"https:\/\/urbincasa.es\/blog\/2016\/04\/continua-recuperacion-compraventa-de-viviendas-febrero-2016\/","title":{"rendered":"Contin\u00faa la recuperaci\u00f3n de la compraventa de viviendas &#8211; Febrero 2016"},"content":{"rendered":"<div id=\"bsf_rt_marker\"><\/div><p>El a\u00f1o 2015 termin\u00f3 acumulando diecis\u00e9is meses de continua mejor\u00eda en los <strong>datos de compraventa de viviendas<\/strong> en nuestro pa\u00eds sin embargo, en el primer de 2016 esta tendencia se fren\u00f3 en seco con un retroceso de casi el 3% que se ha quedado en la excepci\u00f3n que confirma la regla cuando han llegado los meses de febrero.<\/p>\n<p><!--more--><\/p>\n<p>Con respecto siempre a los datos del a\u00f1o anterior, el mes de febrero ha supuesto un 15,8% m\u00e1s de compraventas de viviendas, el dato m\u00e1s alto en los \u00faltimos tres a\u00f1os seg\u00fan el\u00a0<a href=\"http:\/\/www.ine.es\/daco\/daco42\/etdp\/etdp0216.pdf\" target=\"_blank\">Instituto Nacional de Estad\u00edstica (INE)<\/a> y la \u00fanica positiva en cinco a\u00f1os en este intervalo enero-febrero.<\/p>\n<p><img loading=\"lazy\" decoding=\"async\" class=\"aligncenter size-medium wp-image-7134\" src=\"https:\/\/urbincasa.es\/blog\/wp-content\/uploads\/2016\/04\/compraventa-febrero-2016-300x155.png\" alt=\"compraventa febrero 2016\" width=\"300\" height=\"155\" srcset=\"https:\/\/urbincasa.es\/blog\/wp-content\/uploads\/2016\/04\/compraventa-febrero-2016-300x155.png 300w, https:\/\/urbincasa.es\/blog\/wp-content\/uploads\/2016\/04\/compraventa-febrero-2016-500x258.png 500w, https:\/\/urbincasa.es\/blog\/wp-content\/uploads\/2016\/04\/compraventa-febrero-2016.png 594w\" sizes=\"auto, (max-width: 300px) 100vw, 300px\" \/><\/p>\n<p>Tambi\u00e9n ha continuado la tendencia de ventas en la que las grandes protagonistas son las viviendas de segunda mano que en el caso de la Regi\u00f3n de Murcia son tres de cada cuatro viviendas vendidas. <strong>Hay que destacar que seg\u00fan el INE, son tambi\u00e9n viviendas de segunda mano todas aquellas viviendas nuevas con m\u00e1s de dos a\u00f1os de antig\u00fcedad aunque no se hayan estrenado.\u00a0<\/strong><\/p>\n<p>La compra y venta de casas protegidas sigue siendo muy escasa, aunque va recobrando el aliento. El 89,2% de las viviendas transmitidas por compraventa en febrero han sido libres (con 31.007 unidades ) y el 10,8% ten\u00edan alg\u00fan tipo de protecci\u00f3n (3.764 transacciones). En t\u00e9rminos anuales, el n\u00famero de viviendas libres compradas aumenta un 16,0% y el de protegidas un 14,3%.<\/p>\n<p><strong><img loading=\"lazy\" decoding=\"async\" class=\"size-medium wp-image-7133 alignleft\" src=\"https:\/\/urbincasa.es\/blog\/wp-content\/uploads\/2016\/04\/compraventa-de-viviendas-febrero-2016-289x300.png\" alt=\"compraventa de viviendas febrero 2016\" width=\"289\" height=\"300\" srcset=\"https:\/\/urbincasa.es\/blog\/wp-content\/uploads\/2016\/04\/compraventa-de-viviendas-febrero-2016-289x300.png 289w, https:\/\/urbincasa.es\/blog\/wp-content\/uploads\/2016\/04\/compraventa-de-viviendas-febrero-2016.png 520w\" sizes=\"auto, (max-width: 289px) 100vw, 289px\" \/>En\u00a0pr\u00e1cticamente\u00a0todas las autonom\u00edas crece la\u00a0compra de casas<\/strong>\u00a0con el Pa\u00eds Vasco a la cabeza mientras<strong>,<\/strong>\u00a0solo en La Rioja y Castilla y Le\u00f3n se registran retrocesos.<\/p>\n<p>En el caso de la <strong>Regi\u00f3n de Murcia<\/strong> el aumento de las ventas fue del 31% m\u00e1s que el a\u00f1o pasado seg\u00fan el INE.<\/p>\n<p>Un dato relevante para poder valorar estos datos y la situaci\u00f3n actual con realismo lo pon\u00eda de manifiesto\u00a0Fernando Encinar, jefe de estudios de idealista, es que\u00a0al tratarse de los datos recogidos por los registradores\u00a0\u00ab<em>tienen un decalaje aproximado de entre dos y tres meses, lo que sit\u00faa el periodo de compra justo antes de las elecciones\u00bb<\/em>\u00a0por lo que habr\u00e1 que esperar a los siguientes datos para poder evaluar si la falta de gobierno ha afectado a la situaci\u00f3n que tanta carrerilla hab\u00eda tomado. \u00a0<em>\u00a0<\/em><\/p>\n","protected":false},"excerpt":{"rendered":"<p>El a\u00f1o 2015 termin\u00f3 acumulando diecis\u00e9is meses de continua mejor\u00eda en los datos de compraventa de viviendas en nuestro pa\u00eds sin embargo, en el primer de 2016 esta tendencia se fren\u00f3 en seco con un retroceso de casi el 3% que se ha quedado en la excepci\u00f3n que confirma la regla cuando han llegado los [&hellip;]<\/p>\n","protected":false},"author":3,"featured_media":7134,"comment_status":"open","ping_status":"open","sticky":false,"template":"","format":"standard","meta":{"footnotes":""},"categories":[11,281],"tags":[443,462,485,94,242],"class_list":["post-7127","post","type-post","status-publish","format-standard","has-post-thumbnail","hentry","category-informacion","category-urbincasashop","tag-compraventa","tag-espana","tag-inmobiliario","tag-murcia","tag-viviendas"],"_links":{"self":[{"href":"https:\/\/urbincasa.es\/blog\/wp-json\/wp\/v2\/posts\/7127","targetHints":{"allow":["GET"]}}],"collection":[{"href":"https:\/\/urbincasa.es\/blog\/wp-json\/wp\/v2\/posts"}],"about":[{"href":"https:\/\/urbincasa.es\/blog\/wp-json\/wp\/v2\/types\/post"}],"author":[{"embeddable":true,"href":"https:\/\/urbincasa.es\/blog\/wp-json\/wp\/v2\/users\/3"}],"replies":[{"embeddable":true,"href":"https:\/\/urbincasa.es\/blog\/wp-json\/wp\/v2\/comments?post=7127"}],"version-history":[{"count":9,"href":"https:\/\/urbincasa.es\/blog\/wp-json\/wp\/v2\/posts\/7127\/revisions"}],"predecessor-version":[{"id":7138,"href":"https:\/\/urbincasa.es\/blog\/wp-json\/wp\/v2\/posts\/7127\/revisions\/7138"}],"wp:featuredmedia":[{"embeddable":true,"href":"https:\/\/urbincasa.es\/blog\/wp-json\/wp\/v2\/media\/7134"}],"wp:attachment":[{"href":"https:\/\/urbincasa.es\/blog\/wp-json\/wp\/v2\/media?parent=7127"}],"wp:term":[{"taxonomy":"category","embeddable":true,"href":"https:\/\/urbincasa.es\/blog\/wp-json\/wp\/v2\/categories?post=7127"},{"taxonomy":"post_tag","embeddable":true,"href":"https:\/\/urbincasa.es\/blog\/wp-json\/wp\/v2\/tags?post=7127"}],"curies":[{"name":"wp","href":"https:\/\/api.w.org\/{rel}","templated":true}]}}