{"id":7218,"date":"2016-05-09T18:15:10","date_gmt":"2016-05-09T16:15:10","guid":{"rendered":"https:\/\/urbincasa.es\/blog\/?p=7218"},"modified":"2016-05-09T18:20:50","modified_gmt":"2016-05-09T16:20:50","slug":"salon-inmobiliario-de-madrid-2016-el-ano-de-los-nuevos-proyectos","status":"publish","type":"post","link":"https:\/\/urbincasa.es\/blog\/2016\/05\/salon-inmobiliario-de-madrid-2016-el-ano-de-los-nuevos-proyectos\/","title":{"rendered":"Sal\u00f3n inmobiliario de Madrid 2016, el a\u00f1o de los nuevos proyectos"},"content":{"rendered":"<div id=\"bsf_rt_marker\"><\/div><p>Como sabr\u00e9is los que normalmente nos segu\u00eds la pista, al menos una vez al a\u00f1o hacemos las maletas, llenamos los maleteros y <strong>nos vamos a Madrid<\/strong> a pasar un fin de semana mostrando a los vecinos del centro de Espa\u00f1a como de bien vivimos en la costa levantina y sobre todo, en una casa de <a href=\"http:\/\/www.urbincasa.es\" target=\"_blank\">Urbincasa<\/a>.<!--more--><\/p>\n<p>En esta ocasi\u00f3n, fuimos uno de los m\u00e1s de doscientos participantes de la d\u00e9cimo octava edici\u00f3n del <strong>Sal\u00f3n inmobiliario de Madrid -SIMA<\/strong>&#8211; que como siempre se celebra en IFEMA.<\/p>\n<p>En la edici\u00f3n de \u00a0ya os contamos que ya se notaba el cambio de ciclo en el mercado inmobiliario. Muchos de los que asistimos a esa edici\u00f3n m\u00e1s peque\u00f1a de la feria, llev\u00e1bamos <strong>nuevos proyectos sobre plano<\/strong> y se dejaba ver como la oferta empezaba a alejarse de las tendencias establecidas por los a\u00f1os de la crisis.<\/p>\n<p>Este mes de mayo de 2016, los cambios ya no son impresiones o matices que notamos los profesionales que asistimos, el panorama ha cambiado. Por primera vez desde 2007, las viviendas sobre plano ofertadas en SIMA eran mayor\u00eda frente a las viviendas acabadas. Los descuentos y liquidaciones han dejado paso a las nuevos proyectos que destacan<strong> la ubicaci\u00f3n, el dise\u00f1o o las calidades a precios de mercado<\/strong>, s\u00ed, pero sin rebajas ni descuentos.<\/p>\n<p>Otra de las cosas que ha cambiado en la edici\u00f3n de 2016 es que m\u00e1s de la mitad de la oferta son viviendas de fuera de Madrid, algo impensable durante la crisis\u00a0cuando inundaban el pabell\u00f3n el stock, la VPO de la Comunidad de Madrid y las ofertas de los bancos para la zona. Ahora, los promotores privados \u00e9ramos mayor\u00eda en el sal\u00f3n con nuestro proyectos en distintos puntos del pa\u00eds. En nuestro caso, form\u00e1bamos parte del 32% de las <strong>viviendas vacacionales<\/strong> ofertadas con nuestros <a href=\"https:\/\/urbincasa.es\/inmobiliaria\/es\/promociones\/3\/cabo-de-palos\/las-drizas\/11\/?fuente=a0eD000000EygRlIAJ\" target=\"_blank\">pisos en Cabo de Palos<\/a> y <a href=\"https:\/\/urbincasa.es\/inmobiliaria\/es\/promociones\/3\/playa-san-juan-alicante\/seacolors\/15\/?fuente=a0eD000000EygRlIAJ\" target=\"_blank\">Playa de San Juan<\/a>.<\/p>\n<p>Entre las zonas\u00a0de costa, en este sal\u00f3n inmobiliario de Madrid, han tenido m\u00e1s protagonismo la costa de M\u00e1laga y <strong>levante con especial menci\u00f3n a Alicante,<\/strong>\u00a0ejemplo en los \u00faltimos meses de c\u00f3mo la construcci\u00f3n vuelve a estar en marcha a todo gas.<strong>\u00a0<\/strong><\/p>\n<h2>Nuestro stand en SIMA<\/h2>\n<div class=\"fb-video\" data-href=\"https:\/\/www.facebook.com\/facebook\/videos\/10153231379946729\/\" data-width=\"300\" data-show-text=\"false\">En esta ocasi\u00f3n quisimos que los colores de los atardeceres en el mar mediterr\u00e1neo fueran los absolutos protagonistas de nuestro espacio en la feria. De esta manera, conseguimos ser el espacio m\u00e1s colorido y no pasamos desapercibidos.<\/div>\n<div class=\"fb-video\" data-href=\"https:\/\/www.facebook.com\/facebook\/videos\/10153231379946729\/\" data-width=\"300\" data-show-text=\"false\"><\/div>\n<div class=\"fb-video\" data-href=\"https:\/\/www.facebook.com\/facebook\/videos\/10153231379946729\/\" data-width=\"300\" data-show-text=\"false\">Los naranjas, amarillos y azules destacaron y llamaron la atenci\u00f3n de centenares de visitantes que estuvieron interes\u00e1ndose en las opciones que ten\u00edamos cerca del mar.<\/div>\n<p><iframe loading=\"lazy\" style=\"border: none; overflow: hidden;\" src=\"https:\/\/www.facebook.com\/plugins\/video.php?href=https%3A%2F%2Fwww.facebook.com%2Furbincasa%2Fvideos%2F1322215787794938%2F&amp;show_text=0&amp;width=560\" width=\"560\" height=\"315\" frameborder=\"0\" scrolling=\"no\" allowfullscreen=\"allowfullscreen\"><\/iframe><\/p>\n<div class=\"fb-video\" data-href=\"https:\/\/www.facebook.com\/facebook\/videos\/10153231379946729\/\" data-width=\"300\" data-show-text=\"false\"><\/div>\n<p>Adem\u00e1s, los que quisieron pudieron participar en nuestro juego que invitaba a encontrar la llave que abr\u00eda la <strong>puerta al Mediterr\u00e1neo<\/strong>\u00a0y llevarse un regalito para disfrutar este verano.<\/p>\n<p><a title=\"SIMA 2016 - Sal\u00f3n Inmobiliario de Madrid\" href=\"https:\/\/www.flickr.com\/photos\/urbincasa\/albums\/72157667939084916\" data-flickr-embed=\"true\" data-header=\"true\" data-footer=\"true\"><img loading=\"lazy\" decoding=\"async\" src=\"https:\/\/farm8.staticflickr.com\/7732\/26753164112_2e8afde454.jpg\" alt=\"SIMA 2016 - Sal\u00f3n Inmobiliario de Madrid\" width=\"500\" height=\"375\" \/><\/a><\/p>\n<p>En esta ocasi\u00f3n fueron nuestro compa\u00f1eros del Urbinequipo <a href=\"https:\/\/urbincasa.es\/blog\/2015\/03\/urbinequipo-comercial-urbincasa-jose-vicente-lledo\/\" target=\"_blank\">Jos\u00e9 Vicente<\/a> y Jos\u00e9 Javier los encargados de atender a los visitantes y hablarles de <strong>Las Drizas<\/strong> y de<strong> SeaColors<\/strong> y por supuesto de las zonas en donde est\u00e1n y que ellos conocen perfectamente: <a href=\"https:\/\/urbincasa.es\/blog\/2014\/11\/cartagena-cabo-de-palos\/\" target=\"_blank\">Cabo de Palos<\/a>\u00a0(Regi\u00f3n de Murcia) y <a href=\"https:\/\/urbincasa.es\/blog\/2012\/08\/playa-de-san-juan-alternativas-al-turismo-de-sol-y-playa\/\" target=\"_blank\">Playa de San Juan<\/a>\u00a0(Alicante).<\/p>\n<p><script src=\"\/\/embedr.flickr.com\/assets\/client-code.js\" async=\"\" charset=\"utf-8\"><\/script><\/p>\n","protected":false},"excerpt":{"rendered":"<p>Como sabr\u00e9is los que normalmente nos segu\u00eds la pista, al menos una vez al a\u00f1o hacemos las maletas, llenamos los maleteros y nos vamos a Madrid a pasar un fin de semana mostrando a los vecinos del centro de Espa\u00f1a como de bien vivimos en la costa levantina y sobre todo, en una casa de [&hellip;]<\/p>\n","protected":false},"author":3,"featured_media":7229,"comment_status":"open","ping_status":"open","sticky":false,"template":"","format":"standard","meta":{"footnotes":""},"categories":[9,22,182],"tags":[622,741,511],"class_list":["post-7218","post","type-post","status-publish","format-standard","has-post-thumbnail","hentry","category-eventos","category-viviendas-alicante","category-viviendas-cabo-de-palos","tag-ifema","tag-salon-inmobiliario-de-madrid","tag-sima"],"_links":{"self":[{"href":"https:\/\/urbincasa.es\/blog\/wp-json\/wp\/v2\/posts\/7218","targetHints":{"allow":["GET"]}}],"collection":[{"href":"https:\/\/urbincasa.es\/blog\/wp-json\/wp\/v2\/posts"}],"about":[{"href":"https:\/\/urbincasa.es\/blog\/wp-json\/wp\/v2\/types\/post"}],"author":[{"embeddable":true,"href":"https:\/\/urbincasa.es\/blog\/wp-json\/wp\/v2\/users\/3"}],"replies":[{"embeddable":true,"href":"https:\/\/urbincasa.es\/blog\/wp-json\/wp\/v2\/comments?post=7218"}],"version-history":[{"count":9,"href":"https:\/\/urbincasa.es\/blog\/wp-json\/wp\/v2\/posts\/7218\/revisions"}],"predecessor-version":[{"id":7239,"href":"https:\/\/urbincasa.es\/blog\/wp-json\/wp\/v2\/posts\/7218\/revisions\/7239"}],"wp:featuredmedia":[{"embeddable":true,"href":"https:\/\/urbincasa.es\/blog\/wp-json\/wp\/v2\/media\/7229"}],"wp:attachment":[{"href":"https:\/\/urbincasa.es\/blog\/wp-json\/wp\/v2\/media?parent=7218"}],"wp:term":[{"taxonomy":"category","embeddable":true,"href":"https:\/\/urbincasa.es\/blog\/wp-json\/wp\/v2\/categories?post=7218"},{"taxonomy":"post_tag","embeddable":true,"href":"https:\/\/urbincasa.es\/blog\/wp-json\/wp\/v2\/tags?post=7218"}],"curies":[{"name":"wp","href":"https:\/\/api.w.org\/{rel}","templated":true}]}}