{"id":723,"date":"2011-09-06T09:25:45","date_gmt":"2011-09-06T07:25:45","guid":{"rendered":"https:\/\/urbincasa.es\/blog\/?p=723"},"modified":"2013-04-17T13:08:32","modified_gmt":"2013-04-17T11:08:32","slug":"se-busca-comercial-en-zona-de-alicante-%c2%bfquieres-ser-del-urbinequipo","status":"publish","type":"post","link":"https:\/\/urbincasa.es\/blog\/2011\/09\/se-busca-comercial-en-zona-de-alicante-%c2%bfquieres-ser-del-urbinequipo\/","title":{"rendered":"Se Busca: Comercial en Zona de Alicante. \u00bfQuieres ser del Urbinequipo?"},"content":{"rendered":"<div id=\"bsf_rt_marker\"><\/div><p><a href=\"https:\/\/urbincasa.es\/blog\/wp-content\/uploads\/2011\/04\/urbincasaseleccion.jpg\" target=\"_blank\"><img loading=\"lazy\" decoding=\"async\" class=\"alignleft size-medium wp-image-538\" style=\"margin: 5px;\" title=\"urbincasaseleccion\" src=\"https:\/\/urbincasa.es\/blog\/wp-content\/uploads\/2011\/04\/urbincasaseleccion-300x225.jpg\" alt=\"Pruebas de seleccion de empleo\" width=\"300\" height=\"225\" srcset=\"https:\/\/urbincasa.es\/blog\/wp-content\/uploads\/2011\/04\/urbincasaseleccion-300x225.jpg 300w, https:\/\/urbincasa.es\/blog\/wp-content\/uploads\/2011\/04\/urbincasaseleccion-1024x768.jpg 1024w, https:\/\/urbincasa.es\/blog\/wp-content\/uploads\/2011\/04\/urbincasaseleccion-400x300.jpg 400w, https:\/\/urbincasa.es\/blog\/wp-content\/uploads\/2011\/04\/urbincasaseleccion.jpg 1600w\" sizes=\"auto, (max-width: 300px) 100vw, 300px\" \/><\/a>Ha empezado un nuevo curso para nosotros para vosotros. Estamos en plena ebullici\u00f3n de proyectos, <a title=\"Duplex con s\u00f3tano en Cartagena\" href=\"http:\/\/www.urbincasa.es\/lavivienda.php?ele=36\" target=\"_blank\">la nueva construcci\u00f3n de duplex en Cartagena<\/a>, la pr\u00f3xima puesta en marcha de <strong>pisos en Alicante<\/strong>, una nueva web&#8230; <strong>y mientras tanto la vida nos da noticias de las buenas.<\/strong><\/p>\n<p>En estos d\u00edas, nos alegra escribir este tipo de art\u00edculo. Proximamente <a title=\"Vickie P\u00e9rez. Simpat\u00eda con duende en Playa de San Ju\u00e1n\" href=\"https:\/\/urbincasa.es\/blog\/2011\/05\/vickie-perez-simpatia-con-duende-en-playa-de-san-juan\/\" target=\"_blank\">Vickie va a ser mama!! <\/a>y claro tiene que descansar, cuidarse, darse mimos y darle mimos a su nuevo inquilino \ud83d\ude42<\/p>\n<p>Por eso estamos \u00a0buscando un comercial para nuestras viviendas en la zona de alicante. <strong>\u00bfQuieres formar parte del Urbinequipo? <\/strong><\/p>\n<p>Hemos empezado la selecci\u00f3n y queremos que puedas participar. Los requisitos son sencillos.<\/p>\n<ul>\n<li><strong>Tener experiencia como comercial,<\/strong> no necesariamente del sector inmobiliario. Si crees que lo tuyo es vender no lo dudes.<\/li>\n<li><strong>Querer formar parte de un equipo activo<\/strong>: Eso es lo que implica pertenecer al Urbinequipo, ser proactivo, creativo, querer a la gente!!. Olvidaros del comercial al uso. Sois comerciales 3.0!!<\/li>\n<li><strong>Saber ingles:<\/strong> Si, es indispensable y necesario ya que para comunicarse \u00a0con muchos de nuestros clientes.<\/li>\n<\/ul>\n<p>As\u00ed que ya sabes si estas interesado tienes m\u00faltiples canales para ponerte en contacto con nosotros:<\/p>\n<ul>\n<li><a href=\"http:\/\/twitter.com\/urbincasa\" target=\"_blank\">Twitter<\/a><\/li>\n<li><a href=\"http:\/\/www.facebook.com\/urbincasa\" target=\"_blank\">Facebook<\/a><\/li>\n<li><a title=\"Web corporativa\" href=\"http:\/\/www.urbincasa.es\" target=\"_blank\">Nuestra web<\/a><\/li>\n<li>O bien deja un comentario en el blog.<\/li>\n<\/ul>\n<p>Esperamos conocerte!!<\/p>\n<p>&nbsp;<\/p>\n","protected":false},"excerpt":{"rendered":"<p>Ha empezado un nuevo curso para nosotros para vosotros. Estamos en plena ebullici\u00f3n de proyectos, la nueva construcci\u00f3n de duplex en Cartagena, la pr\u00f3xima puesta en marcha de pisos en Alicante, una nueva web&#8230; y mientras tanto la vida nos da noticias de las buenas. En estos d\u00edas, nos alegra escribir este tipo de art\u00edculo. [&hellip;]<\/p>\n","protected":false},"author":3,"featured_media":538,"comment_status":"open","ping_status":"open","sticky":false,"template":"","format":"standard","meta":{"footnotes":""},"categories":[11,17],"tags":[25,58,96],"class_list":["post-723","post","type-post","status-publish","format-standard","has-post-thumbnail","hentry","category-informacion","category-ofertas","tag-alicante","tag-empleo","tag-oferta-trabajo"],"_links":{"self":[{"href":"https:\/\/urbincasa.es\/blog\/wp-json\/wp\/v2\/posts\/723","targetHints":{"allow":["GET"]}}],"collection":[{"href":"https:\/\/urbincasa.es\/blog\/wp-json\/wp\/v2\/posts"}],"about":[{"href":"https:\/\/urbincasa.es\/blog\/wp-json\/wp\/v2\/types\/post"}],"author":[{"embeddable":true,"href":"https:\/\/urbincasa.es\/blog\/wp-json\/wp\/v2\/users\/3"}],"replies":[{"embeddable":true,"href":"https:\/\/urbincasa.es\/blog\/wp-json\/wp\/v2\/comments?post=723"}],"version-history":[{"count":2,"href":"https:\/\/urbincasa.es\/blog\/wp-json\/wp\/v2\/posts\/723\/revisions"}],"predecessor-version":[{"id":1565,"href":"https:\/\/urbincasa.es\/blog\/wp-json\/wp\/v2\/posts\/723\/revisions\/1565"}],"wp:featuredmedia":[{"embeddable":true,"href":"https:\/\/urbincasa.es\/blog\/wp-json\/wp\/v2\/media\/538"}],"wp:attachment":[{"href":"https:\/\/urbincasa.es\/blog\/wp-json\/wp\/v2\/media?parent=723"}],"wp:term":[{"taxonomy":"category","embeddable":true,"href":"https:\/\/urbincasa.es\/blog\/wp-json\/wp\/v2\/categories?post=723"},{"taxonomy":"post_tag","embeddable":true,"href":"https:\/\/urbincasa.es\/blog\/wp-json\/wp\/v2\/tags?post=723"}],"curies":[{"name":"wp","href":"https:\/\/api.w.org\/{rel}","templated":true}]}}