{"id":7444,"date":"2017-04-27T15:50:08","date_gmt":"2017-04-27T13:50:08","guid":{"rendered":"https:\/\/urbincasa.es\/blog\/?p=7444"},"modified":"2017-04-27T16:07:51","modified_gmt":"2017-04-27T14:07:51","slug":"piso-cuatro-dormitorios-en-venta-en-la-vaguada-cartagena","status":"publish","type":"post","link":"https:\/\/urbincasa.es\/blog\/2017\/04\/piso-cuatro-dormitorios-en-venta-en-la-vaguada-cartagena\/","title":{"rendered":"\u00a1No te lo vas a creer! Piso amueblado de 4 dormitorios en venta en La Vaguada \u2013 Cartagena"},"content":{"rendered":"<div id=\"bsf_rt_marker\"><\/div><p style=\"text-align: left;\">Hoy queremos presentar un maravilloso piso que est\u00e1 en venta<strong>\u00a0en La Vaguada &#8211; Cartagena.\u00a0<\/strong>Y s\u00ed, decimos maravilloso porque tiene unas caracter\u00edsticas para enamorarse.<\/p>\n<p><!--more--><\/p>\n<p><strong>\u00bfPor qu\u00e9 destacamos este piso\u00a0en La Vaguada &#8211; Cartagena?<\/strong><\/p>\n<p>El primero de los aspectos que m\u00e1s nos gustan es que es <strong>muy amplio<\/strong>, cuenta con <strong>135 m<\/strong> lo que se traduce en <strong>4 dormitorios, 2 ba\u00f1os, terraza, sal\u00f3n y cocina.<\/strong><\/p>\n<div id='gallery-1' class='gallery galleryid-7444 gallery-columns-4 gallery-size-medium'><figure class='gallery-item'>\n\t\t\t<div class='gallery-icon portrait'>\n\t\t\t\t<a href='https:\/\/urbincasa.es\/blog\/2017\/04\/piso-cuatro-dormitorios-en-venta-en-la-vaguada-cartagena\/1-2\/'><img loading=\"lazy\" decoding=\"async\" width=\"225\" height=\"300\" src=\"https:\/\/urbincasa.es\/blog\/wp-content\/uploads\/2017\/04\/1-225x300.jpg\" class=\"attachment-medium size-medium\" alt=\"Habitaci\u00f3n en La Vaguada 1\" srcset=\"https:\/\/urbincasa.es\/blog\/wp-content\/uploads\/2017\/04\/1-225x300.jpg 225w, https:\/\/urbincasa.es\/blog\/wp-content\/uploads\/2017\/04\/1.jpg 384w\" sizes=\"auto, (max-width: 225px) 100vw, 225px\" \/><\/a>\n\t\t\t<\/div><\/figure><figure class='gallery-item'>\n\t\t\t<div class='gallery-icon portrait'>\n\t\t\t\t<a href='https:\/\/urbincasa.es\/blog\/2017\/04\/piso-cuatro-dormitorios-en-venta-en-la-vaguada-cartagena\/2-2\/'><img loading=\"lazy\" decoding=\"async\" width=\"225\" height=\"300\" src=\"https:\/\/urbincasa.es\/blog\/wp-content\/uploads\/2017\/04\/2-225x300.jpg\" class=\"attachment-medium size-medium\" alt=\"Habitaci\u00f3n en La Vaguada 2\" srcset=\"https:\/\/urbincasa.es\/blog\/wp-content\/uploads\/2017\/04\/2-225x300.jpg 225w, https:\/\/urbincasa.es\/blog\/wp-content\/uploads\/2017\/04\/2.jpg 384w\" sizes=\"auto, (max-width: 225px) 100vw, 225px\" \/><\/a>\n\t\t\t<\/div><\/figure><figure class='gallery-item'>\n\t\t\t<div class='gallery-icon portrait'>\n\t\t\t\t<a href='https:\/\/urbincasa.es\/blog\/2017\/04\/piso-cuatro-dormitorios-en-venta-en-la-vaguada-cartagena\/attachment\/3\/'><img loading=\"lazy\" decoding=\"async\" width=\"225\" height=\"300\" src=\"https:\/\/urbincasa.es\/blog\/wp-content\/uploads\/2017\/04\/3-225x300.jpg\" class=\"attachment-medium size-medium\" alt=\"Habitaci\u00f3n en La Vaguada 3\" srcset=\"https:\/\/urbincasa.es\/blog\/wp-content\/uploads\/2017\/04\/3-225x300.jpg 225w, https:\/\/urbincasa.es\/blog\/wp-content\/uploads\/2017\/04\/3.jpg 384w\" sizes=\"auto, (max-width: 225px) 100vw, 225px\" \/><\/a>\n\t\t\t<\/div><\/figure><figure class='gallery-item'>\n\t\t\t<div class='gallery-icon portrait'>\n\t\t\t\t<a href='https:\/\/urbincasa.es\/blog\/2017\/04\/piso-cuatro-dormitorios-en-venta-en-la-vaguada-cartagena\/4-2\/'><img loading=\"lazy\" decoding=\"async\" width=\"225\" height=\"300\" src=\"https:\/\/urbincasa.es\/blog\/wp-content\/uploads\/2017\/04\/4-225x300.jpg\" class=\"attachment-medium size-medium\" alt=\"Habitaci\u00f3n en La Vaguada 4\" srcset=\"https:\/\/urbincasa.es\/blog\/wp-content\/uploads\/2017\/04\/4-225x300.jpg 225w, https:\/\/urbincasa.es\/blog\/wp-content\/uploads\/2017\/04\/4.jpg 384w\" sizes=\"auto, (max-width: 225px) 100vw, 225px\" \/><\/a>\n\t\t\t<\/div><\/figure>\n\t\t<\/div>\n\n<p><a href=\"http:\/\/urbincasashop.com\/inmobiliaria\/es\/viviendas\/4\/cartagena-y-playas\/excelente-piso-en-la-vaguada\/3716-004512\/?fuente=a0eD000000EyAelIAF\" target=\"_blank\"><img loading=\"lazy\" decoding=\"async\" class=\"aligncenter wp-image-5656\" title=\"Piso en Cartagena - La Vaguada\" src=\"https:\/\/urbincasa.es\/blog\/wp-content\/uploads\/2015\/10\/infovivienda-300x150.png\" sizes=\"auto, (max-width: 180px) 100vw, 180px\" srcset=\"https:\/\/urbincasa.es\/blog\/wp-content\/uploads\/2015\/10\/infovivienda-300x150.png 300w, https:\/\/urbincasa.es\/blog\/wp-content\/uploads\/2015\/10\/infovivienda.png 400w\" alt=\"Informaci\u00f3n vivienda en La Vaguada, Cartagena, Urbincasa\" width=\"180\" height=\"90\" \/><\/a><\/p>\n<p>Por otro lado, es <strong>muy luminoso<\/strong>\u00a0(\u00a1 \u00c9chale un vistazo a las fotos del sal\u00f3n y la terraza!) lo que hace del piso un lugar agradable y adem\u00e1s\u00a0se puede disfrutar\u00a0de la terraza, tomando el Sol, leyendo, cenando, &#8230; disfrutando de nuestro buen tiempo.<\/p>\n<div id='gallery-2' class='gallery galleryid-7444 gallery-columns-3 gallery-size-medium'><figure class='gallery-item'>\n\t\t\t<div class='gallery-icon landscape'>\n\t\t\t\t<a href='https:\/\/urbincasa.es\/blog\/2017\/04\/piso-cuatro-dormitorios-en-venta-en-la-vaguada-cartagena\/1-3\/'><img loading=\"lazy\" decoding=\"async\" width=\"300\" height=\"225\" src=\"https:\/\/urbincasa.es\/blog\/wp-content\/uploads\/2017\/04\/1-1-300x225.jpg\" class=\"attachment-medium size-medium\" alt=\"Sal\u00f3n piso la Vaguada Cartagena\" srcset=\"https:\/\/urbincasa.es\/blog\/wp-content\/uploads\/2017\/04\/1-1-300x225.jpg 300w, https:\/\/urbincasa.es\/blog\/wp-content\/uploads\/2017\/04\/1-1-400x300.jpg 400w, https:\/\/urbincasa.es\/blog\/wp-content\/uploads\/2017\/04\/1-1.jpg 512w\" sizes=\"auto, (max-width: 300px) 100vw, 300px\" \/><\/a>\n\t\t\t<\/div><\/figure><figure class='gallery-item'>\n\t\t\t<div class='gallery-icon landscape'>\n\t\t\t\t<a href='https:\/\/urbincasa.es\/blog\/2017\/04\/piso-cuatro-dormitorios-en-venta-en-la-vaguada-cartagena\/2-3\/'><img loading=\"lazy\" decoding=\"async\" width=\"300\" height=\"225\" src=\"https:\/\/urbincasa.es\/blog\/wp-content\/uploads\/2017\/04\/2-1-300x225.jpg\" class=\"attachment-medium size-medium\" alt=\"Sal\u00f3n piso la Vaguada Cartagena\" srcset=\"https:\/\/urbincasa.es\/blog\/wp-content\/uploads\/2017\/04\/2-1-300x225.jpg 300w, https:\/\/urbincasa.es\/blog\/wp-content\/uploads\/2017\/04\/2-1-400x300.jpg 400w, https:\/\/urbincasa.es\/blog\/wp-content\/uploads\/2017\/04\/2-1.jpg 512w\" sizes=\"auto, (max-width: 300px) 100vw, 300px\" \/><\/a>\n\t\t\t<\/div><\/figure><figure class='gallery-item'>\n\t\t\t<div class='gallery-icon landscape'>\n\t\t\t\t<a href='https:\/\/urbincasa.es\/blog\/2017\/04\/piso-cuatro-dormitorios-en-venta-en-la-vaguada-cartagena\/3-2\/'><img loading=\"lazy\" decoding=\"async\" width=\"300\" height=\"225\" src=\"https:\/\/urbincasa.es\/blog\/wp-content\/uploads\/2017\/04\/3-1-300x225.jpg\" class=\"attachment-medium size-medium\" alt=\"Sal\u00f3n piso la Vaguada Cartagena\" srcset=\"https:\/\/urbincasa.es\/blog\/wp-content\/uploads\/2017\/04\/3-1-300x225.jpg 300w, https:\/\/urbincasa.es\/blog\/wp-content\/uploads\/2017\/04\/3-1-400x300.jpg 400w, https:\/\/urbincasa.es\/blog\/wp-content\/uploads\/2017\/04\/3-1.jpg 512w\" sizes=\"auto, (max-width: 300px) 100vw, 300px\" \/><\/a>\n\t\t\t<\/div><\/figure>\n\t\t<\/div>\n\n<p>Finalmente, este es un piso<strong> \u00abpara entrar a vivir\u00bb<\/strong> ya que cuenta con <strong>cocina equipada, se entrega completamente amueblado, cuenta con altas calidades y tiene\u00a0plaza de garaje<\/strong>. Y hablando de vivir, para el d\u00eda a d\u00eda, el piso se encuentra junto a multitud de comercios, farmacia, un colegio, etc.<\/p>\n<div id='gallery-3' class='gallery galleryid-7444 gallery-columns-3 gallery-size-medium'><figure class='gallery-item'>\n\t\t\t<div class='gallery-icon portrait'>\n\t\t\t\t<a href='https:\/\/urbincasa.es\/blog\/2017\/04\/piso-cuatro-dormitorios-en-venta-en-la-vaguada-cartagena\/1-4\/'><img loading=\"lazy\" decoding=\"async\" width=\"225\" height=\"300\" src=\"https:\/\/urbincasa.es\/blog\/wp-content\/uploads\/2017\/04\/1-2-225x300.jpg\" class=\"attachment-medium size-medium\" alt=\"Ba\u00f1o piso La Vaguada Cartagena\" srcset=\"https:\/\/urbincasa.es\/blog\/wp-content\/uploads\/2017\/04\/1-2-225x300.jpg 225w, https:\/\/urbincasa.es\/blog\/wp-content\/uploads\/2017\/04\/1-2.jpg 384w\" sizes=\"auto, (max-width: 225px) 100vw, 225px\" \/><\/a>\n\t\t\t<\/div><\/figure><figure class='gallery-item'>\n\t\t\t<div class='gallery-icon portrait'>\n\t\t\t\t<a href='https:\/\/urbincasa.es\/blog\/2017\/04\/piso-cuatro-dormitorios-en-venta-en-la-vaguada-cartagena\/2-4\/'><img loading=\"lazy\" decoding=\"async\" width=\"225\" height=\"300\" src=\"https:\/\/urbincasa.es\/blog\/wp-content\/uploads\/2017\/04\/2-2-225x300.jpg\" class=\"attachment-medium size-medium\" alt=\"Ba\u00f1o piso La Vaguada Cartagena\" srcset=\"https:\/\/urbincasa.es\/blog\/wp-content\/uploads\/2017\/04\/2-2-225x300.jpg 225w, https:\/\/urbincasa.es\/blog\/wp-content\/uploads\/2017\/04\/2-2.jpg 384w\" sizes=\"auto, (max-width: 225px) 100vw, 225px\" \/><\/a>\n\t\t\t<\/div><\/figure><figure class='gallery-item'>\n\t\t\t<div class='gallery-icon portrait'>\n\t\t\t\t<a href='https:\/\/urbincasa.es\/blog\/2017\/04\/piso-cuatro-dormitorios-en-venta-en-la-vaguada-cartagena\/3-3\/'><img loading=\"lazy\" decoding=\"async\" width=\"225\" height=\"300\" src=\"https:\/\/urbincasa.es\/blog\/wp-content\/uploads\/2017\/04\/3-2-225x300.jpg\" class=\"attachment-medium size-medium\" alt=\"Ba\u00f1o piso La Vaguada Cartagena\" srcset=\"https:\/\/urbincasa.es\/blog\/wp-content\/uploads\/2017\/04\/3-2-225x300.jpg 225w, https:\/\/urbincasa.es\/blog\/wp-content\/uploads\/2017\/04\/3-2.jpg 384w\" sizes=\"auto, (max-width: 225px) 100vw, 225px\" \/><\/a>\n\t\t\t<\/div><\/figure>\n\t\t<\/div>\n\n<p>El precio de venta es de <strong>134.500 EUR<\/strong>.<\/p>\n<p>Puedes encontrar m\u00e1s informaci\u00f3n e im\u00e1genes en\u00a0<a href=\"http:\/\/urbincasashop.com\/inmobiliaria\/es\/viviendas\/4\/cartagena-y-playas\/excelente-piso-en-la-vaguada\/3716-004512\/?fuente=a0eD000000EyAelIAF\" target=\"_blank\">Urbincasashop<\/a>\u00a0y concertar una visita\u00a0<strong>llamando al 968 510 380 o al 627 970 005<\/strong>.<\/p>\n","protected":false},"excerpt":{"rendered":"<p>Hoy queremos presentar un maravilloso piso que est\u00e1 en venta\u00a0en La Vaguada &#8211; Cartagena.\u00a0Y s\u00ed, decimos maravilloso porque tiene unas caracter\u00edsticas para enamorarse.<\/p>\n","protected":false},"author":3,"featured_media":7466,"comment_status":"open","ping_status":"open","sticky":false,"template":"","format":"standard","meta":{"footnotes":""},"categories":[11,17,281],"tags":[35,762,401,307,711],"class_list":["post-7444","post","type-post","status-publish","format-standard","has-post-thumbnail","hentry","category-informacion","category-ofertas","category-urbincasashop","tag-cartagena","tag-la-vaguada","tag-piso","tag-urbincasa","tag-urbincasashop"],"_links":{"self":[{"href":"https:\/\/urbincasa.es\/blog\/wp-json\/wp\/v2\/posts\/7444","targetHints":{"allow":["GET"]}}],"collection":[{"href":"https:\/\/urbincasa.es\/blog\/wp-json\/wp\/v2\/posts"}],"about":[{"href":"https:\/\/urbincasa.es\/blog\/wp-json\/wp\/v2\/types\/post"}],"author":[{"embeddable":true,"href":"https:\/\/urbincasa.es\/blog\/wp-json\/wp\/v2\/users\/3"}],"replies":[{"embeddable":true,"href":"https:\/\/urbincasa.es\/blog\/wp-json\/wp\/v2\/comments?post=7444"}],"version-history":[{"count":12,"href":"https:\/\/urbincasa.es\/blog\/wp-json\/wp\/v2\/posts\/7444\/revisions"}],"predecessor-version":[{"id":7469,"href":"https:\/\/urbincasa.es\/blog\/wp-json\/wp\/v2\/posts\/7444\/revisions\/7469"}],"wp:featuredmedia":[{"embeddable":true,"href":"https:\/\/urbincasa.es\/blog\/wp-json\/wp\/v2\/media\/7466"}],"wp:attachment":[{"href":"https:\/\/urbincasa.es\/blog\/wp-json\/wp\/v2\/media?parent=7444"}],"wp:term":[{"taxonomy":"category","embeddable":true,"href":"https:\/\/urbincasa.es\/blog\/wp-json\/wp\/v2\/categories?post=7444"},{"taxonomy":"post_tag","embeddable":true,"href":"https:\/\/urbincasa.es\/blog\/wp-json\/wp\/v2\/tags?post=7444"}],"curies":[{"name":"wp","href":"https:\/\/api.w.org\/{rel}","templated":true}]}}