{"id":7551,"date":"2018-05-09T17:28:37","date_gmt":"2018-05-09T15:28:37","guid":{"rendered":"https:\/\/urbincasa.es\/blog\/?p=7551"},"modified":"2018-05-10T18:27:47","modified_gmt":"2018-05-10T16:27:47","slug":"un-lugar-unico-la-manga-del-mar-menor","status":"publish","type":"post","link":"https:\/\/urbincasa.es\/blog\/2018\/05\/un-lugar-unico-la-manga-del-mar-menor\/","title":{"rendered":"Un lugar \u00fanico &#8211; La Manga del Mar Menor"},"content":{"rendered":"<div id=\"bsf_rt_marker\"><\/div><p>Hoy hablamos de la zona de costa conocida como<strong> La Manga<\/strong>, un lugar incre\u00edble para veranear y vivir durante todo el a\u00f1o debido a la cercan\u00eda de todos los servicios necesarios. <strong>\u00bfQuieres saber m\u00e1s sobre el entorno donde se encuentra nuestro nuevo <a href=\"https:\/\/urbincasa.es\/inmobiliaria\/es\/promociones\/3\/manga-mar-menor\/flamencos\/16\">Residencial Los Flamencos<\/a>?<\/strong> Continua leyendo&#8230;<!--more--><\/p>\n<p><b>La Manga\u00a0<\/b>es una costa privilegiada que se encuentra en el litoral de Cartagena, Regi\u00f3n de Murcia. Esta zona destaca tambi\u00e9n porque es\u00a0de las menos urbanizadas y de las mejores conservadas de Espa\u00f1a. Cuenta con m\u00e1s de <strong>40 kil\u00f3metros de playa<\/strong>, repartidos entre Mar Mediterr\u00e1neo y Mar Menor.<\/p>\n<p><img loading=\"lazy\" decoding=\"async\" class=\"aligncenter wp-image-7585 size-medium\" src=\"https:\/\/urbincasa.es\/blog\/wp-content\/uploads\/2017\/07\/map-300x212.jpg\" alt=\"Los Flamencos mapa\" width=\"300\" height=\"212\" srcset=\"https:\/\/urbincasa.es\/blog\/wp-content\/uploads\/2017\/07\/map-300x212.jpg 300w, https:\/\/urbincasa.es\/blog\/wp-content\/uploads\/2017\/07\/map-768x543.jpg 768w, https:\/\/urbincasa.es\/blog\/wp-content\/uploads\/2017\/07\/map-1024x724.jpg 1024w, https:\/\/urbincasa.es\/blog\/wp-content\/uploads\/2017\/07\/map-424x300.jpg 424w, https:\/\/urbincasa.es\/blog\/wp-content\/uploads\/2017\/07\/map-900x637.jpg 900w\" sizes=\"auto, (max-width: 300px) 100vw, 300px\" \/><\/p>\n<p><span style=\"font-weight: 400;\">En los alrededores a escasos kil\u00f3metros\u00a0se encuentra el <\/span><b>Parque Natural de Calblanque<\/b><span style=\"font-weight: 400;\">, con sus interminables playas v\u00edrgenes de arenas doradas y calas rocosas, rodeadas de dunas f\u00f3siles. Tambi\u00e9n a unos minutos se halla <\/span><b>Cabo de Palos<\/b><span style=\"font-weight: 400;\">, pueblo pesquero que con su centenario faro ofrece una excelente oferta de restauraci\u00f3n as\u00ed como una de las mejores reservas marinas del litoral mediterr\u00e1neo, un lugar perfecto para la pr\u00e1ctica del submarinismo.<\/span><\/p>\n<p><img loading=\"lazy\" decoding=\"async\" class=\"aligncenter wp-image-7561 size-medium\" src=\"https:\/\/urbincasa.es\/blog\/wp-content\/uploads\/2017\/07\/PLAYAS_1_590_2_g-300x225.jpg\" alt=\"Playas Parque Natural de Calblanque\" width=\"300\" height=\"225\" srcset=\"https:\/\/urbincasa.es\/blog\/wp-content\/uploads\/2017\/07\/PLAYAS_1_590_2_g-300x225.jpg 300w, https:\/\/urbincasa.es\/blog\/wp-content\/uploads\/2017\/07\/PLAYAS_1_590_2_g.jpg 400w\" sizes=\"auto, (max-width: 300px) 100vw, 300px\" \/><\/p>\n<p>Hay que destacar la oferta de deportes n\u00e1uticos de<b> La Manga y el Mar Menor<\/b>\u00a0ya que es un gran atractivo en la zona. Las condiciones clim\u00e1ticas son excelentes ya que contamos con m\u00e1s de 300 d\u00edas de sol al a\u00f1o.<\/p>\n<p>El <a href=\"https:\/\/urbincasa.es\/inmobiliaria\/es\/promociones\/3\/manga-mar-menor\/flamencos\/16\">residencial Los Flamencos<\/a> se encuentra muy cercano\u00a0a la ciudad de <strong>Cartagena<\/strong>\u00a0que en los \u00faltimos a\u00f1os se ha consolidado como un destino tur\u00edstico de primer orden. Su pasado como antigua ciudad romana ha dejado numerosos restos, que han sido recuperados para el disfrute de los visitantes como el Teatro Romano, El Foro, o el Decumano, que unidos a su pasado medieval y modernista, la convierte en un gran museo al aire libre.<\/p>\n<div id='gallery-1' class='gallery galleryid-7551 gallery-columns-2 gallery-size-medium'><figure class='gallery-item'>\n\t\t\t<div class='gallery-icon landscape'>\n\t\t\t\t<a href='https:\/\/urbincasa.es\/blog\/2018\/05\/un-lugar-unico-la-manga-del-mar-menor\/puertos-deportivos_1_5261_2_g\/'><img loading=\"lazy\" decoding=\"async\" width=\"300\" height=\"225\" src=\"https:\/\/urbincasa.es\/blog\/wp-content\/uploads\/2017\/07\/PUERTOS-DEPORTIVOS_1_5261_2_g-300x225.jpg\" class=\"attachment-medium size-medium\" alt=\"\" srcset=\"https:\/\/urbincasa.es\/blog\/wp-content\/uploads\/2017\/07\/PUERTOS-DEPORTIVOS_1_5261_2_g-e1504087312286.jpg 300w, https:\/\/urbincasa.es\/blog\/wp-content\/uploads\/2017\/07\/PUERTOS-DEPORTIVOS_1_5261_2_g-400x300.jpg 400w\" sizes=\"auto, (max-width: 300px) 100vw, 300px\" \/><\/a>\n\t\t\t<\/div><\/figure><figure class='gallery-item'>\n\t\t\t<div class='gallery-icon landscape'>\n\t\t\t\t<a href='https:\/\/urbincasa.es\/blog\/2018\/05\/un-lugar-unico-la-manga-del-mar-menor\/puertos-deportivos_1_5261_1_g\/'><img loading=\"lazy\" decoding=\"async\" width=\"300\" height=\"225\" src=\"https:\/\/urbincasa.es\/blog\/wp-content\/uploads\/2017\/07\/PUERTOS-DEPORTIVOS_1_5261_1_g-300x225.jpg\" class=\"attachment-medium size-medium\" alt=\"\" srcset=\"https:\/\/urbincasa.es\/blog\/wp-content\/uploads\/2017\/07\/PUERTOS-DEPORTIVOS_1_5261_1_g-e1504087356678.jpg 300w, https:\/\/urbincasa.es\/blog\/wp-content\/uploads\/2017\/07\/PUERTOS-DEPORTIVOS_1_5261_1_g-400x300.jpg 400w\" sizes=\"auto, (max-width: 300px) 100vw, 300px\" \/><\/a>\n\t\t\t<\/div><\/figure>\n\t\t<\/div>\n\n<p>Ofrece desde el punto de vista urbano <strong>todos los servicios<\/strong> necesarios: hospitales, \u00e1reas y centros comerciales, estaci\u00f3n de tren, autobuses, puerto de cruceros y una amplia y variada oferta de ocio y restauraci\u00f3n, adem\u00e1s de una intensa vida cultural durante todo el a\u00f1o.<\/p>\n<p>Ahora que conoces el entorno y seguro que te ha llamado la atenci\u00f3n, prep\u00e1rate porque nuestra promoci\u00f3n <strong>\u00ab<a href=\"https:\/\/urbincasa.es\/inmobiliaria\/es\/promociones\/3\/manga-mar-menor\/flamencos\/16\">Los Flamencos<\/a>\u00ab<\/strong> te va a encantar.<\/p>\n<p>&nbsp;<\/p>\n<p>Para m\u00e1s informaci\u00f3n <strong>llame al 968 510 380.<\/strong><\/p>\n","protected":false},"excerpt":{"rendered":"<p>Hoy hablamos de la zona de costa conocida como La Manga, un lugar incre\u00edble para veranear y vivir durante todo el a\u00f1o debido a la cercan\u00eda de todos los servicios necesarios. \u00bfQuieres saber m\u00e1s sobre el entorno donde se encuentra nuestro nuevo Residencial Los Flamencos? Continua leyendo&#8230;<\/p>\n","protected":false},"author":4,"featured_media":7764,"comment_status":"open","ping_status":"open","sticky":false,"template":"","format":"standard","meta":{"footnotes":""},"categories":[11],"tags":[362,307,711],"class_list":["post-7551","post","type-post","status-publish","format-standard","has-post-thumbnail","hentry","category-informacion","tag-la-manga","tag-urbincasa","tag-urbincasashop"],"_links":{"self":[{"href":"https:\/\/urbincasa.es\/blog\/wp-json\/wp\/v2\/posts\/7551","targetHints":{"allow":["GET"]}}],"collection":[{"href":"https:\/\/urbincasa.es\/blog\/wp-json\/wp\/v2\/posts"}],"about":[{"href":"https:\/\/urbincasa.es\/blog\/wp-json\/wp\/v2\/types\/post"}],"author":[{"embeddable":true,"href":"https:\/\/urbincasa.es\/blog\/wp-json\/wp\/v2\/users\/4"}],"replies":[{"embeddable":true,"href":"https:\/\/urbincasa.es\/blog\/wp-json\/wp\/v2\/comments?post=7551"}],"version-history":[{"count":31,"href":"https:\/\/urbincasa.es\/blog\/wp-json\/wp\/v2\/posts\/7551\/revisions"}],"predecessor-version":[{"id":7852,"href":"https:\/\/urbincasa.es\/blog\/wp-json\/wp\/v2\/posts\/7551\/revisions\/7852"}],"wp:featuredmedia":[{"embeddable":true,"href":"https:\/\/urbincasa.es\/blog\/wp-json\/wp\/v2\/media\/7764"}],"wp:attachment":[{"href":"https:\/\/urbincasa.es\/blog\/wp-json\/wp\/v2\/media?parent=7551"}],"wp:term":[{"taxonomy":"category","embeddable":true,"href":"https:\/\/urbincasa.es\/blog\/wp-json\/wp\/v2\/categories?post=7551"},{"taxonomy":"post_tag","embeddable":true,"href":"https:\/\/urbincasa.es\/blog\/wp-json\/wp\/v2\/tags?post=7551"}],"curies":[{"name":"wp","href":"https:\/\/api.w.org\/{rel}","templated":true}]}}