{"id":7593,"date":"2018-03-08T11:59:35","date_gmt":"2018-03-08T09:59:35","guid":{"rendered":"https:\/\/urbincasa.es\/blog\/?p=7593"},"modified":"2018-03-08T14:38:35","modified_gmt":"2018-03-08T12:38:35","slug":"domingo-un-arquitecto-de-lo-mas-innovador-urbincasa","status":"publish","type":"post","link":"https:\/\/urbincasa.es\/blog\/2018\/03\/domingo-un-arquitecto-de-lo-mas-innovador-urbincasa\/","title":{"rendered":"Domingo, un arquitecto de lo m\u00e1s innovador &#8211; Urbincasa"},"content":{"rendered":"<div id=\"bsf_rt_marker\"><\/div><p><span style=\"font-weight: 400;\">Queremos que conozc\u00e1is un poco acerca\u00a0de Domingo Cort\u00e9s, \u00a0incorporado como gestor de proyectos en nuestra empresa y para quien no entienda sus funciones \u00e9l mismo nos lo cuenta a continuaci\u00f3n&#8230;<\/span><!--more--><\/p>\n<p><b>\u00bfEn qu\u00e9 consiste tu puesto de trabajo?<\/b><\/p>\n<p><span style=\"font-weight: 400;\">Mi puesto lo definir\u00eda como gestor, un coordinador entre los distintos componentes de un proyecto. Trato de adaptar las necesidades que requiere el departamento comercial, con los distintos intervinientes en el proceso constructivo, \u00a0como ingenieros, arquitectos, constructor, etc..<\/span><span style=\"font-weight: 400;\">.<\/span><span style=\"font-weight: 400;\"> El objetivo final es adaptar nuestro producto al mercado y proporcionar al cliente lo que est\u00e1 pidiendo. \u00a0<\/span><\/p>\n<p><b>\u00bfCu\u00e1ntos a\u00f1os llevas formando parte del Urbinequipo y c\u00f3mo llegaste aqu\u00ed?<\/b><\/p>\n<p><span style=\"font-weight: 400;\">Llevo un a\u00f1o trabajando para la empresa. Mi recorrido profesional hab\u00eda crecido hasta ocupar puestos similares en otras empresas y ahora todo lo aprendido lo desarrollo en Urbincasa.<\/span><\/p>\n<p><b><img loading=\"lazy\" decoding=\"async\" class=\"size-medium wp-image-7741 alignright\" src=\"https:\/\/urbincasa.es\/blog\/wp-content\/uploads\/2017\/08\/opci\u00f3n-1-300x187.jpg\" alt=\"opci\u00f3n 1\" width=\"300\" height=\"187\" srcset=\"https:\/\/urbincasa.es\/blog\/wp-content\/uploads\/2017\/08\/opci\u00f3n-1-300x187.jpg 300w, https:\/\/urbincasa.es\/blog\/wp-content\/uploads\/2017\/08\/opci\u00f3n-1-768x479.jpg 768w, https:\/\/urbincasa.es\/blog\/wp-content\/uploads\/2017\/08\/opci\u00f3n-1-1024x639.jpg 1024w, https:\/\/urbincasa.es\/blog\/wp-content\/uploads\/2017\/08\/opci\u00f3n-1-481x300.jpg 481w, https:\/\/urbincasa.es\/blog\/wp-content\/uploads\/2017\/08\/opci\u00f3n-1-900x562.jpg 900w\" sizes=\"auto, (max-width: 300px) 100vw, 300px\" \/>\u00bfQu\u00e9 herramientas son inseparables en tu trabajo?<\/b><\/p>\n<p><span style=\"font-weight: 400;\">Para mi d\u00eda a d\u00eda son necesarios los programas de dibujo, mediciones y programas de planificaci\u00f3n, as\u00ed como estar permanentemente conectado con la p\u00e1gina del C\u00f3digo T\u00e9cnico de la Edificaci\u00f3n. Por otro lado, ahora estamos empezando a utilizar el programa \u201cRevit\u201d, una revoluci\u00f3n en el dise\u00f1o en tres dimensiones.<\/span><\/p>\n<p><b>\u00bfQu\u00e9 dise\u00f1o se ajusta mejor a las necesidades de los consumidores?<\/b><\/p>\n<p style=\"text-align: left;\"><span style=\"font-weight: 400;\">Considero que depende del proyecto en el que se est\u00e9 trabajando. Por ejemplo, en nuestra promoci\u00f3n<\/span> <span style=\"font-weight: 400;\">Centrum han influido factores<\/span> <span style=\"font-weight: 400;\">como la localizaci\u00f3n, el dise\u00f1o de la fachada, la optimizaci\u00f3n de la distribuci\u00f3n y ofrecer a los propietarios una elevada calidad de terminaciones. En cada caso debemos analizar cuales son<\/span> <span style=\"font-weight: 400;\">las ventajas competitivas y sobretodo identificar las necesidades de los clientes. <\/span><\/p>\n<p><b>\u00bfCu\u00e1les son tus preferencias en cuanto a estilo o dise\u00f1o en el campo de arquitectura?<\/b><\/p>\n<p><span style=\"font-weight: 400;\">Mi preferencia en este campo es la arquitectura org\u00e1nica, con dise\u00f1os y estructuras que podemos encontrar en la propia naturaleza. El componente principal para m\u00ed en los edificios es la naturaleza. <\/span><\/p>\n<p>Tambi\u00e9n un elemento que llama mucho mi atenci\u00f3n es el paisajismo, tiene como finalidad la designaci\u00f3n de plantas y su distribuci\u00f3n&#8230; En una de nuestras futuras promociones encontraremos un magn\u00edfico ejemplo \u00a0de paisajismo, donde hemos trabajado mucho para crear un proyecto \u00a0natural integrado en el entorno.<\/p>\n<p><span style=\"text-decoration: underline;\"><b>Una vez que conocemos tu trabajo, queremos conocerte mejor a ti.<\/b><\/span><\/p>\n<p><b>En tu hogar suena:<\/b><span style=\"font-weight: 400;\"> El Flamenco. <\/span><span style=\"font-weight: 400;\"><br \/>\n<\/span><b>En cuanto a m\u00fasica, \u00bfescuchas algo en particular? <\/b><span style=\"font-weight: 400;\">S\u00ed, suelo escuchar a Enrique Morente, en especial \u00a0su disco omega. <\/span><span style=\"font-weight: 400;\"><br \/>\n<\/span><b>Un plan para el verano:<\/b><span style=\"font-weight: 400;\"> Una playa de Portugal.<\/span><span style=\"font-weight: 400;\"><br \/>\n<\/span><b>\u00bfY para cuando hace fr\u00edo? <\/b><span style=\"font-weight: 400;\">Un fin de semana en Sevilla. <\/span><span style=\"font-weight: 400;\"><br \/>\n<\/span><b>\u00bfC\u00f3mo tomas el caf\u00e9? <\/b><span style=\"font-weight: 400;\">No suelo tomar caf\u00e9, me inclino m\u00e1s por el zumo de naranja.<\/span><span style=\"font-weight: 400;\"><br \/>\n<\/span><b>Tu casa huele a: <\/b><span style=\"font-weight: 400;\">Gal\u00e1n de noche en las noches de verano. <\/span><span style=\"font-weight: 400;\"><br \/>\n<\/span><b>Un libro: <\/b><span style=\"font-weight: 400;\">Le\u00f3n el africano de Amin Maalouf.<\/span><span style=\"font-weight: 400;\"><br \/>\n<\/span><b>Una pel\u00edcula: <\/b><span style=\"font-weight: 400;\">Paciente ingl\u00e9s.<\/span><b><br \/>\n<\/b><b>En tu casa nunca falta: <\/b><span style=\"font-weight: 400;\">Arroz para la paella de los domingos.<\/span><span style=\"font-weight: 400;\"><br \/>\n<\/span><b>Una frase: <\/b><span style=\"font-weight: 400;\">\u201cA veces se gana y otras se aprende\u201d.<\/span><\/p>\n","protected":false},"excerpt":{"rendered":"<p>Queremos que conozc\u00e1is un poco acerca\u00a0de Domingo Cort\u00e9s, \u00a0incorporado como gestor de proyectos en nuestra empresa y para quien no entienda sus funciones \u00e9l mismo nos lo cuenta a continuaci\u00f3n&#8230;<\/p>\n","protected":false},"author":3,"featured_media":7743,"comment_status":"open","ping_status":"open","sticky":false,"template":"","format":"standard","meta":{"footnotes":""},"categories":[18],"tags":[320,307,136],"class_list":["post-7593","post","type-post","status-publish","format-standard","has-post-thumbnail","hentry","category-urbinequipo","tag-equipo","tag-urbincasa","tag-urbinequipo-2"],"_links":{"self":[{"href":"https:\/\/urbincasa.es\/blog\/wp-json\/wp\/v2\/posts\/7593","targetHints":{"allow":["GET"]}}],"collection":[{"href":"https:\/\/urbincasa.es\/blog\/wp-json\/wp\/v2\/posts"}],"about":[{"href":"https:\/\/urbincasa.es\/blog\/wp-json\/wp\/v2\/types\/post"}],"author":[{"embeddable":true,"href":"https:\/\/urbincasa.es\/blog\/wp-json\/wp\/v2\/users\/3"}],"replies":[{"embeddable":true,"href":"https:\/\/urbincasa.es\/blog\/wp-json\/wp\/v2\/comments?post=7593"}],"version-history":[{"count":18,"href":"https:\/\/urbincasa.es\/blog\/wp-json\/wp\/v2\/posts\/7593\/revisions"}],"predecessor-version":[{"id":7826,"href":"https:\/\/urbincasa.es\/blog\/wp-json\/wp\/v2\/posts\/7593\/revisions\/7826"}],"wp:featuredmedia":[{"embeddable":true,"href":"https:\/\/urbincasa.es\/blog\/wp-json\/wp\/v2\/media\/7743"}],"wp:attachment":[{"href":"https:\/\/urbincasa.es\/blog\/wp-json\/wp\/v2\/media?parent=7593"}],"wp:term":[{"taxonomy":"category","embeddable":true,"href":"https:\/\/urbincasa.es\/blog\/wp-json\/wp\/v2\/categories?post=7593"},{"taxonomy":"post_tag","embeddable":true,"href":"https:\/\/urbincasa.es\/blog\/wp-json\/wp\/v2\/tags?post=7593"}],"curies":[{"name":"wp","href":"https:\/\/api.w.org\/{rel}","templated":true}]}}