{"id":7976,"date":"2019-01-24T14:25:57","date_gmt":"2019-01-24T12:25:57","guid":{"rendered":"https:\/\/urbincasa.es\/blog\/?p=7976"},"modified":"2019-01-24T14:27:36","modified_gmt":"2019-01-24T12:27:36","slug":"director-de-proyecto-ignacio-paredes-suarez","status":"publish","type":"post","link":"https:\/\/urbincasa.es\/blog\/2019\/01\/director-de-proyecto-ignacio-paredes-suarez\/","title":{"rendered":"Conoce a nuestro director de proyecto, Ignacio Paredes Su\u00e1rez"},"content":{"rendered":"<div id=\"bsf_rt_marker\"><\/div><p>Saludamos a nuestro director de proyecto, <strong>Ignacio Paredes Su\u00e1rez<\/strong>, que nos dice en primer lugar que le gusta que le llamen I\u00f1aki. As\u00ed ser\u00e1.<\/p>\n<p><strong>Pregunta.<\/strong> Nos gustar\u00eda que nos contases en qu\u00e9 consiste tu puesto de trabajo.<\/p>\n<p><strong>Respuesta.<\/strong> Actualmente mi puesto de trabajo tiene dos vertientes. La primera es en el departamento de postventa, gestionando las posibles incidencias que puedan surgir de antiguas promociones como el seguimiento de la realizaci\u00f3n de modificaciones durante el periodo de garant\u00eda de las viviendas.<\/p>\n<p>Por otro lado, me dedico a la gesti\u00f3n de los proyectos activos de Urbincasa, que incluye entre otras tareas, el estudio de tendencias. Tambi\u00e9n gestiono elementos m\u00e1s espec\u00edficos de las viviendas como el n\u00famero de estancias, la distribuci\u00f3n de las mismas o el tipo de carpinter\u00eda que se utilizar\u00e1 en las terminaciones para crear viviendas atractivas y con los mejores acabados. Hacemos seguimientos activos de las obras que est\u00e1n en marcha para asegurarnos de que est\u00e9n dentro de los plazos establecidos y que cumplan nuestros est\u00e1ndares de calidad visit\u00e1ndolas regularmente.<\/p>\n<p>Adem\u00e1s, apoyamos a los arquitectos en la toma de decisiones est\u00e9ticas de los edificios, de la dotaci\u00f3n de elementos como gimnasio o piscina, el tipo de cierres e incluso la eficiencia energ\u00e9tica del edificio. En Urbincasa abogamos por la sostenibilidad, buscando sistemas energ\u00e9ticamente eficientes que mejoren el rendimiento de las viviendas.<\/p>\n<blockquote><p><em><strong>En Urbincasa abogamos por la sostenibilidad, buscando sistemas en\u00e9rgicamente eficientes que mejoren el rendimiento de las viviendas<\/strong><\/em><\/p><\/blockquote>\n<p>Por \u00faltimo, trabajo con el departamento comercial para asegurarme de que los clientes quedan contentos y de que tienen suficientes opciones entre las que elegir para personalizar su vivienda.<\/p>\n<p><strong>P.<\/strong> \u00bfCu\u00e1ntos a\u00f1os llevas formando parte del equipo de Urbincasa?<\/p>\n<p><strong>R.<\/strong> Mi relaci\u00f3n con Urbincasa viene desde que apenas hab\u00eda terminado la carrera. Comenc\u00e9 en 2011 a hacer las pr\u00e1cticas de la universidad en Urbincasa cuando ni la propia universidad nos daba opciones para hacer pr\u00e1cticas por la crisis. Estuve trabajando en varias promociones y, curiosamente, mi primera obra fue en un edificio en el que hab\u00eda vivido, aqu\u00ed en Cartagena.<\/p>\n<p>Despu\u00e9s, tras estar trabajando un tiempo en las obras de Pasaje Conesa y en la f\u00e1brica de Licor 43, continu\u00e9 form\u00e1ndome en ejecuci\u00f3n de obras. Luego pas\u00e9 a la caseta de ventas de la promoci\u00f3n Zarzuela solucionando incidencias, experiencia que me sirvi\u00f3 de mucho ya que tuve que utilizar todos los recursos de los que dispon\u00eda para desempe\u00f1ar esta funci\u00f3n.<\/p>\n<p>Una vez termin\u00e9 los siete meses de pr\u00e1cticas y finalizado el proyecto de carrera, decido marcharme a Inglaterra el \u00faltimo d\u00eda del a\u00f1o, ya que estaba decidido a recibir el A\u00f1o Nuevo en un nuevo emplazamiento y a explotar las oportunidades que este pa\u00eds me pudiera ofrecer.<\/p>\n<blockquote><p><em><strong>Tras un a\u00f1o lleno de experiencias en Inglaterra, decido volver a Espa\u00f1a&#8230; finalmente me contratan en Urbincasa<\/strong><\/em><\/p><\/blockquote>\n<p>Tras un a\u00f1o lleno de experiencias en Inglaterra decido volver a Espa\u00f1a, hacerme aut\u00f3nomo y montar mi propio negocio. Durante ese periodo realic\u00e9 varios proyectos, entre ellos la renovaci\u00f3n de la discoteca Trips y, tras un tiempo trabajando para m\u00ed, siguiendo con proyectos universitarios e inmersos en un vaiv\u00e9n fren\u00e9tico, finalmente me contratan en Urbincasa para el puesto que sigo desempe\u00f1ando a d\u00eda de hoy.<\/p>\n<p><strong>P.<\/strong> \u00bfY por qu\u00e9 Urbincasa? \u00bfQu\u00e9 te trajo aqu\u00ed?<\/p>\n<p><strong>R.<\/strong> Lo cierto es que buscaba una empresa solvente y que hubiera resistido a la crisis, lo que no fue tarea f\u00e1cil\u2026Quer\u00eda incorporarme en una empresa seria que no hubiera nacido con el boom inmobiliario. Urbincasa es una empresa conocida en Cartagena desde que tengo uso de raz\u00f3n, con muy buenas referencias boca a boca, lo que me parece imprescindible ya que es lo que mejor te posiciona ante los futuros compradores.<\/p>\n<p>Quer\u00eda encontrar un lugar de trabajo que me permitiese volver a lo largo del tiempo y, por fortuna, as\u00ed ha sido. Un lugar en el que formarme, con una estructura seria de actuaci\u00f3n, trabajando mano a mano con profesionales reconocidos del sector y poder nutrirme de su experiencia. A fin de cuentas, buscaba aprovechar el tiempo lo m\u00e1ximo posible y sab\u00eda que Urbincasa pod\u00eda darme esa oportunidad y as\u00ed ha sido.<\/p>\n<p><strong>P.<\/strong> \u00bfQu\u00e9 herramientas son imprescindibles para tu d\u00eda a d\u00eda?<\/p>\n<p><strong>R.<\/strong> La realidad es que en nuestro departamento hacemos mucho uso de las herramientas inform\u00e1ticas. Para dise\u00f1os en dos dimensiones utilizamos el AutoCAD; otra herramienta es Microsoft Project, que nos permite realizar un seguimiento detallado de las obras. Adem\u00e1s utilizamos otras herramientas que nos permiten traducir nuestras mediciones en costes.<\/p>\n<p>Por \u00faltimo y para no enrollarme mucho con el tema, cabe destacar el programa BIM, que nos permite realizar el dise\u00f1o del edificio no s\u00f3lo con l\u00edneas sino tambi\u00e9n con elementos de nuestra elecci\u00f3n. Nos da la opci\u00f3n de trabajar con distintos materiales en funci\u00f3n de la parte de los edificios que estamos haciendo. Por ejemplo, si es un cimiento, nos permite saber cu\u00e1nto hormig\u00f3n hace falta, cu\u00e1nto acero, etc. Adem\u00e1s, este programa nos permite recrear el avance de la obra, ver c\u00f3mo crecen los cimientos y seguirlo a tiempo real. Sin duda es el futuro y va a ser una parte muy s\u00f3lida en el sector de la construcci\u00f3n.<\/p>\n<p>Lo que queda realmente claro es que en este sector es imprescindible renovarse y estar al tanto de las distintas herramientas que puedan ir surgiendo y aprender a utilizarlas, lo que no es tarea sencilla.<\/p>\n<p><strong>P.<\/strong> A lo largo de tu vida, \u00bfqu\u00e9 proyecto o experiencia es la que m\u00e1s te ha hecho reflexionar sobre el \u00e1mbito laboral?<\/p>\n<p><strong>R.<\/strong> Me march\u00e9 a Inglaterra con el objetivo de encontrar trabajo de arquitecto t\u00e9cnico, a expensas del t\u00edtulo de m\u00e1ster. Una vez all\u00ed, supe que en este pa\u00eds mi profesi\u00f3n estaba segmentada en 3 vertientes y que hab\u00eda que especializarse en una de ellas para poder realizar las funciones de este puesto.<\/p>\n<p>Sin la especialidad estabas por debajo, lamentablemente me di cuenta de que no todos somos iguales en Europa. Hice todo lo posible por entrar en el sector de la construcci\u00f3n y me di cuenta de que sin un padrino era muy complicado.<\/p>\n<p>Al final termin\u00e9 haciendo la reforma del restaurante en el que trabajaba a diario de camarero y utilizando el AutoCAD 3d, que termin\u00f3 siendo un proyecto mal pagado, 50 libras por debajo de lo acordado [se r\u00ede]. Me di cuenta de que si all\u00ed no est\u00e1s bien posicionado encontrar un trabajo de lo m\u00edo hubiera sido tan dif\u00edcil como en Espa\u00f1a en aquel momento. Esto me hace decidirme, volver a Espa\u00f1a, decido hacerme aut\u00f3nomo y cambiar mi vida. All\u00ed el cielo es demasiado gris, los desplazamientos de locos, lluvia constante y fotos de los amigos en la playa\u2026<\/p>\n<p><strong>P.<\/strong> Una vez que conocemos tu trabajo, queremos conocerte mejor a ti. Ah\u00ed van una serie de preguntas cortas:<\/p>\n<p><strong>En tu hogar suena:<\/strong> m\u00fasica de la radio en todo momento.<br \/>\n<strong>En cuanto a g\u00e9neros musicales, \u00bfescuchas algo en particular?<\/strong> Indie, funky y R&amp;B.<br \/>\n<strong>Un plan para el verano:<\/strong> viajar donde el bolsillo me lo permita aunque este verano ha sido imposible, me estoy reformando una casa\u2026 Me gusta el turismo de sol y playa, ya he estado demasiado en el norte.<br \/>\n<strong>\u00bfY para el invierno cuando hace m\u00e1s fr\u00edo?<\/strong> Casa, disfrutando de una buena serie. O una cerveza en un bar bien calentito.<br \/>\n<strong>\u00bfC\u00f3mo tomas el caf\u00e9?<\/strong> Cortado que no queme, casi fr\u00edo.<br \/>\n<strong>Tu casa huele a:<\/strong> ropa limpia.<br \/>\n<strong>Un libro:<\/strong> Un mundo feliz, de Adolf Huxley.<br \/>\n<strong>Una serie:<\/strong> Friends, la serie de las series. De series actuales, Peaky Blinders.<br \/>\n<strong>Una pel\u00edcula:<\/strong> Pulp Fiction.<br \/>\n<strong>En tu casa nunca falta:<\/strong> agua embotellada.<br \/>\n<strong>Descr\u00edbenos en 3 palabras tu casa ideal:<\/strong> luminosa, amplia y c\u00f3moda.<br \/>\n<strong>Una frase para despedirnos:<\/strong> \u201cSi t\u00fa no trabajas en tus sue\u00f1os, alguien te contratar\u00e1 para que trabajes en los suyos\u201d.<\/p>\n<blockquote><p><em><strong>Si t\u00fa no trabajas en tus sue\u00f1os, alguien te contratar\u00e1 para que trabajes en los suyos<\/strong><\/em><\/p><\/blockquote>\n<p>M\u00e1s informaci\u00f3n en nuestra revista: <a href=\"https:\/\/issuu.com\/urbincasa\/docs\/urbincasa_entrelares_9\" target=\"_blank\" rel=\"noopener\">Entrelares n\u00famero 9<\/a><\/p>\n","protected":false},"excerpt":{"rendered":"<p>Saludamos a nuestro director de proyecto, Ignacio Paredes Su\u00e1rez, que nos dice en primer lugar que le gusta que le llamen I\u00f1aki. As\u00ed ser\u00e1. Pregunta. Nos gustar\u00eda que nos contases en qu\u00e9 consiste tu puesto de trabajo. Respuesta. Actualmente mi puesto de trabajo tiene dos vertientes. La primera es en el departamento de postventa, gestionando [&hellip;]<\/p>\n","protected":false},"author":3,"featured_media":7977,"comment_status":"open","ping_status":"open","sticky":false,"template":"","format":"standard","meta":{"footnotes":""},"categories":[794,18],"tags":[215,796,743,795],"class_list":["post-7976","post","type-post","status-publish","format-standard","has-post-thumbnail","hentry","category-urbincasa-team","category-urbinequipo","tag-entrelares","tag-plantilla-personal","tag-proyecto","tag-urbincasa-team"],"_links":{"self":[{"href":"https:\/\/urbincasa.es\/blog\/wp-json\/wp\/v2\/posts\/7976","targetHints":{"allow":["GET"]}}],"collection":[{"href":"https:\/\/urbincasa.es\/blog\/wp-json\/wp\/v2\/posts"}],"about":[{"href":"https:\/\/urbincasa.es\/blog\/wp-json\/wp\/v2\/types\/post"}],"author":[{"embeddable":true,"href":"https:\/\/urbincasa.es\/blog\/wp-json\/wp\/v2\/users\/3"}],"replies":[{"embeddable":true,"href":"https:\/\/urbincasa.es\/blog\/wp-json\/wp\/v2\/comments?post=7976"}],"version-history":[{"count":2,"href":"https:\/\/urbincasa.es\/blog\/wp-json\/wp\/v2\/posts\/7976\/revisions"}],"predecessor-version":[{"id":7979,"href":"https:\/\/urbincasa.es\/blog\/wp-json\/wp\/v2\/posts\/7976\/revisions\/7979"}],"wp:featuredmedia":[{"embeddable":true,"href":"https:\/\/urbincasa.es\/blog\/wp-json\/wp\/v2\/media\/7977"}],"wp:attachment":[{"href":"https:\/\/urbincasa.es\/blog\/wp-json\/wp\/v2\/media?parent=7976"}],"wp:term":[{"taxonomy":"category","embeddable":true,"href":"https:\/\/urbincasa.es\/blog\/wp-json\/wp\/v2\/categories?post=7976"},{"taxonomy":"post_tag","embeddable":true,"href":"https:\/\/urbincasa.es\/blog\/wp-json\/wp\/v2\/tags?post=7976"}],"curies":[{"name":"wp","href":"https:\/\/api.w.org\/{rel}","templated":true}]}}