{"id":7984,"date":"2019-02-15T12:50:09","date_gmt":"2019-02-15T10:50:09","guid":{"rendered":"https:\/\/urbincasa.es\/blog\/?p=7984"},"modified":"2019-04-15T13:10:50","modified_gmt":"2019-04-15T11:10:50","slug":"ciudades-sostenibles-destinos-turisticos-inteligentes","status":"publish","type":"post","link":"https:\/\/urbincasa.es\/blog\/2019\/02\/ciudades-sostenibles-destinos-turisticos-inteligentes\/","title":{"rendered":"Ciudades sostenibles, destinos tur\u00edsticos inteligentes"},"content":{"rendered":"<div id=\"bsf_rt_marker\"><\/div><p>Cada vez son m\u00e1s las personas y familias que, a la hora de elegir el lugar donde adquirir su segunda residencia o instalarse para vivir definitivamente, no solo se dejan guiar por la oferta de sol y playa o de turismo activo de la zona -que tambi\u00e9n son importantes-, sino que adem\u00e1s tienen en cuenta que ese destino sea un espacio innovador, accesible para todos y con una infraestructura tecnol\u00f3gica avanzada que garantice el desarrollo sostenible. Un valor a\u00f1adido que tambi\u00e9n es muy apreciado por las empresas que buscan nuevas sedes o delegaciones donde instalarse y desarrollar su actividad.<\/p>\n<p><img loading=\"lazy\" decoding=\"async\" class=\"aligncenter size-full wp-image-7985\" src=\"https:\/\/urbincasa.es\/blog\/wp-content\/uploads\/2019\/04\/logo-dti-es.jpg\" alt=\"\" width=\"380\" height=\"160\" srcset=\"https:\/\/urbincasa.es\/blog\/wp-content\/uploads\/2019\/04\/logo-dti-es.jpg 380w, https:\/\/urbincasa.es\/blog\/wp-content\/uploads\/2019\/04\/logo-dti-es-300x126.jpg 300w\" sizes=\"auto, (max-width: 380px) 100vw, 380px\" \/><\/p>\n<p><!--more--><\/p>\n<p>Estamos hablando de lo que se conoce como \u2018<a href=\"https:\/\/www.destinosinteligentes.es\/\" target=\"_blank\" rel=\"noopener noreferrer\">destino tur\u00edstico inteligente<\/a>\u2019, un concepto que cada d\u00eda gana m\u00e1s terreno en la zona de la <a href=\"http:\/\/www.costablanca.org\/ESP\/\" target=\"_blank\" rel=\"noopener noreferrer\">Costa Blanca<\/a> y la <a href=\"https:\/\/www.murciaturistica.es\/es\/sol_y_playa\/\" target=\"_blank\" rel=\"noopener noreferrer\">Costa C\u00e1lida<\/a>. Buena prueba de ello son dos iniciativas que recientemente se han puesto en marcha en las provincias de Alicante y Murcia.<\/p>\n<p>En la primera de ellas, el Consell ha autorizado que el \u2018<a href=\"https:\/\/www.sptcv.net\/index.php?option=com_content&amp;view=article&amp;id=63&amp;Itemid=105\" target=\"_blank\" rel=\"noopener noreferrer\">Distrito Digital<\/a>\u2019 -un cl\u00faster de empresas relacionadas con la innovaci\u00f3n y las nuevas tecnolog\u00edas- se ampl\u00ede con la apertura de una tercera sede en el destino tur\u00edstico por excelencia de la Costa Blanca, <a href=\"http:\/\/www.visitbenidorm.es\/\" target=\"_blank\" rel=\"noopener noreferrer\">Benidorm<\/a>. El nuevo distrito se ubicar\u00e1 en una zona anexa al complejo de <a href=\"https:\/\/www.terramiticapark.com\/\" target=\"_blank\" rel=\"noopener noreferrer\">Terra M\u00edtica<\/a>, en una parcela de 750.000 metros cuadrados destinados a grandes empresas y start-up, que en cinco a\u00f1os dar\u00e1n trabajo a cerca de 3.000 personas.<\/p>\n<p>Junto a la zona de Benidorm, las otras dos sedes del \u2018Distrito Digital\u2019 en la provincia son Elche y Alicante. Esta \u00faltima cuenta con dos n\u00facleos: la <a href=\"http:\/\/www.ciudaddelaluz.com\/ES\/?lang=ES\" target=\"_blank\" rel=\"noopener noreferrer\">Ciudad de la Luz<\/a> (que reunir\u00e1 principalmente a empresas de videojuegos) y las instalaciones del Puerto, cuya terminal de cruceros acoger\u00e1 a numerosos trabajadores de <a href=\"https:\/\/www.accenture.com\/es-es\" target=\"_blank\" rel=\"noopener noreferrer\">Accenture<\/a>, empresa multinacional dedicada a la prestaci\u00f3n de servicios de consultor\u00eda, servicios tecnol\u00f3gicos y de subcontrataci\u00f3n.<\/p>\n<p>En cuanto a la Regi\u00f3n de Murcia, en el marco del concepto de <a href=\"http:\/\/www.energiamurcia.es\/smartcities\/\" target=\"_blank\" rel=\"noopener noreferrer\"><em>Smart City<\/em><\/a> que pretende mejorar la calidad de vida en las ciudades, el servicio al ciudadano y la eficiencia en los procesos mediante las nuevas tecnolog\u00edas, el pasado 28 de enero comenz\u00f3 a funcionar un nuevo sistema digital que facilita el acceso a la Administraci\u00f3n a personas con discapacidad visual y auditiva. Se trata de \u2018<a href=\"http:\/\/www.navilens.com\/\" target=\"_blank\" rel=\"noopener noreferrer\">Navilens<\/a>\u2019, un innovador sistema de se\u00f1al\u00e9tica digital que gu\u00eda y acompa\u00f1a a los citados usuarios durante sus tr\u00e1mites en los edificios administrativos de la Comunidad Aut\u00f3noma, gracias a una aplicaci\u00f3n m\u00f3vil y a un mecanismo de radiofrecuencia. Este servicio tambi\u00e9n puede ser utilizado por numerosos turistas y extranjeros, pues est\u00e1 disponible en 16 idiomas.<\/p>\n<p>Por ahora, el proyecto piloto est\u00e1 instalado en cuatro edificios oficiales de la ciudad de Murcia y en el Foro de Cartagena, entre otros, aunque est\u00e1 previsto que en los pr\u00f3ximos meses llegue al resto de oficinas de atenci\u00f3n al p\u00fablico de la Administraci\u00f3n regional murciana, la primera de Espa\u00f1a en incorporar esta tecnolog\u00eda.<\/p>\n<p>En definitiva, estos dos innovadores proyectos tecnol\u00f3gicos presentados recientemente -el \u2018Distrito Digital\u2019 de la provincia de Alicante y la aplicaci\u00f3n \u2018Navilens\u2019 en la Regi\u00f3n de Murcia-, vienen a demostrar la decidida apuesta de las distintas administraciones del Levante espa\u00f1ol por el desarrollo sostenible y el turismo inteligente.<\/p>\n<p>Una apuesta que, sin duda, beneficia tanto a los ciudadanos espa\u00f1oles como a los cada vez m\u00e1s turistas que visitan esta zona costera.<\/p>\n","protected":false},"excerpt":{"rendered":"<p>Cada vez son m\u00e1s las personas y familias que, a la hora de elegir el lugar donde adquirir su segunda residencia o instalarse para vivir definitivamente, no solo se dejan guiar por la oferta de sol y playa o de turismo activo de la zona -que tambi\u00e9n son importantes-, sino que adem\u00e1s tienen en cuenta [&hellip;]<\/p>\n","protected":false},"author":3,"featured_media":7988,"comment_status":"open","ping_status":"open","sticky":false,"template":"","format":"standard","meta":{"footnotes":""},"categories":[1],"tags":[],"class_list":["post-7984","post","type-post","status-publish","format-standard","has-post-thumbnail","hentry","category-sin-categoria"],"_links":{"self":[{"href":"https:\/\/urbincasa.es\/blog\/wp-json\/wp\/v2\/posts\/7984","targetHints":{"allow":["GET"]}}],"collection":[{"href":"https:\/\/urbincasa.es\/blog\/wp-json\/wp\/v2\/posts"}],"about":[{"href":"https:\/\/urbincasa.es\/blog\/wp-json\/wp\/v2\/types\/post"}],"author":[{"embeddable":true,"href":"https:\/\/urbincasa.es\/blog\/wp-json\/wp\/v2\/users\/3"}],"replies":[{"embeddable":true,"href":"https:\/\/urbincasa.es\/blog\/wp-json\/wp\/v2\/comments?post=7984"}],"version-history":[{"count":1,"href":"https:\/\/urbincasa.es\/blog\/wp-json\/wp\/v2\/posts\/7984\/revisions"}],"predecessor-version":[{"id":7986,"href":"https:\/\/urbincasa.es\/blog\/wp-json\/wp\/v2\/posts\/7984\/revisions\/7986"}],"wp:featuredmedia":[{"embeddable":true,"href":"https:\/\/urbincasa.es\/blog\/wp-json\/wp\/v2\/media\/7988"}],"wp:attachment":[{"href":"https:\/\/urbincasa.es\/blog\/wp-json\/wp\/v2\/media?parent=7984"}],"wp:term":[{"taxonomy":"category","embeddable":true,"href":"https:\/\/urbincasa.es\/blog\/wp-json\/wp\/v2\/categories?post=7984"},{"taxonomy":"post_tag","embeddable":true,"href":"https:\/\/urbincasa.es\/blog\/wp-json\/wp\/v2\/tags?post=7984"}],"curies":[{"name":"wp","href":"https:\/\/api.w.org\/{rel}","templated":true}]}}