{"id":7992,"date":"2019-02-28T14:34:49","date_gmt":"2019-02-28T12:34:49","guid":{"rendered":"https:\/\/urbincasa.es\/blog\/?p=7992"},"modified":"2019-04-15T14:47:25","modified_gmt":"2019-04-15T12:47:25","slug":"espana-a-la-cabeza-de-la-movilidad-electrica","status":"publish","type":"post","link":"https:\/\/urbincasa.es\/blog\/2019\/02\/espana-a-la-cabeza-de-la-movilidad-electrica\/","title":{"rendered":"Espa\u00f1a, a la cabeza de la movilidad el\u00e9ctrica"},"content":{"rendered":"<div id=\"bsf_rt_marker\"><\/div><p>Recorrer Espa\u00f1a de punta a punta en un veh\u00edculo el\u00e9ctrico ser\u00e1 posible dentro de unos meses gracias a que las principales compa\u00f1\u00edas energ\u00e9ticas \u2013Endesa, Iberdrola, EDP, etc.\u2013 est\u00e1n instalando, en un tiempo r\u00e9cord, numerosos puntos de recarga p\u00fablicos y privados por todo el pa\u00eds, muchos de ellos en la zona costera de Levante. Esto permitir\u00e1 que los conductores tengan siempre un punto de carga a una distancia inferior a 100 kil\u00f3metros, est\u00e9n donde est\u00e9n, pudiendo as\u00ed viajar con total autonom\u00eda.<\/p>\n<p><img loading=\"lazy\" decoding=\"async\" class=\"aligncenter size-full wp-image-7995\" src=\"https:\/\/urbincasa.es\/blog\/wp-content\/uploads\/2019\/04\/800px-Ride_and_Drive_EVs_Plugn_Drive_Ontario.jpg\" alt=\"\" width=\"800\" height=\"533\" srcset=\"https:\/\/urbincasa.es\/blog\/wp-content\/uploads\/2019\/04\/800px-Ride_and_Drive_EVs_Plugn_Drive_Ontario.jpg 800w, https:\/\/urbincasa.es\/blog\/wp-content\/uploads\/2019\/04\/800px-Ride_and_Drive_EVs_Plugn_Drive_Ontario-300x200.jpg 300w, https:\/\/urbincasa.es\/blog\/wp-content\/uploads\/2019\/04\/800px-Ride_and_Drive_EVs_Plugn_Drive_Ontario-768x512.jpg 768w\" sizes=\"auto, (max-width: 800px) 100vw, 800px\" \/><\/p>\n<p><!--more--><\/p>\n<p>El esfuerzo de todo un sector ha conseguido que Espa\u00f1a sea el quinto pa\u00eds del mundo con m\u00e1s puntos de carga para coches el\u00e9ctricos, solo superada por Estados Unidos, Francia, Alemania y Holanda. Una excelente posici\u00f3n en un ranking, elaborado por Uniel\u00e9ctrica con datos facilitados por INE y Electromaps, que sit\u00faa a las comunidades aut\u00f3nomas de Valencia y Murcia, respectivamente, en los puestos cuarto y d\u00e9cimo.<\/p>\n<p>Llegar al top 5 de pa\u00edses con m\u00e1s puntos de carga es un importante logro que, en gran parte, se debe a que las distintas iniciativas para impulsar la movilidad el\u00e9ctrica en Espa\u00f1a vienen acompa\u00f1adas de grandes inversiones por parte de las propias compa\u00f1\u00edas, as\u00ed como del respaldo institucional de las distintas Administraciones.<\/p>\n<p>Sin ir m\u00e1s lejos, Endesa present\u00f3 el pasado mes de noviembre un ambicioso plan para poner en marcha m\u00e1s de 108.000 puntos de carga para veh\u00edculos el\u00e9ctricos en los pr\u00f3ximos cinco a\u00f1os, con la particularidad de que la energ\u00eda suministrada en los lugares de acceso p\u00fablico ser\u00e1 100% certificada de origen renovable, lo que asegura que proceder\u00e1 de fuentes de generaci\u00f3n limpia.<\/p>\n<p>Una estrategia similar est\u00e1 llevando a cabo Iberdrola, que el pasado mes de septiembre dio a conocer su \u2018Smart Mobility\u2019, un plan para favorecer el desarrollo del veh\u00edculo el\u00e9ctrico en Espa\u00f1a que incluye el despliegue de una de las mayores redes de estaciones de recarga r\u00e1pida (50 kW), s\u00faper r\u00e1pida (150 kW) y ultra r\u00e1pida (350 kW).<\/p>\n<p>Que el futuro de la movilidad sostenible se encuentra en este sector es algo de lo que ya nadie duda. Tanto es as\u00ed que petroleras como Repsol est\u00e1n apostando decididamente para no quedarse fuera de este mercado, ali\u00e1ndose con firmas de referencia en los servicios de recarga y promoviendo programas de investigaci\u00f3n y desarrollo de tecnolog\u00edas relacionadas con el veh\u00edculo el\u00e9ctrico.<\/p>\n<p>Enlaces de inter\u00e9s<br \/>\nEl auge de la movilidad el\u00e9ctrica ha impulsado una serie de aplicaciones y servicios paralelos como los portales que ofrecen informaci\u00f3n exhaustiva sobre los veh\u00edculos, los concesionarios y los talleres especializados, as\u00ed como listados con los puntos de recarga m\u00e1s cercanos; algo muy \u00fatil a la hora de planificar un viaje. Entre estos portales se encuentra electromaps.com, donde se pueden consultar los puntos de recarga por provincias. Aqu\u00ed os dejamos los enlaces a los de Alicante y Murcia.<\/p>\n<p>Buen viaje.<\/p>\n<p>https:\/\/www.electromaps.com\/puntos-de-recarga\/espana\/alicante<\/p>\n<p>https:\/\/www.electromaps.com\/puntos-de-recarga\/espana\/murcia<\/p>\n","protected":false},"excerpt":{"rendered":"<p>Recorrer Espa\u00f1a de punta a punta en un veh\u00edculo el\u00e9ctrico ser\u00e1 posible dentro de unos meses gracias a que las principales compa\u00f1\u00edas energ\u00e9ticas \u2013Endesa, Iberdrola, EDP, etc.\u2013 est\u00e1n instalando, en un tiempo r\u00e9cord, numerosos puntos de recarga p\u00fablicos y privados por todo el pa\u00eds, muchos de ellos en la zona costera de Levante. Esto permitir\u00e1 [&hellip;]<\/p>\n","protected":false},"author":3,"featured_media":7995,"comment_status":"open","ping_status":"open","sticky":false,"template":"","format":"standard","meta":{"footnotes":""},"categories":[1],"tags":[],"class_list":["post-7992","post","type-post","status-publish","format-standard","has-post-thumbnail","hentry","category-sin-categoria"],"_links":{"self":[{"href":"https:\/\/urbincasa.es\/blog\/wp-json\/wp\/v2\/posts\/7992","targetHints":{"allow":["GET"]}}],"collection":[{"href":"https:\/\/urbincasa.es\/blog\/wp-json\/wp\/v2\/posts"}],"about":[{"href":"https:\/\/urbincasa.es\/blog\/wp-json\/wp\/v2\/types\/post"}],"author":[{"embeddable":true,"href":"https:\/\/urbincasa.es\/blog\/wp-json\/wp\/v2\/users\/3"}],"replies":[{"embeddable":true,"href":"https:\/\/urbincasa.es\/blog\/wp-json\/wp\/v2\/comments?post=7992"}],"version-history":[{"count":1,"href":"https:\/\/urbincasa.es\/blog\/wp-json\/wp\/v2\/posts\/7992\/revisions"}],"predecessor-version":[{"id":7996,"href":"https:\/\/urbincasa.es\/blog\/wp-json\/wp\/v2\/posts\/7992\/revisions\/7996"}],"wp:featuredmedia":[{"embeddable":true,"href":"https:\/\/urbincasa.es\/blog\/wp-json\/wp\/v2\/media\/7995"}],"wp:attachment":[{"href":"https:\/\/urbincasa.es\/blog\/wp-json\/wp\/v2\/media?parent=7992"}],"wp:term":[{"taxonomy":"category","embeddable":true,"href":"https:\/\/urbincasa.es\/blog\/wp-json\/wp\/v2\/categories?post=7992"},{"taxonomy":"post_tag","embeddable":true,"href":"https:\/\/urbincasa.es\/blog\/wp-json\/wp\/v2\/tags?post=7992"}],"curies":[{"name":"wp","href":"https:\/\/api.w.org\/{rel}","templated":true}]}}