{"id":8322,"date":"2019-11-14T13:24:13","date_gmt":"2019-11-14T11:24:13","guid":{"rendered":"https:\/\/urbincasa.es\/blog\/?p=8322"},"modified":"2020-02-03T10:42:45","modified_gmt":"2020-02-03T08:42:45","slug":"me-apasiona-mi-trabajo","status":"publish","type":"post","link":"https:\/\/urbincasa.es\/blog\/2019\/11\/me-apasiona-mi-trabajo\/","title":{"rendered":"\u00abLo que m\u00e1s me gusta de mi trabajo es el contacto con la gente\u00bb"},"content":{"rendered":"<div id=\"bsf_rt_marker\"><\/div><p><b>Salvador Pallar\u00e9s es, desde hace unos meses, el nuevo responsable del Canal Agencias de Urbincasa. Su car\u00e1cter proactivo, unido a una gran pasi\u00f3n por el mundo de las ventas y sector inmobiliario, fueron clave para que aceptara r\u00e1pidamente el reto de trabajar con nosotros. Trabajo, compromiso absoluto con sus clientes, y una sonrisa que conquista all\u00e1 donde va, constituyen su mejor carta de presentaci\u00f3n. Desde Urbincasa te invitamos a conocer un poquito m\u00e1s de nuestro compa\u00f1ero m\u00e1s viajero.<\/b><\/p>\n<p><b>\u00a0<\/b><\/p>\n<p><b>\u00bfQu\u00e9 te llev\u00f3 a trabajar en Urbincasa?<\/b><\/p>\n<p><span style=\"font-weight: 400;\">Me apasiona el mundo de las ventas. Desde siempre me ha gustado el comercio internacional, ver c\u00f3mo funciona la oferta y la demanda, c\u00f3mo se negocia entre pa\u00edses, tratar con personas&#8230; Para m\u00ed no se trata solo de vender un producto, sino que hay un intercambio cultural que a\u00f1ade a la transacci\u00f3n un halo muy especial. Si a esto sumamos que desde peque\u00f1o tambi\u00e9n me ha atra\u00eddo el mundo de la construcci\u00f3n y que me encantan los idiomas&#8230; no es raro que terminara trabajando en una promotora inmobiliaria, con un porcentaje mayoritario de clientes extranjeros.<\/span><\/p>\n<p>&nbsp;<\/p>\n<figure id=\"attachment_8328\" aria-describedby=\"caption-attachment-8328\" style=\"width: 800px\" class=\"wp-caption aligncenter\"><img loading=\"lazy\" decoding=\"async\" class=\"wp-image-8328 size-large\" src=\"https:\/\/urbincasa.es\/blog\/wp-content\/uploads\/2019\/11\/Feriapanor\u00e1mica-1024x229.jpg\" alt=\"\" width=\"800\" height=\"179\" srcset=\"https:\/\/urbincasa.es\/blog\/wp-content\/uploads\/2019\/11\/Feriapanor\u00e1mica.jpg 1024w, https:\/\/urbincasa.es\/blog\/wp-content\/uploads\/2019\/11\/Feriapanor\u00e1mica-300x67.jpg 300w, https:\/\/urbincasa.es\/blog\/wp-content\/uploads\/2019\/11\/Feriapanor\u00e1mica-768x172.jpg 768w\" sizes=\"auto, (max-width: 800px) 100vw, 800px\" \/><figcaption id=\"caption-attachment-8328\" class=\"wp-caption-text\"><em>La feria se celebr\u00f3 en la ciudad danesa Middlefart<\/em><\/figcaption><\/figure>\n<p>&nbsp;<\/p>\n<p><b>Cu\u00e9ntanos un poco m\u00e1s, \u00bfen qu\u00e9 consiste tu trabajo como Responsable del Canal Agencias?<\/b><\/p>\n<p><span style=\"font-weight: 400;\">Tal y como comentaba antes, un porcentaje muy alto de nuestras ventas procede de clientes extranjeros que, por lo general, vienen a nosotros a trav\u00e9s de agencias externas con las que colaboramos. Mi trabajo consiste, b\u00e1sicamente, en cuidar de esta red de agentes. Para ello, estoy en contacto permanente con ellos para saber qu\u00e9 necesitan y c\u00f3mo puedo ayudarles; les facilito el material publicitario y la informaci\u00f3n que precisan de las promociones; les acompa\u00f1o a ferias y eventos\u2026 Es muy importante que todos nuestros colaboradores conozcan muy bien nuestro productos, por ello intento mantener una comunicaci\u00f3n fluida y directa con todos ellos.<\/span><\/p>\n<figure id=\"attachment_8319\" aria-describedby=\"caption-attachment-8319\" style=\"width: 392px\" class=\"wp-caption alignleft\"><img loading=\"lazy\" decoding=\"async\" class=\"wp-image-8319\" src=\"https:\/\/urbincasa.es\/blog\/wp-content\/uploads\/2019\/11\/Feria2019_resized-1024x768.jpg\" alt=\"\" width=\"392\" height=\"294\" srcset=\"https:\/\/urbincasa.es\/blog\/wp-content\/uploads\/2019\/11\/Feria2019_resized-1024x768.jpg 1024w, https:\/\/urbincasa.es\/blog\/wp-content\/uploads\/2019\/11\/Feria2019_resized-300x225.jpg 300w, https:\/\/urbincasa.es\/blog\/wp-content\/uploads\/2019\/11\/Feria2019_resized-768x576.jpg 768w, https:\/\/urbincasa.es\/blog\/wp-content\/uploads\/2019\/11\/Feria2019_resized.jpg 1440w\" sizes=\"auto, (max-width: 392px) 100vw, 392px\" \/><figcaption id=\"caption-attachment-8319\" class=\"wp-caption-text\"><em>En Urbincasa nos gusta cuidar el dise\u00f1o de nuestro material promocional, que ponemos a disposici\u00f3n de nuestros agentes siempre que lo necesiten<\/em>.<\/figcaption><\/figure>\n<blockquote><p>&nbsp;<\/p><\/blockquote>\n<p><b>Ser\u00e1 por eso<\/b> <b>que casi nunca paras por la oficina. \u00bfQu\u00e9 es lo que m\u00e1s te gusta de tu trabajo?<\/b><\/p>\n<p><span style=\"font-weight: 400;\">Sobre todo el dinamismo que implica y el contacto con la gente. Soy una persona muy inquieta y en este puesto de trabajo no se para ni un segundo, as\u00ed que estoy encantado. Desarrollo actividades muy diversas, desde el acompa\u00f1amiento que comentaba antes con los agentes (a veces puedo pasarme el d\u00eda pegado al tel\u00e9fono\u00a0 y al ordenador), hasta hacer estudios de mercado, visitar las promociones o viajar a ferias&#8230; \u00a1Me apasiona mi trabajo!<\/span><\/p>\n<p><b>Precisamente, hace unas semanas estuviste en una de estas ferias internacionales. \u00bfQu\u00e9 tal fue la experiencia?<\/b><\/p>\n<p><span style=\"font-weight: 400;\">S\u00ed, estuve en Middelfart (Dinamarca) en una feria que organizaba una de nuestras agencias colaboradoras (Medland). La verdad es que fue una experiencia muy enriquecedora e interesante, no solo por la oportunidad de conocer un poco la ciudad y la cultura, sino tambi\u00e9n por ver el gran inter\u00e9s del p\u00fablico dan\u00e9s por nuestras promociones. Se quedaron fascinados con los los entornos naturales y las zonas comunes de nuestros residenciales, y si a esto a\u00f1adimos el clima, la luz del Mediterr\u00e1neo, las actividades n\u00e1uticas que pueden hacer aqu\u00ed, la comida\u2026 no es de extra\u00f1ar que muchos quieran comprar una casa en esta zona de Espa\u00f1a. Tras ver c\u00f3mo es la vida en esta ciudad, rodeada de naturaleza, y c\u00f3mo la gente disfruta practicando deporte al aire libre, nuestro producto se adapta perfectamente a su estilo de vida.<\/span><\/p>\n<p><b>Desde tu experiencia, \u00bfqu\u00e9 resumen podr\u00edas hacernos de la situaci\u00f3n del mercado?\u00a0<\/b><\/p>\n<p><span style=\"font-weight: 400;\">El ritmo de ventas es estable pero la realidad es que los mercados cambian, y lo hacen de una manera r\u00e1pida y, a veces, imprevisible. Si ahora el Brexit est\u00e1 paralizando la compra de viviendas en Espa\u00f1a por parte de los ciudadanos brit\u00e1nicos, ma\u00f1ana podr\u00eda darse, por ejemplo, una carga fiscal que afecte al mercado escandinavo y frene la compra casas. Debemos estar siempre ojo avizor.<\/span><\/p>\n<p>&nbsp;<\/p>\n<figure id=\"attachment_8320\" aria-describedby=\"caption-attachment-8320\" style=\"width: 523px\" class=\"wp-caption alignright\"><img loading=\"lazy\" decoding=\"async\" class=\"wp-image-8320\" src=\"https:\/\/urbincasa.es\/blog\/wp-content\/uploads\/2019\/11\/Feria-Dinamarca-2_resized-1024x768.jpg\" alt=\"\" width=\"523\" height=\"392\" srcset=\"https:\/\/urbincasa.es\/blog\/wp-content\/uploads\/2019\/11\/Feria-Dinamarca-2_resized.jpg 1024w, https:\/\/urbincasa.es\/blog\/wp-content\/uploads\/2019\/11\/Feria-Dinamarca-2_resized-300x225.jpg 300w, https:\/\/urbincasa.es\/blog\/wp-content\/uploads\/2019\/11\/Feria-Dinamarca-2_resized-768x576.jpg 768w\" sizes=\"auto, (max-width: 523px) 100vw, 523px\" \/><figcaption id=\"caption-attachment-8320\" class=\"wp-caption-text\">Nuestras promociones en la Costa Blanca y Costa C\u00e1lida tuvieron una excelente acogida entre el p\u00fablico dan\u00e9s.<\/figcaption><\/figure>\n<p><b>Y ya pensando en nuevos colaboradores, \u00bfdinos tres motivos por los que merece la pena trabajar con Urbincasa?<\/b><\/p>\n<p><span style=\"font-weight: 400;\">El primero por la trayectoria de Urbincasa. Este a\u00f1o hemos cumplido 52 a\u00f1os, un s\u00edntoma inequ\u00edvoco de la estabilidad y solidez de la promotora. En segundo lugar, porque mimamos cada promoci\u00f3n. Desde la elecci\u00f3n del suelo, el desarrollo del proyecto, el dise\u00f1o del residencial\u2026 Estudiamos a fondo c\u00f3mo ser\u00e1 la promoci\u00f3n. Todo para tener un producto premium con las mejores calidades del mercado y un lugar privilegiado.\u00a0 Y el tercero, por el cari\u00f1o y la pasi\u00f3n con las que hacemos las cosas. El Departamento T\u00e9cnico, Postventa, Administraci\u00f3n, Comercial, Marketing\u2026 todos los compa\u00f1eros se vuelcan para que nuestros clientes queden satisfechos.<\/span><\/p>\n<p>&nbsp;<\/p>\n<h3><strong>Si eres agente inmobiliario y deseas colaborar con nosotros, puedes ponerte en contacto con\u00a0<\/strong><strong>Salvador en el tel\u00e9fono: +34 672 332 645 &#8211; email: agentes@urbincasa.es<\/strong><\/h3>\n","protected":false},"excerpt":{"rendered":"<p>Salvador Pallar\u00e9s es, desde hace unos meses, el nuevo responsable del Canal Agencias de Urbincasa. Su car\u00e1cter proactivo, unido a una gran pasi\u00f3n por el mundo de las ventas y sector inmobiliario, fueron clave para que aceptara r\u00e1pidamente el reto de trabajar con nosotros. Trabajo, compromiso absoluto con sus clientes, y una sonrisa que conquista [&hellip;]<\/p>\n","protected":false},"author":3,"featured_media":8336,"comment_status":"open","ping_status":"open","sticky":false,"template":"","format":"standard","meta":{"footnotes":""},"categories":[832,834,833,18,836],"tags":[80,835],"class_list":["post-8322","post","type-post","status-publish","format-standard","has-post-thumbnail","hentry","category-ferias","category-internacional","category-promocion-inmobiliaria","category-urbinequipo","category-vivir-en-espana","tag-internacional","tag-promocion-inmobiliaria"],"_links":{"self":[{"href":"https:\/\/urbincasa.es\/blog\/wp-json\/wp\/v2\/posts\/8322","targetHints":{"allow":["GET"]}}],"collection":[{"href":"https:\/\/urbincasa.es\/blog\/wp-json\/wp\/v2\/posts"}],"about":[{"href":"https:\/\/urbincasa.es\/blog\/wp-json\/wp\/v2\/types\/post"}],"author":[{"embeddable":true,"href":"https:\/\/urbincasa.es\/blog\/wp-json\/wp\/v2\/users\/3"}],"replies":[{"embeddable":true,"href":"https:\/\/urbincasa.es\/blog\/wp-json\/wp\/v2\/comments?post=8322"}],"version-history":[{"count":13,"href":"https:\/\/urbincasa.es\/blog\/wp-json\/wp\/v2\/posts\/8322\/revisions"}],"predecessor-version":[{"id":8337,"href":"https:\/\/urbincasa.es\/blog\/wp-json\/wp\/v2\/posts\/8322\/revisions\/8337"}],"wp:featuredmedia":[{"embeddable":true,"href":"https:\/\/urbincasa.es\/blog\/wp-json\/wp\/v2\/media\/8336"}],"wp:attachment":[{"href":"https:\/\/urbincasa.es\/blog\/wp-json\/wp\/v2\/media?parent=8322"}],"wp:term":[{"taxonomy":"category","embeddable":true,"href":"https:\/\/urbincasa.es\/blog\/wp-json\/wp\/v2\/categories?post=8322"},{"taxonomy":"post_tag","embeddable":true,"href":"https:\/\/urbincasa.es\/blog\/wp-json\/wp\/v2\/tags?post=8322"}],"curies":[{"name":"wp","href":"https:\/\/api.w.org\/{rel}","templated":true}]}}