{"id":8399,"date":"2020-02-10T17:45:11","date_gmt":"2020-02-10T15:45:11","guid":{"rendered":"https:\/\/urbincasa.es\/blog\/?p=8399"},"modified":"2020-02-13T12:48:50","modified_gmt":"2020-02-13T10:48:50","slug":"de-ruta-por-la-montana-magica-de-finestrat","status":"publish","type":"post","link":"https:\/\/urbincasa.es\/blog\/2020\/02\/de-ruta-por-la-montana-magica-de-finestrat\/","title":{"rendered":"De ruta por la monta\u00f1a m\u00e1gica de Finestrat"},"content":{"rendered":"<div id=\"bsf_rt_marker\"><\/div><blockquote>\n<h3><span style=\"font-weight: 400;\"><strong>\u00a1Hola! Soy Jos\u00e9 Vicente, gestor de promoci\u00f3n en Urbincasa. Actualmente<\/strong> <\/span>estoy trabajando en la oficina de ventas de Finestrat-Benidorm, en nuestro <a href=\"https:\/\/seascaperesortbenidorm.com\/\"><b>Sea<\/b><b>scape Resort<\/b><\/a>. Desde aqu\u00ed tengo el placer de disfrutar de un entorno natural alucinante que me gustar\u00eda compartir contigo. \u00bfTe apetece conocerlo?<\/h3>\n<p>&nbsp;<\/p>\n<h3 style=\"text-align: left;\"><img loading=\"lazy\" decoding=\"async\" class=\"wp-image-8397 alignright\" src=\"https:\/\/urbincasa.es\/blog\/wp-content\/uploads\/2020\/02\/Sierra-Cortina-Finestrat.png\" alt=\"\" width=\"452\" height=\"316\" srcset=\"https:\/\/urbincasa.es\/blog\/wp-content\/uploads\/2020\/02\/Sierra-Cortina-Finestrat.png 818w, https:\/\/urbincasa.es\/blog\/wp-content\/uploads\/2020\/02\/Sierra-Cortina-Finestrat-300x210.png 300w, https:\/\/urbincasa.es\/blog\/wp-content\/uploads\/2020\/02\/Sierra-Cortina-Finestrat-768x537.png 768w\" sizes=\"auto, (max-width: 452px) 100vw, 452px\" \/><\/h3>\n<\/blockquote>\n<p><span style=\"font-weight: 400;\">\u00a0Cada ma\u00f1ana, cuando voy en coche al trabajo, tras pasar por el centro comercial La Marina (Finestrat-Benidorm), se dibujan en el horizonte dos bellas monta\u00f1as que me acompa\u00f1an durante todo el trayecto: <\/span><b>Sierra Cortina<\/b><span style=\"font-weight: 400;\"> (522 metros de altura) y el <\/span><b>Puig Campana<\/b><span style=\"font-weight: 400;\"> (1.406 m), siendo \u00e9sta la segunda cima m\u00e1s alta de la provincia de Alicante.\u00a0<\/span><span style=\"font-weight: 400;\">\u00a0<\/span><\/p>\n<p><span style=\"font-weight: 400;\">En mi mente se ha quedado grabada para siempre la silueta de Sierra Cortina dividida en dos mitades por un sendero vertical que asciende hasta la cima. Creo que desde siempre me he sentido atra\u00eddo por esta imagen (mi compa\u00f1era de trabajo Roma puede dar buena fe de ello), as\u00ed que pronto comenc\u00e9 a alimentar mi imaginaci\u00f3n con un sinf\u00edn de preguntas: <\/span><\/p>\n<blockquote>\n<h3><em><span style=\"font-weight: 400;\">\u00bfAd\u00f3nde llevar\u00eda aquel empinado recorrido? \u00bfQu\u00e9 podr\u00eda ver desde all\u00ed arriba? \u00bfQu\u00e9 secretos me aguardar\u00edan en la cima? He de reconocer que la curiosidad de explorar la monta\u00f1a dominaba cada vez m\u00e1s mis pensamientos. \u00a1Estaba decidido a subir a la cima!<\/span><\/em><\/h3>\n<\/blockquote>\n<p><b>Rumbo a la aventura<\/b><\/p>\n<p><span style=\"font-weight: 400;\">\u00a1Dicho y hecho! Un d\u00eda que ten\u00eda descanso en el trabajo me levant\u00e9 a las cinco y media de la ma\u00f1ana, desayun\u00e9, me puse ropa deportiva y desde El Campello, pueblo del que soy natal y en el que resido, puse rumbo hacia el comienzo del ascenso a Sierra Cortina por la carretera que sube a Finestrat (CV-767 Km 1-2).<\/span><\/p>\n<p><span style=\"font-weight: 400;\">\u00a0A las siete, ya estaba en la <a href=\"https:\/\/goo.gl\/maps\/x3esjHnE3i42\">base del ascenso<\/a> (situado muy cerca del piso piloto de Seascape Resort), listo para empezar la ruta por aquel sendero tan pronunciado. No hab\u00eda amanecido todav\u00eda cuando comenc\u00e9 la ruta. No s\u00e9 c\u00f3mo explicarlo pero fue como si mi cerebro me dijera autom\u00e1ticamente qu\u00e9 ten\u00eda que hacer. Desde el primer momento sent\u00ed una conexi\u00f3n con la monta\u00f1a, pues parec\u00eda guiarme en cada paso que daba.<strong> \u201c<\/strong><\/span><i><span style=\"font-weight: 400;\"><strong>G\u00edrate y disfruta de las vistas que tengo para ti\u201d<\/strong><\/span><\/i><span style=\"font-weight: 400;\"><strong> \u2013 me susurraba aquella monta\u00f1a m\u00e1gica.<\/strong> Por supuesto, aprovech\u00e9 cada parada para disfrutar del momento y tomar algunas fotograf\u00edas de recuerdo.<\/span><\/p>\n<p><img loading=\"lazy\" decoding=\"async\" class=\"wp-image-8395 alignleft\" src=\"https:\/\/urbincasa.es\/blog\/wp-content\/uploads\/2020\/02\/vistas-Finestrat-Benidorm-1024x722.png\" alt=\"\" width=\"467\" height=\"329\" srcset=\"https:\/\/urbincasa.es\/blog\/wp-content\/uploads\/2020\/02\/vistas-Finestrat-Benidorm-1024x722.png 1024w, https:\/\/urbincasa.es\/blog\/wp-content\/uploads\/2020\/02\/vistas-Finestrat-Benidorm-300x212.png 300w, https:\/\/urbincasa.es\/blog\/wp-content\/uploads\/2020\/02\/vistas-Finestrat-Benidorm-768x542.png 768w, https:\/\/urbincasa.es\/blog\/wp-content\/uploads\/2020\/02\/vistas-Finestrat-Benidorm.png 1048w\" sizes=\"auto, (max-width: 467px) 100vw, 467px\" \/><\/p>\n<p><span style=\"font-weight: 400;\">\u00a0<\/span><b>Las vistas, el mejor regalo<\/b><\/p>\n<p><span style=\"font-weight: 400;\">Ni qu\u00e9 decir que las vistas desde aqu\u00ed son espectaculares. <strong>Contemplar el <\/strong><\/span><strong><i>skyline<\/i><\/strong><span style=\"font-weight: 400;\"><strong> de Benidorm y el mar bajo un cielo p\u00farpura recibiendo los primeros rayos de sol de la ma\u00f1ana es un regalo imposible de olvidar<\/strong>. Sin duda, una de las instant\u00e1neas m\u00e1s bellas que he visto jam\u00e1s y que recomiendo a todo el mundo.<\/span><\/p>\n<p><span style=\"font-weight: 400;\">\u00a0Segu\u00eda ascendiendo poco a poco mientras el amanecer continuaba su ritmo, acariciando con su luz la monta\u00f1a. En un tramo dominado por un mont\u00f3n de piedras calizas intent\u00e9 mantener el equilibrio para no resbalar. Mis piernas comenzaron a notar la verticalidad del sendero. Para que la caminata no se hagan dura, nada mejor que tom\u00e1rselo con calma, parar a descansar de vez en cuando y disfrutar de la naturaleza y la fauna. Puede que incluso tengas la suerte de ver alguna especie animal en su rutina diaria (yo me tropec\u00e9 con unos conejos en pleno fest\u00edn), y es que en este paraje natural habitan, entre otros animales, zorros, b\u00fahos, \u00e1guilas perdiceras\u2026<\/span><\/p>\n<p><span style=\"font-weight: 400;\">\u00a0<\/span><b>Conquistando la cima<\/b><\/p>\n<p><span style=\"font-weight: 400;\">Tras varias paradas para disfrutar de las vistas y tomar fotos, por fin llegu\u00e9 a la cima. Me dio la bienvenida una cruz adornada con banderas tibetanas y algunos mantras; y al fondo, la bah\u00eda de Benidorm, Altea y Villajoyosa ba\u00f1adas por un oc\u00e9ano infinito. \u00a1Qu\u00e9 maravilla de vistas! Al darme la vuelta, me encontr\u00e9 de frente con el imponente pico del Puig Campana y a sus pies, el pueblecito de Finestrat rodeado de bosques.<\/span><\/p>\n<p><span style=\"font-weight: 400;\">\u00a0Desde aquella posici\u00f3n privilegiada me sent\u00ed como un gigante que contempla sus dominios; all\u00ed estaba un \u00abdiminuto\u00bb parque de atracciones Terra Natura, que desde la cima parec\u00eda casi de juguete. Estuve un buen rato sentado en el suelo, contemplando las vistas y disfrutando de la naturaleza y del silencio, interrumpido \u00fanicamente por el soplo moment\u00e1neo de la brisa y el sonido de alg\u00fan pajarillo. Respirar aquel aire puro a mar y monta\u00f1a me recarg\u00f3 las pilas.<\/span><\/p>\n<p><img loading=\"lazy\" decoding=\"async\" class=\"wp-image-8398 alignright\" src=\"https:\/\/urbincasa.es\/blog\/wp-content\/uploads\/2020\/02\/Cima-Sierra-Cortina.png\" alt=\"\" width=\"392\" height=\"325\" srcset=\"https:\/\/urbincasa.es\/blog\/wp-content\/uploads\/2020\/02\/Cima-Sierra-Cortina.png 673w, https:\/\/urbincasa.es\/blog\/wp-content\/uploads\/2020\/02\/Cima-Sierra-Cortina-300x249.png 300w\" sizes=\"auto, (max-width: 392px) 100vw, 392px\" \/><\/p>\n<p><span style=\"font-weight: 400;\">\u00a0En la cima hay un buen trecho para explorar. Inspeccionando la zona me tropec\u00e9 con algunas plantas que parec\u00edan haber sido arrancadas recientemente. Un manojo de ra\u00edces mordisqueadas y la tierra escarbada me hizo pensar que tal vez habr\u00eda pasado por aqu\u00ed (un poco antes que yo) un grupo de jabal\u00edes en busca de su desayuno.<\/span><\/p>\n<p><span style=\"font-weight: 400;\">\u00a0Finalmente, sobre las 13.30, di por concluida mi cita de aquel d\u00eda con Sierra Cortina y comenc\u00e9 a descender por el sendero. A pesar del tramo de rocas resbaladizas que tocaba sortear de nuevo a la bajada, creo que se trata de un recorrido asequible y sin grandes desniveles. Adem\u00e1s, la recompensa que nos aguarda en la cima es incre\u00edble: no hay vistas m\u00e1s espectaculares de la Sierra de Bernia, Serra Gelada, el Puig Campana y el <\/span><i><span style=\"font-weight: 400;\">skyline<\/span><\/i><span style=\"font-weight: 400;\"> de Benidorm. <strong>Una estrecha relaci\u00f3n entre el mar y la monta\u00f1a que convierten a este enclave del Mediterr\u00e1neo en un lugar privilegiado para vivir.<\/strong>\u00a0<\/span><span style=\"font-weight: 400;\">\u00a0La pr\u00f3xima ruta ser\u00e1 al Puig Campana. \u00bfQui\u00e9n se anima?<\/span><\/p>\n<p><span style=\"font-weight: 400;\">\u00a0<\/span><\/p>\n<p><span style=\"font-weight: 400;\">\u00a0<\/span><\/p>\n<p>&nbsp;<\/p>\n","protected":false},"excerpt":{"rendered":"<p>\u00a1Hola! Soy Jos\u00e9 Vicente, gestor de promoci\u00f3n en Urbincasa. Actualmente estoy trabajando en la oficina de ventas de Finestrat-Benidorm, en nuestro Seascape Resort. Desde aqu\u00ed tengo el placer de disfrutar de un entorno natural alucinante que me gustar\u00eda compartir contigo. \u00bfTe apetece conocerlo? &nbsp; \u00a0Cada ma\u00f1ana, cuando voy en coche al trabajo, tras pasar por [&hellip;]<\/p>\n","protected":false},"author":3,"featured_media":8394,"comment_status":"open","ping_status":"open","sticky":false,"template":"","format":"standard","meta":{"footnotes":""},"categories":[801,802,849,18],"tags":[],"class_list":["post-8399","post","type-post","status-publish","format-standard","has-post-thumbnail","hentry","category-benidorm","category-costa-blanca","category-finestrat","category-urbinequipo"],"_links":{"self":[{"href":"https:\/\/urbincasa.es\/blog\/wp-json\/wp\/v2\/posts\/8399","targetHints":{"allow":["GET"]}}],"collection":[{"href":"https:\/\/urbincasa.es\/blog\/wp-json\/wp\/v2\/posts"}],"about":[{"href":"https:\/\/urbincasa.es\/blog\/wp-json\/wp\/v2\/types\/post"}],"author":[{"embeddable":true,"href":"https:\/\/urbincasa.es\/blog\/wp-json\/wp\/v2\/users\/3"}],"replies":[{"embeddable":true,"href":"https:\/\/urbincasa.es\/blog\/wp-json\/wp\/v2\/comments?post=8399"}],"version-history":[{"count":17,"href":"https:\/\/urbincasa.es\/blog\/wp-json\/wp\/v2\/posts\/8399\/revisions"}],"predecessor-version":[{"id":8416,"href":"https:\/\/urbincasa.es\/blog\/wp-json\/wp\/v2\/posts\/8399\/revisions\/8416"}],"wp:featuredmedia":[{"embeddable":true,"href":"https:\/\/urbincasa.es\/blog\/wp-json\/wp\/v2\/media\/8394"}],"wp:attachment":[{"href":"https:\/\/urbincasa.es\/blog\/wp-json\/wp\/v2\/media?parent=8399"}],"wp:term":[{"taxonomy":"category","embeddable":true,"href":"https:\/\/urbincasa.es\/blog\/wp-json\/wp\/v2\/categories?post=8399"},{"taxonomy":"post_tag","embeddable":true,"href":"https:\/\/urbincasa.es\/blog\/wp-json\/wp\/v2\/tags?post=8399"}],"curies":[{"name":"wp","href":"https:\/\/api.w.org\/{rel}","templated":true}]}}